{"id":154039,"date":"2025-12-16T13:49:10","date_gmt":"2025-12-16T13:49:10","guid":{"rendered":"https:\/\/www.europesays.com\/pl\/154039\/"},"modified":"2025-12-16T13:49:10","modified_gmt":"2025-12-16T13:49:10","slug":"tarnobrzeg-14-latek-z-maczeta-w-szkole-akcja-sluzb","status":"publish","type":"post","link":"https:\/\/www.europesays.com\/pl\/154039\/","title":{"rendered":"Tarnobrzeg. 14-latek z maczet\u0105 w szkole. Akcja s\u0142u\u017cb"},"content":{"rendered":"<p>W skr\u00f3cie<\/p>\n<ul class=\"typography ids-typeset-body ids-typeset-body--preset-large list ids-list ids-list--unordered ids-list--size-large \" datatype=\"disc\">\n<li class=\"ids-list-item\">\n<p>14-letni ucze\u0144 wtargn\u0105\u0142 do szko\u0142y w Tarnobrzegu z maczet\u0105, powoduj\u0105c niebezpieczn\u0105 sytuacj\u0119.<\/p>\n<\/li>\n<li class=\"ids-list-item\">\n<p>Dzi\u0119ki szybkiej reakcji pracownika szko\u0142y nikt nie odni\u00f3s\u0142 obra\u017ce\u0144, a sprawca zosta\u0142 szybko zatrzymany przez policj\u0119.<\/p>\n<\/li>\n<li class=\"ids-list-item\">\n<p>Policja bada okoliczno\u015bci incydentu, a nastolatkiem zajmie si\u0119 s\u0105d rodzinny.<\/p>\n<\/li>\n<li class=\"ids-list-item\"><\/li>\n<\/ul>\n<p class=\"typography ids-typeset-body ids-typeset-body--preset-large link paragraph ids-paragraph ids-paragraph--default\">Do gro\u017anego incydentu z udzia\u0142em ucznia dosz\u0142o w poniedzia\u0142ek rano w Szkole Podstawowej nr 7 w Tarnobrzegu (woj. podkarpackie).<\/p>\n<p class=\"typography ids-typeset-body ids-typeset-body--preset-large link paragraph ids-paragraph ids-paragraph--default\">Jak relacjonowa\u0142a Interii oficer prasowa tarnobrzeskiej policji podinspektor Beata J\u0119drzejewska-Wrona, &#8222;14-latek oko\u0142o godziny 8:30 wszed\u0142 do budynku, trzymaj\u0105c w r\u0119ku maczet\u0119&#8221;.<\/p>\n<p>Tarnobrzeg. Ucze\u0144 wtargn\u0105\u0142 z maczet\u0105 do szko\u0142y<\/p>\n<p class=\"typography ids-typeset-body ids-typeset-body--preset-large link paragraph ids-paragraph ids-paragraph--default\">Widz\u0105c zagro\u017cenie,\u00a059-letni pracownik plac\u00f3wki natychmiast podj\u0105\u0142 interwencj\u0119, pr\u00f3buj\u0105c powstrzyma\u0107 \u00f3smoklasist\u0119.<\/p>\n<p class=\"typography ids-typeset-body ids-typeset-body--preset-large link paragraph ids-paragraph ids-paragraph--default\">W trakcie zdarzenia nastolatek spanikowa\u0142, uderzy\u0142 m\u0119\u017cczyzn\u0119 plastikow\u0105 r\u0119koje\u015bci\u0105 maczety, po czym uciek\u0142 z budynku.<\/p>\n<p class=\"typography ids-typeset-body ids-typeset-body--preset-large link paragraph ids-paragraph ids-paragraph--default\">Na miejsce wezwano policj\u0119\u00a0oraz zespo\u0142y ratownictwa medycznego. Gdy radiowozy dotar\u0142y pod szko\u0142\u0119, 14-latek znajdowa\u0142 si\u0119 na pobliskiej drodze. Nie pr\u00f3bowa\u0142 ucieka\u0107 i zosta\u0142 szybko zatrzymany przez patrol.<\/p>\n<p class=\"typography ids-typeset-body ids-typeset-body--preset-large link paragraph ids-paragraph ids-paragraph--default\">&#8211; Ch\u0142opiec zosta\u0142 zatrzymany. Nikt nie odni\u00f3s\u0142 obra\u017ce\u0144 &#8211; poinformowa\u0142a podinsp. Beata J\u0119drzejewska-Wrona.<\/p>\n<p>14-latek zatrzymany. Policja bada okoliczno\u015bci zdarzenia<\/p>\n<p class=\"typography ids-typeset-body ids-typeset-body--preset-large link paragraph ids-paragraph ids-paragraph--default\">Policjanci zabezpieczyli maczet\u0119, przeprowadzili ogl\u0119dziny miejsca zdarzenia\u00a0oraz jego uczestnik\u00f3w, a tak\u017ce przes\u0142uchali \u015bwiadk\u00f3w. Zabezpieczono r\u00f3wnie\u017c zapis szkolnego monitoringu.<\/p>\n<p class=\"typography ids-typeset-body ids-typeset-body--preset-large link paragraph ids-paragraph ids-paragraph--default\">Nastolatek zosta\u0142 przewieziony do Policyjnej Izby Dziecka w <a href=\"https:\/\/wydarzenia.interia.pl\/tematy-rzeszow,gsbi,4123\" rel=\"nofollow noopener\" target=\"_blank\">Rzeszowie<\/a>. Jego przes\u0142uchanie zaplanowano na wtorek w s\u0105dzie rodzinnym w Tarnobrzegu, w obecno\u015bci rodzic\u00f3w.<\/p>\n<p class=\"typography ids-typeset-body ids-typeset-body--preset-large link paragraph ids-paragraph ids-paragraph--default\">Policja ustala,\u00a0dlaczego ch\u0142opiec przyni\u00f3s\u0142 do szko\u0142y niebezpieczny przedmiot. Czyn zosta\u0142 zakwalifikowany jako usi\u0142owanie spowodowania ci\u0119\u017ckiego uszczerbku na zdrowiu.<\/p>\n<p>Spotkanie Nawrockiego i Ze\u0142enskiego w Warszawie. Siwiec w &#8221;Go\u015bciu Wydarze\u0144&#8221;: Marsza\u0142ek Sejmu r\u00f3wnie\u017c b\u0119dzie go\u015bci\u0142 Ze\u0142enskiegoPolsat NewsPolsat News<\/p>\n<p><a class=\"ids-undecorated-link source ids-page-info--source__link\" href=\"https:\/\/www.interia.pl\" rel=\"nofollow noopener\" target=\"_blank\"><img decoding=\"async\" class=\"ids-image-holder__img\" loading=\"lazy\" alt=\"\" title=\"\" height=\"24px\" src=\"https:\/\/www.europesays.com\/pl\/wp-content\/uploads\/2025\/12\/1765870332_919_0009A60QQ5I2TYF7-C202-F4.webp.webp\"\/><\/a><\/p>\n<p>Masz sugestie, uwagi albo widzisz b\u0142\u0105d? Napisz do nas<\/p>\n","protected":false},"excerpt":{"rendered":"W skr\u00f3cie 14-letni ucze\u0144 wtargn\u0105\u0142 do szko\u0142y w Tarnobrzegu z maczet\u0105, powoduj\u0105c niebezpieczn\u0105 sytuacj\u0119. Dzi\u0119ki szybkiej reakcji pracownika&hellip;\n","protected":false},"author":2,"featured_media":154040,"comment_status":"","ping_status":"","sticky":false,"template":"","format":"standard","meta":{"footnotes":""},"categories":[12],"tags":[32,33,36,37,27,34,35,28,31,25,42,38,40,39,41,29,30,26],"class_list":{"0":"post-154039","1":"post","2":"type-post","3":"status-publish","4":"format-standard","5":"has-post-thumbnail","7":"category-polska","8":"tag-breaking-news","9":"tag-breakingnews","10":"tag-featured-news","11":"tag-featurednews","12":"tag-headlines","13":"tag-latest-news","14":"tag-latestnews","15":"tag-naglowki","16":"tag-najwazniejsze-artykuly","17":"tag-news","18":"tag-pl","19":"tag-poland","20":"tag-polish","21":"tag-polska","22":"tag-polski","23":"tag-top-stories","24":"tag-topstories","25":"tag-wiadomosci"},"share_on_mastodon":{"url":"https:\/\/pubeurope.com\/@pl\/115729568179446847","error":""},"_links":{"self":[{"href":"https:\/\/www.europesays.com\/pl\/wp-json\/wp\/v2\/posts\/154039","targetHints":{"allow":["GET"]}}],"collection":[{"href":"https:\/\/www.europesays.com\/pl\/wp-json\/wp\/v2\/posts"}],"about":[{"href":"https:\/\/www.europesays.com\/pl\/wp-json\/wp\/v2\/types\/post"}],"author":[{"embeddable":true,"href":"https:\/\/www.europesays.com\/pl\/wp-json\/wp\/v2\/users\/2"}],"replies":[{"embeddable":true,"href":"https:\/\/www.europesays.com\/pl\/wp-json\/wp\/v2\/comments?post=154039"}],"version-history":[{"count":0,"href":"https:\/\/www.europesays.com\/pl\/wp-json\/wp\/v2\/posts\/154039\/revisions"}],"wp:featuredmedia":[{"embeddable":true,"href":"https:\/\/www.europesays.com\/pl\/wp-json\/wp\/v2\/media\/154040"}],"wp:attachment":[{"href":"https:\/\/www.europesays.com\/pl\/wp-json\/wp\/v2\/media?parent=154039"}],"wp:term":[{"taxonomy":"category","embeddable":true,"href":"https:\/\/www.europesays.com\/pl\/wp-json\/wp\/v2\/categories?post=154039"},{"taxonomy":"post_tag","embeddable":true,"href":"https:\/\/www.europesays.com\/pl\/wp-json\/wp\/v2\/tags?post=154039"}],"curies":[{"name":"wp","href":"https:\/\/api.w.org\/{rel}","templated":true}]}}