{"id":154055,"date":"2025-12-16T13:57:12","date_gmt":"2025-12-16T13:57:12","guid":{"rendered":"https:\/\/www.europesays.com\/pl\/154055\/"},"modified":"2025-12-16T13:57:12","modified_gmt":"2025-12-16T13:57:12","slug":"rozmowy-o-ukrainie-w-berlinie-jest-reakcja-kremla-onet","status":"publish","type":"post","link":"https:\/\/www.europesays.com\/pl\/154055\/","title":{"rendered":"Rozmowy o Ukrainie w Berlinie. Jest reakcja Kremla &#8211; Onet"},"content":{"rendered":"<ol>\n<li><a href=\"https:\/\/news.google.com\/rss\/articles\/CBMisgFBVV95cUxPVjBlcUlqak1IVHpoSGpIR2NkRnY1NWlBS0NhcGdHSy1VSFFBeTh1ZkwzSWZRQ3FYNVZnOVRRMnlaN2F2MzJzNzk3d1pRamVzNnVWdG5QSHFtc3NHbWwtaE9MTlFMbHdjZTdlRG9OSk5GS3JEU0Q2WkVZYnFrY0Y4Uzhjd0lwNU9OSVBqeFRnTm13X2YyU3RkNmZobXA0N2NjcWlEWDdDMURIX09SRHd5NDFB?oc=5\" target=\"_blank\" rel=\"nofollow noopener\">Rozmowy o Ukrainie w Berlinie. Jest reakcja Kremla<\/a>&nbsp;&nbsp;Onet<\/li>\n<li><a href=\"https:\/\/news.google.com\/rss\/articles\/CBMixgFBVV95cUxNZDJ2RVV1N1VKelZHZUpJOUVpOVBNVzFoNndBTzYyeVpHU0ZLQ2MwQXJlc3lTTUhKcWR2ZHM3R29BY2NqMnN5S21YOGgya050ODJLRDhSQjRuRU1UV1hZWHJ0bmpQSW04a0RpNmRSTFl1ZmJtMjdxZnozVS0zUlg1M1NpaU1UYUtkWXdPQkl3QmdSajdiaF9xSm5TeVo3bE40VGxQUWFBYUl1S1p2dkJNcC1Dc1hjTXBNdUFCYktaUWk5bVdWOUE?oc=5\" target=\"_blank\" rel=\"nofollow noopener\">Rosja jest z\u0142a z powodu negocjacji. \u0141awrow o odrodzeniu &#8222;nazizmu&#8221; w Europie<\/a>&nbsp;&nbsp;RMF24<\/li>\n<li><a href=\"https:\/\/news.google.com\/rss\/articles\/CBMitwFBVV95cUxPYW5oNWw4Z2dLQk40Qm5XbV80dlQ1SmJvbktOODZyNWJ0c0JNa2hwVHBFczZIU2tBZXZ2amRXWnAwTTNVREtDVkdyMlNqZ2FoVXB5bVZwQVN4WjNoR1o1MDh4b3ZGUkpiaEpnMjBOOEZMMnJaMVIyU2JwZzhHYlp0NElfVEIyMXkzNWR1TWNFbmY4ZEJXSjQyNG5wRi1TS3I4OGhTdFNLQnJrNmNhZ3BBVFdmV3E4Zkk?oc=5\" target=\"_blank\" rel=\"nofollow noopener\">Kreml reaguje na gwarancje bezpiecze\u0144stwa dla Ukrainy. &#8222;Moskwa nie zgodzi si\u0119&#8221;<\/a>&nbsp;&nbsp;Onet Wiadomo\u015bci<\/li>\n<li><a href=\"https:\/\/news.google.com\/rss\/articles\/CBMivwFBVV95cUxOeUg0ZXlZSktJYVRjS0lOUWRPVVd3eXp4dHZMX1p4QzAtaXRTakk3anB5YUFWaXVta1FKcHo3d3NLZWM1SjVnQ2RxaUxXdEhyY1NqTVJkMFRXSzYtRDg5a0UtNS1DVmR0RGJ4NjNDZGF2NnBfZ2w5ZEZhQXhrWUY0anNwQ3FtakkyQ04zX09HOEd0OGxoR0ZPelFWdlpsZEZQRHVIRnhKYXdlTk5SRUZGcmQwZTFUNndkNnRHOTUwUQ?oc=5\" target=\"_blank\" rel=\"nofollow noopener\">Negocjacje o pokoju. Kreml stawia warunek dotycz\u0105cy NATO, czeka na ruch USA<\/a>&nbsp;&nbsp;Wydarzenia w INTERIA.PL<\/li>\n<li><a href=\"https:\/\/news.google.com\/rss\/articles\/CBMinwFBVV95cUxONzdQZVBNQVdmanMtaF9ndHBrLURadXhZOFFfZ1RKTTVPamhjUjhEdlg3ZzhVaktnTWpTZUhzUlRxeHpXcnN6dV93V2haN0ZJR25oMlJsUkstcXAxaUM2NWNMYWI0ekF0VzVOSFhMMlRGRy0zZHRjWDJPUEpZeVNXQk0zUUhTSjJYMHFaTHNKNXFhLUt1RWI2aThQdXhlcEk?oc=5\" target=\"_blank\" rel=\"nofollow noopener\">G\u0142os z Kremla po szczycie w Berlinie. Komentarz by\u0142 kr\u00f3tki<\/a>&nbsp;&nbsp;Fakt<\/li>\n<\/ol>\n","protected":false},"excerpt":{"rendered":"Rozmowy o Ukrainie w Berlinie. Jest reakcja Kremla&nbsp;&nbsp;Onet Rosja jest z\u0142a z powodu negocjacji. \u0141awrow o odrodzeniu &#8222;nazizmu&#8221;&hellip;\n","protected":false},"author":2,"featured_media":154056,"comment_status":"","ping_status":"","sticky":false,"template":"","format":"standard","meta":{"footnotes":""},"categories":[5],"tags":[32,33,244,445,36,37,27,67,64,34,35,28,31,53,25,52,68,51,55,42,13037,38,40,39,41,47,29,30,65,50,26,418],"class_list":{"0":"post-154055","1":"post","2":"type-post","3":"status-publish","4":"format-standard","5":"has-post-thumbnail","7":"category-naglowki","8":"tag-breaking-news","9":"tag-breakingnews","10":"tag-ctr_tst","11":"tag-dmitrij_pieskow","12":"tag-featured-news","13":"tag-featurednews","14":"tag-headlines","15":"tag-intextvideo_splayer","16":"tag-inwazja_rosji_na_ukraine_2014_","17":"tag-latest-news","18":"tag-latestnews","19":"tag-naglowki","20":"tag-najwazniejsze-artykuly","21":"tag-new_header","22":"tag-news","23":"tag-onet3","24":"tag-onet3d","25":"tag-onet3d_2i","26":"tag-phx","27":"tag-pl","28":"tag-plan_pokojowy","29":"tag-poland","30":"tag-polish","31":"tag-polska","32":"tag-polski","33":"tag-screening_general","34":"tag-top-stories","35":"tag-topstories","36":"tag-update_me","37":"tag-v2021","38":"tag-wiadomosci","39":"tag-wladimir_putin_rosyjski_prezydent"},"share_on_mastodon":{"url":"https:\/\/pubeurope.com\/@pl\/115729599271329203","error":""},"_links":{"self":[{"href":"https:\/\/www.europesays.com\/pl\/wp-json\/wp\/v2\/posts\/154055","targetHints":{"allow":["GET"]}}],"collection":[{"href":"https:\/\/www.europesays.com\/pl\/wp-json\/wp\/v2\/posts"}],"about":[{"href":"https:\/\/www.europesays.com\/pl\/wp-json\/wp\/v2\/types\/post"}],"author":[{"embeddable":true,"href":"https:\/\/www.europesays.com\/pl\/wp-json\/wp\/v2\/users\/2"}],"replies":[{"embeddable":true,"href":"https:\/\/www.europesays.com\/pl\/wp-json\/wp\/v2\/comments?post=154055"}],"version-history":[{"count":0,"href":"https:\/\/www.europesays.com\/pl\/wp-json\/wp\/v2\/posts\/154055\/revisions"}],"wp:featuredmedia":[{"embeddable":true,"href":"https:\/\/www.europesays.com\/pl\/wp-json\/wp\/v2\/media\/154056"}],"wp:attachment":[{"href":"https:\/\/www.europesays.com\/pl\/wp-json\/wp\/v2\/media?parent=154055"}],"wp:term":[{"taxonomy":"category","embeddable":true,"href":"https:\/\/www.europesays.com\/pl\/wp-json\/wp\/v2\/categories?post=154055"},{"taxonomy":"post_tag","embeddable":true,"href":"https:\/\/www.europesays.com\/pl\/wp-json\/wp\/v2\/tags?post=154055"}],"curies":[{"name":"wp","href":"https:\/\/api.w.org\/{rel}","templated":true}]}}