{"id":154081,"date":"2025-12-16T14:10:17","date_gmt":"2025-12-16T14:10:17","guid":{"rendered":"https:\/\/www.europesays.com\/pl\/154081\/"},"modified":"2025-12-16T14:10:17","modified_gmt":"2025-12-16T14:10:17","slug":"jaka-jest-najlepsza-choinka-na-swieta-te-drzewka-beda-zachwycac-caly-rok","status":"publish","type":"post","link":"https:\/\/www.europesays.com\/pl\/154081\/","title":{"rendered":"Jaka jest najlepsza choinka na \u015bwi\u0119ta? Te drzewka b\u0119d\u0105 zachwyca\u0107 ca\u0142y rok"},"content":{"rendered":"<ol style=\"counter-reset:list-counter\" class=\"typography ids-typeset-body ids-typeset-body--preset-large list ids-list ids-list--ordered ids-list--size-large ids-list--marker-decimalLeadingZero \">\n<li class=\"ids-list-item\">\n<p>Jaka jest najlepsza choinka na \u015bwi\u0119ta? Choinka do ogrodu<\/p>\n<\/li>\n<li class=\"ids-list-item\">\n<p>Jak wybra\u0107 choink\u0119, kt\u00f3ra przetrwa \u015bwi\u0119ta i trafi do ogrodu?<\/p>\n<\/li>\n<li class=\"ids-list-item\">\n<p>Jakiej choinki nie kupowa\u0107?<\/p>\n<\/li>\n<\/ol>\n<p>Jaka jest najlepsza choinka na \u015bwi\u0119ta? Choinka do ogrodu<\/p>\n<p class=\"typography ids-typeset-body ids-typeset-body--preset-large link paragraph ids-paragraph ids-paragraph--default\">Choinka, kt\u00f3ra ma sp\u0119dzi\u0107 kilka tygodni w ogrzewanym domu, a potem trafi\u0107 do ogrodu, musi by\u0107 przede wszystkim drzewkiem w donicy z nienaruszonym systemem korzeniowym. Dlatego tak wa\u017cne jest, by wybiera\u0107 choinki uprawiane i przesadzane z gruntu razem z bry\u0142\u0105 korzeniow\u0105. Jednocze\u015bnie nale\u017cy unika\u0107 tych, kt\u00f3re zosta\u0142y wykopane napr\u0119dce tu\u017c przed sprzeda\u017c\u0105.<\/p>\n<p class=\"typography ids-typeset-body ids-typeset-body--preset-large link paragraph ids-paragraph ids-paragraph--default\">Jaka jest najlepsza choinka na \u015bwi\u0119ta? Aby drzewko po Bo\u017cym Narodzeniu przyj\u0119\u0142o si\u0119 potem w ogrodzie, najlepiej postawi\u0107 na \u015bwierk pospolity, \u015bwierk srebrzysty, jod\u0142\u0119 kaukask\u0105 oraz sosn\u0119 czarn\u0105. Ka\u017cde z tych drzew ma inne wymagania i r\u00f3\u017cny poziom odporno\u015bci na przebywanie w ogrzewanym pomieszczeniu.<\/p>\n<p class=\"typography ids-typeset-body ids-typeset-body--preset-large link paragraph ids-paragraph ids-paragraph--default\">\u015awierk pospolity, najta\u0144szy i najbardziej tradycyjny, \u015bwietnie radzi sobie w naszych warunkach klimatycznych po wysadzeniu, jednak w domu do\u015b\u0107 szybko gubi ig\u0142y i \u017ale znosi wysokie temperatury. Z kolei <a href=\"https:\/\/zielona.interia.pl\/rosliny-i-zwierzeta-jodla,gsbi,3810\" rel=\"nofollow noopener\" target=\"_blank\">jod\u0142a<\/a>, cho\u0107 pi\u0119kna, trwa\u0142a i najmniej podatna na obsychanie, jest bardziej wra\u017cliwa na przemarzanie po posadzeniu. Dlatego te\u017c trzeba wybiera\u0107 egzemplarze dobrze zahartowane.<\/p>\n<p class=\"typography ids-typeset-body ids-typeset-body--preset-large link paragraph ids-paragraph ids-paragraph--default\">\u015awierk srebrzysty, rozpoznawalny dzi\u0119ki niebieskawym ig\u0142om, zachowuje si\u0119 w pomieszczeniu stabilniej ni\u017c \u015bwierk pospolity, a w ogrodzie ro\u015bnie d\u0142ugo i majestatycznie, z czasem osi\u0105gaj\u0105c imponuj\u0105ce rozmiary. Z kolei <a href=\"https:\/\/zielona.interia.pl\/rosliny-i-zwierzeta-sosna,gsbi,3839\" target=\"_self\" rel=\"nofollow noopener\">sosna<\/a> czarna\u00a0ma ca\u0142kowicie inny charakter. Jest odporna na susz\u0119, bardzo d\u0142ugowieczna i dobrze znosi nasz klimat, cho\u0107 jej ig\u0142y i pokr\u00f3j nadaj\u0105 jej bardziej dziki, nieco mniej \u015bwi\u0105teczny &#8222;wygl\u0105d&#8221;.<\/p>\n<p><img decoding=\"async\" class=\"ids-image-holder__img\" loading=\"lazy\" alt=\"Jak\u0105 choink\u0119 wybra\u0107 na Bo\u017ce Narodzenie? Wady i zalety sztucznych i \u017cywych drzewek\" title=\"Jak\u0105 choink\u0119 wybra\u0107 na Bo\u017ce Narodzenie?\" width=\"5760\" height=\"3840\" src=\"https:\/\/www.europesays.com\/pl\/wp-content\/uploads\/2025\/12\/000GHIMM6Q4FQIAY-C323-F4.webp.webp\"\/><\/p>\n<p>Jak\u0105 choink\u0119 wybra\u0107 na Bo\u017ce Narodzenie?123RF\/PICSEL<\/p>\n<p>Jak wybra\u0107 choink\u0119, kt\u00f3ra przetrwa \u015bwi\u0119ta i trafi do ogrodu?<\/p>\n<p class=\"typography ids-typeset-body ids-typeset-body--preset-large link paragraph ids-paragraph ids-paragraph--default\">Je\u017celi chcemy, aby <a href=\"https:\/\/zielona.interia.pl\/dom-ogrod\/news-dlaczego-choinka-w-doniczce-usycha-i-gubi-igly-jest-na-to-sp,nId,20355111\" target=\"_self\" rel=\"nofollow noopener\">choinka<\/a> mog\u0142a przetrwa\u0107 pobyt w domu, a p\u00f3\u017aniej przeprowadzk\u0119 na zewn\u0105trz, kluczowy jest spos\u00f3b jej przygotowania i traktowania. Po pierwsze, drzewka w donicy nie mog\u0105 by\u0107 zbyt du\u017ce. Optymalna wysoko\u015b\u0107 to 120-150 cm. Wi\u0119ksze egzemplarze maj\u0105 zbyt rozbudowany system korzeniowy, aby zmie\u015bci\u0142 si\u0119 bez uszkodze\u0144 w pojemniku. Dlatego im mniejsze drzewko, tym wi\u0119ksza szansa, \u017ce przyjmie si\u0119 w ogrodzie.<\/p>\n<p class=\"typography ids-typeset-body ids-typeset-body--preset-large link paragraph ids-paragraph ids-paragraph--default\">R\u00f3wnie istotne jest to, czy choinka by\u0142a faktycznie uprawiana w donicy przez kilka sezon\u00f3w, czy jedynie niedawno wsadzona do donicy po wykopaniu. T\u0119 r\u00f3\u017cnic\u0119 wida\u0107 po wadze pojemnika. Drzewko z pe\u0142nym systemem korzeniowym jest ci\u0119\u017csze, a ziemia w donicy jest g\u0119sta i mocno przero\u015bni\u0119ta korzeniami. To wa\u017cne, bo uprawiane drzewko w donicy gwarantuje, \u017ce jej system korzeniowy jest pe\u0142ny i nienaruszony.<\/p>\n<p class=\"typography ids-typeset-body ids-typeset-body--preset-large link paragraph ids-paragraph ids-paragraph--default\">Wybieraj\u0105c choink\u0119, warto\u00a0zwr\u00f3ci\u0107 uwag\u0119 na kolor igie\u0142 i elastyczno\u015b\u0107 ga\u0142\u0105zek. Intensywna, ciemna ziele\u0144 u \u015bwierk\u00f3w i g\u0142\u0119boki granat u odmian srebrzystych oznaczaj\u0105 zdrowe drzewko. Jod\u0142y maj\u0105 ig\u0142y b\u0142yszcz\u0105ce, mi\u0119kkie i lekko sp\u0142aszczone. Je\u017celi drzewko w sklepie ju\u017c gubi ig\u0142y lub s\u0105 matowe, to po \u015bwi\u0119tach raczej nie b\u0119dzie mia\u0142o si\u0142y si\u0119 regenerowa\u0107. Kluczowa jest tak\u017ce wilgotno\u015b\u0107 pod\u0142o\u017ca. Przesuszona bry\u0142a korzeniowa to najpewniejsza droga do problem\u00f3w po posadzeniu.<\/p>\n<p class=\"typography ids-typeset-body ids-typeset-body--preset-large link paragraph ids-paragraph ids-paragraph--default\">Co zrobi\u0107, \u017ceby choinka przetrwa\u0142a \u015bwi\u0119ta? W domu powinna sta\u0107 maksymalnie kilka tygodni dni w temperaturze pokojowej. Im d\u0142u\u017cej, tym gorzej dla p\u00f3\u017aniejszego przyj\u0119cia si\u0119 w gruncie, cho\u0107 wiele zale\u017cy od gatunku drzewka. Dobr\u0105 praktyk\u0105 jest najpierw umieszczenie drzewka w ch\u0142odnym pomieszczeniu, np. gara\u017cu, by stopniowo przyzwyczai\u0142o si\u0119 do cieplejszych warunk\u00f3w.<\/p>\n<p class=\"typography ids-typeset-body ids-typeset-body--preset-large link paragraph ids-paragraph ids-paragraph--default\">Najwi\u0119ksz\u0105 trwa\u0142o\u015b\u0107 w pomieszczeniu wykazuj\u0105 jod\u0142y, a zaraz po nich \u015bwierk srebrzysty. <a href=\"https:\/\/zielona.interia.pl\/rosliny-i-zwierzeta-swierk,gsbi,3844\" rel=\"nofollow noopener\" target=\"_blank\">\u015awierk<\/a> pospolity wytrzymuje najkr\u00f3cej, ale jako gatunek znacznie lepiej przetrwa p\u00f3\u017aniejsze zimy w ogrodzie.\u00a0Po \u015bwi\u0119tach drzewko musi ponownie wr\u00f3ci\u0107 do ch\u0142odniejszej strefy przej\u015bciowej, a na zewn\u0105trz mo\u017ce trafi\u0107 dopiero wtedy, gdy temperatury nie spadaj\u0105 poni\u017cej kilkunastu stopni mrozu. W okresie g\u0142\u0119bokiej zimy warto przechowa\u0107 je w gara\u017cu i posadzi\u0107 dopiero wczesn\u0105 wiosn\u0105.<\/p>\n<p><img decoding=\"async\" class=\"ids-image-holder__img\" loading=\"lazy\" alt=\"Obecnie na polskim rynku mo\u017cemy wr\u0119cz przebiera\u0107 w rodzajach choinek\" title=\"Obecnie na polskim rynku mo\u017cemy wr\u0119cz przebiera\u0107 w rodzajach choinek\" width=\"5406\" height=\"3604\" src=\"https:\/\/www.europesays.com\/pl\/wp-content\/uploads\/2025\/12\/000GGP5006VVTH0I-C323-F4.webp.webp\"\/><\/p>\n<p>Obecnie na polskim rynku mo\u017cemy wr\u0119cz przebiera\u0107 w rodzajach choinek123RF\/PICSEL<\/p>\n<p>Jakiej choinki nie kupowa\u0107?<\/p>\n<p class=\"typography ids-typeset-body ids-typeset-body--preset-large link paragraph ids-paragraph ids-paragraph--default\">Kupuj\u0105c choink\u0119, kt\u00f3ra ma po \u015bwi\u0119tach trafi\u0107 do ogrodu, warto kierowa\u0107 si\u0119 nie tylko wygl\u0105dem, ale przede wszystkim jego kondycj\u0105. Jak wspomnieli\u015bmy, najwa\u017cniejszym sygna\u0142em ostrzegawczym jest zbyt ma\u0142a lub zbyt lekka donica. Je\u017celi pojemnik wydaje si\u0119 niewsp\u00f3\u0142miernie ma\u0142y do wielko\u015bci drzewka, niemal na pewno oznacza to, \u017ce choinka zosta\u0142a wykopana z gruntu tu\u017c przed sprzeda\u017c\u0105 i jedynie wsadzona do donicy bez zachowania systemu korzeniowego. Takie drzewko mo\u017ce wygl\u0105da\u0107 atrakcyjnie, ale jego szanse na prze\u017cycie w ogrodzie s\u0105 minimalne.<\/p>\n<p class=\"typography ids-typeset-body ids-typeset-body--preset-large link paragraph ids-paragraph ids-paragraph--default\">Warto r\u00f3wnie\u017c unika\u0107 choinek, kt\u00f3rych bry\u0142a korzeniowa w donicy porusza si\u0119 lu\u017ano przy lekkim przechyleniu drzewka. To wyra\u017any znak, \u017ce korzenie nie s\u0105 zwi\u0105zane z pod\u0142o\u017cem, co \u015bwiadczy o &#8222;dosadzaniu&#8221; choinki, zamiast jej faktycznej uprawy.<\/p>\n<p class=\"typography ids-typeset-body ids-typeset-body--preset-large link paragraph ids-paragraph ids-paragraph--default\">Szczeg\u00f3ln\u0105 ostro\u017cno\u015b\u0107 nale\u017cy zachowa\u0107 przy jod\u0142ach. Cho\u0107 same w sobie s\u0105 trwa\u0142e i eleganckie, na stoiskach przed\u015bwi\u0105tecznych cz\u0119sto trafiaj\u0105 si\u0119 egzemplarze, kt\u00f3re d\u0142ugo sta\u0142y w zbyt ciep\u0142ym miejscu, przez co rozpocz\u0119\u0142y wegetacj\u0119. Taka <a href=\"https:\/\/zielona.interia.pl\/dom-ogrod\/news-wcale-nie-musi-byc-z-plastiku-zywa-choinka-tez-moze-posluzyc,nId,20355874\" target=\"_self\" rel=\"nofollow noopener\">choinka<\/a> po powrocie do niskich temperatur b\u0119dzie wyj\u0105tkowo podatna na przemarzanie. Trzeba r\u00f3wnie\u017c uwa\u017ca\u0107 na \u015bwierki pospolite zbyt d\u0142ugo przechowywane w foliowych r\u0119kawach. Brak swobodnego przep\u0142ywu powietrza sprzyja nagrzaniu i szybkiemu przesychaniu igie\u0142.<\/p>\n<p class=\"typography ids-typeset-body ids-typeset-body--preset-large link paragraph ids-paragraph ids-paragraph--default\">Nie nale\u017cy kupowa\u0107 choinek owini\u0119tych zbyt ciasno siatk\u0105, zw\u0142aszcza je\u015bli nie mo\u017cna ich chwilowo rozwin\u0105\u0107, aby obejrze\u0107 pokr\u00f3j. Deformacje ga\u0142\u0119zi powsta\u0142e przez d\u0142ugotrwa\u0142e \u015bci\u015bni\u0119cie mog\u0105 by\u0107 trudne do odwr\u00f3cenia, a drzewko po posadzeniu straci sw\u00f3j kszta\u0142t. Warto r\u00f3wnie\u017c omija\u0107 egzemplarze z uszkodzonym przewodnikiem, czyli g\u0142\u00f3wnym p\u0119dem biegn\u0105cym ku g\u00f3rze. Taka choinka b\u0119dzie p\u00f3\u017aniej \u017ale si\u0119 formowa\u0107\u00a0i utraci sw\u00f3j charakterystyczny sto\u017ckowy pokr\u00f3j, co w ogrodzie b\u0119dzie widoczne przez lata.<\/p>\n<ul class=\"typography ids-typeset-body ids-typeset-body--preset-small list--article-list ids-list ids-list--unordered ids-list--size-small \" datatype=\"disc\">\n<li class=\"ids-list-item ids-list-item__content brief-list-item\"><a class=\"ids-undecorated-link link ids-link \" data-spons=\"false\" href=\"https:\/\/zielona.interia.pl\/dom-ogrod\/news-to-gwiazda-polskich-swiat-gdzie-poinsecja-rosnie-w-naturze,nId,22463177\" rel=\"nofollow noopener\" target=\"_blank\">To gwiazda polskich \u015bwi\u0105t. Gdzie poinsecja ro\u015bnie w naturze?<\/a><\/li>\n<li class=\"ids-list-item ids-list-item__content brief-list-item\"><a class=\"ids-undecorated-link link ids-link \" data-spons=\"false\" href=\"https:\/\/zielona.interia.pl\/dom-ogrod\/news-co-zrobic-by-grudnik-zakwitl-kilka-prostych-trikow,nId,22452641\" rel=\"nofollow noopener\" target=\"_blank\">Co zrobi\u0107, by grudnik zakwit\u0142? Kilka prostych trik\u00f3w<\/a><\/li>\n<\/ul>\n<p>\u017bywa czy sztuczna? Wyb\u00f3r najlepszej choinkiPolsat NewsPolsat News<\/p>\n<p><a class=\"ids-undecorated-link source ids-page-info--source__link\" href=\"https:\/\/www.interia.pl\" rel=\"nofollow noopener\" target=\"_blank\"><img decoding=\"async\" class=\"ids-image-holder__img\" loading=\"lazy\" alt=\"\" title=\"\" height=\"24px\" src=\"https:\/\/www.europesays.com\/pl\/wp-content\/uploads\/2025\/12\/1765870332_919_0009A60QQ5I2TYF7-C202-F4.webp.webp\"\/><\/a><\/p>\n<p>Masz sugestie, uwagi albo widzisz b\u0142\u0105d? Napisz do nas<\/p>\n","protected":false},"excerpt":{"rendered":"Jaka jest najlepsza choinka na \u015bwi\u0119ta? Choinka do ogrodu Jak wybra\u0107 choink\u0119, kt\u00f3ra przetrwa \u015bwi\u0119ta i trafi do&hellip;\n","protected":false},"author":2,"featured_media":154082,"comment_status":"","ping_status":"","sticky":false,"template":"","format":"standard","meta":{"footnotes":""},"categories":[12],"tags":[32,33,36,37,27,34,35,28,31,25,42,38,40,39,41,29,30,26],"class_list":{"0":"post-154081","1":"post","2":"type-post","3":"status-publish","4":"format-standard","5":"has-post-thumbnail","7":"category-polska","8":"tag-breaking-news","9":"tag-breakingnews","10":"tag-featured-news","11":"tag-featurednews","12":"tag-headlines","13":"tag-latest-news","14":"tag-latestnews","15":"tag-naglowki","16":"tag-najwazniejsze-artykuly","17":"tag-news","18":"tag-pl","19":"tag-poland","20":"tag-polish","21":"tag-polska","22":"tag-polski","23":"tag-top-stories","24":"tag-topstories","25":"tag-wiadomosci"},"share_on_mastodon":{"url":"https:\/\/pubeurope.com\/@pl\/115729651105808707","error":""},"_links":{"self":[{"href":"https:\/\/www.europesays.com\/pl\/wp-json\/wp\/v2\/posts\/154081","targetHints":{"allow":["GET"]}}],"collection":[{"href":"https:\/\/www.europesays.com\/pl\/wp-json\/wp\/v2\/posts"}],"about":[{"href":"https:\/\/www.europesays.com\/pl\/wp-json\/wp\/v2\/types\/post"}],"author":[{"embeddable":true,"href":"https:\/\/www.europesays.com\/pl\/wp-json\/wp\/v2\/users\/2"}],"replies":[{"embeddable":true,"href":"https:\/\/www.europesays.com\/pl\/wp-json\/wp\/v2\/comments?post=154081"}],"version-history":[{"count":0,"href":"https:\/\/www.europesays.com\/pl\/wp-json\/wp\/v2\/posts\/154081\/revisions"}],"wp:featuredmedia":[{"embeddable":true,"href":"https:\/\/www.europesays.com\/pl\/wp-json\/wp\/v2\/media\/154082"}],"wp:attachment":[{"href":"https:\/\/www.europesays.com\/pl\/wp-json\/wp\/v2\/media?parent=154081"}],"wp:term":[{"taxonomy":"category","embeddable":true,"href":"https:\/\/www.europesays.com\/pl\/wp-json\/wp\/v2\/categories?post=154081"},{"taxonomy":"post_tag","embeddable":true,"href":"https:\/\/www.europesays.com\/pl\/wp-json\/wp\/v2\/tags?post=154081"}],"curies":[{"name":"wp","href":"https:\/\/api.w.org\/{rel}","templated":true}]}}