{"id":154260,"date":"2025-12-16T15:58:11","date_gmt":"2025-12-16T15:58:11","guid":{"rendered":"https:\/\/www.europesays.com\/pl\/154260\/"},"modified":"2025-12-16T15:58:11","modified_gmt":"2025-12-16T15:58:11","slug":"ryszard-czarnecki-bez-zludzen-o-synu-i-mariannie-schreiber-rozdzial-domkniety-z-hukiem","status":"publish","type":"post","link":"https:\/\/www.europesays.com\/pl\/154260\/","title":{"rendered":"Ryszard Czarnecki bez z\u0142udze\u0144 o synu i Mariannie Schreiber. &#8222;Rozdzia\u0142 domkni\u0119ty z hukiem&#8221;"},"content":{"rendered":"<p class=\"ods-c-paragraph \"><a href=\"https:\/\/plejada.pl\/temat\/przemyslaw-czarnecki\/4dd0j9l\" id=\"58fa80ee-73ba-4140-91c2-e75e81a295c7\" rel=\"nofollow noopener\" target=\"_blank\">Przemys\u0142aw Czarnecki<\/a>, syn znanego polityka <a href=\"https:\/\/plejada.pl\/temat\/ryszard-czarnecki-polityk\/t5zwv12\" id=\"1b6e45d7-0653-4576-81f4-d871db7c8df5\" rel=\"nofollow noopener\" target=\"_blank\">Ryszarda Czarneckiego<\/a>, od kilku lat bryluje w mediach. Dzieje si\u0119 tak nie tylko ze wzgl\u0119du na jego dzia\u0142alno\u015b\u0107 publiczn\u0105, ale przede wszystkim z uwagi na burzliwe \u017cycie prywatne. Szczeg\u00f3lne emocje wzbudza\u0142 zwi\u0105zek m\u0142odego polityka z <a href=\"https:\/\/plejada.pl\/temat\/marianna-schreiber\/dprj9dv\" id=\"134f3af0-7010-413a-8506-dc651912b17f\" rel=\"nofollow noopener\" target=\"_blank\">Mariann\u0105 Schreiber <\/a>\u2013 influencerk\u0105, celebrytk\u0105 i by\u0142\u0105 \u017con\u0105 pos\u0142a PiS \u0141ukasza Schreibera. Para zacz\u0119\u0142a pokazywa\u0107 si\u0119 razem publicznie pod koniec 2024 r., a sam Przemys\u0142aw Czarnecki nie ukrywa\u0142 uczu\u0107, deklaruj\u0105c w mediach spo\u0142eczno\u015bciowych, \u017ce \u0142\u0105czy ich &#8222;ogromna mi\u0142o\u015b\u0107&#8221; i \u017ce nie pozwoli, by krytyka czy hejt zniszczy\u0142y ich relacj\u0119.<\/p>\n<p class=\"ods-c-paragraph \">W tamtym czasie bardzo ciep\u0142o o wyborze syna wypowiada\u0142 si\u0119 r\u00f3wnie\u017c Ryszard Czarnecki. <a href=\"https:\/\/plejada.pl\/newsy\/ryszard-czarnecki-ocenia-zwiazek-syna-z-marianna-schreiber-bycie-razem-to-nie-jest\/knvf1gz\" id=\"0af77168-be50-4995-af5b-e1d98eeec40f\" rel=\"nofollow noopener\" target=\"_blank\">W rozmowie z Plejad\u0105<\/a> podkre\u015bla\u0142, \u017ce kibicuje tej relacji i wierzy, \u017ce ma ona szans\u0119 przetrwa\u0107.<\/p>\n<blockquote class=\"ods-o-quota\">\n<p class=\"ods-o-quota__paragraph\">\u017bycz\u0119 im jak najlepiej. Bycie razem to nie jest \u0142atwa rzecz. Sam o tym wiem, ze swojego d\u0142ugiego \u017cycia. Je\u017celi b\u0119d\u0105 m\u0105drzy i b\u0119d\u0105 chcieli, to b\u0119d\u0105 razem <\/p>\n<\/blockquote>\n<p class=\"ods-c-paragraph \">\u2014 m\u00f3wi\u0142 na pocz\u0105tku 2025 r. <\/p>\n<p>Dalszy ci\u0105g artyku\u0142u pod materia\u0142em wideo<\/p>\n<p> Dlaczego Ryszard Czarnecki zmieni\u0142 zdanie o Mariannie Schreiber? <\/p>\n<p> Kiedy Przemys\u0142aw Czarnecki og\u0142osi\u0142 nowy zwi\u0105zek? <\/p>\n<p> Jakie oskar\u017cenia pad\u0142y w zwi\u0105zku z Przemys\u0142awem Czarneckim? <\/p>\n<p> Co Ryszard Czarnecki s\u0105dzi o \u017cyciu prywatnym swojego syna? <\/p>\n<p>  Ryszard Czarnecki bez z\u0142udze\u0144 o by\u0142ej partnerce syna Mariannie Schreiber. &#8222;Ten rozdzia\u0142 jest z hukiem domkni\u0119ty&#8221;   <\/p>\n<p class=\"ods-c-paragraph \">By\u0142y wiceprzewodnicz\u0105cy Parlamentu Europejskiego niespe\u0142na rok temu nie szcz\u0119dzi\u0142 komplement\u00f3w pod adresem Marianny Schreiber, zaznaczaj\u0105c, \u017ce jej medialny wizerunek znacz\u0105co r\u00f3\u017cni si\u0119 od tego, jaka jest w rzeczywisto\u015bci.<\/p>\n<blockquote class=\"ods-o-quota\">\n<p class=\"ods-o-quota__paragraph\">Pani Marianna jest na pewno bardziej m\u0105dra, inteligentna, bardziej mi\u0142a ni\u017c jej obraz medialny. Absolutnie zyskuje przy poznaniu osobistym. Nie pozna\u0142em jej teraz, bo ju\u017c wcze\u015bniej mi j\u0105 Przemys\u0142aw przedstawia\u0142. To by\u0142o szereg tygodni temu<\/p>\n<\/blockquote>\n<p class=\"ods-c-paragraph \">\u2013 opowiada\u0142 w\u00f3wczas, po czym wprost m\u00f3wi\u0142 nawet, \u017ce by\u0142aby &#8222;fajn\u0105, dobr\u0105 synow\u0105&#8221;.<\/p>\n<p><img decoding=\"async\" src=\"https:\/\/www.europesays.com\/pl\/wp-content\/uploads\/2025\/12\/wF_k9lBaHR0cHM6Ly9vY2RuLmV1L3B1bHNjbXMvTURBXy9hYTIyMTYzOTMzNjhlNjA5MmQ5ZTVmMTE1OGFkNDhjZS5qcGeRlQLNB.jpeg\" height=\"767\" width=\"940\" alt=\"Marianna Schreiber Przemys\u0142aw Czarnecki  \" loading=\"lazy\" class=\"ods-c-image__img ods-c-image__img--viewport-width\"\/><\/p>\n<p>Marianna Schreiber Przemys\u0142aw CzarneckiWojciech Olku\u015bnik \/ East News<\/p>\n<p class=\"ods-c-paragraph \">Sielankowy obraz szybko jednak zweryfikowany. W pierwszej po\u0142owie 2025 r. Marianna Schreiber publicznie og\u0142osi\u0142a rozstanie z Przemys\u0142awem Czarneckim, a kulisy zako\u0144czenia relacji by\u0142y szeroko komentowane w mediach. P\u00f3\u017aniej pojawi\u0142y si\u0119 tak\u017ce powa\u017cne oskar\u017cenia o przemoc fizyczn\u0105 i psychiczn\u0105 wobec niej i jej c\u00f3rki, kt\u00f3rym Przemys\u0142aw Czarnecki stanowczo zaprzecza\u0142. Kilka miesi\u0119cy p\u00f3\u017aniej syn Ryszarda Czarneckiego zn\u00f3w trafi\u0142 na nag\u0142\u00f3wki \u2013 tym razem ju\u017c z inn\u0105 kobiet\u0105 u boku. 5 grudnia 2025 r. by\u0142y pose\u0142 pochwali\u0142 si\u0119 bowiem now\u0105 partnerk\u0105, daj\u0105c jasny sygna\u0142, \u017ce zamkn\u0105\u0142 poprzedni rozdzia\u0142.<\/p>\n<p class=\"ods-c-paragraph \">Teraz do ca\u0142ej historii wr\u00f3ci\u0142 Ryszard Czarnecki, zapytany przez Plejad\u0119 o zwi\u0105zek syna z Mariann\u0105 Schreiber i o to, czy jego opinia o niej si\u0119 zmieni\u0142a. Odpowiedzia\u0142 bez ogr\u00f3dek:<\/p>\n<blockquote class=\"ods-o-quota\">\n<p class=\"ods-o-quota__paragraph\">Ja za w\u0142asnych dzieci \u017cycia nie prze\u017cyj\u0119. \u017bycz\u0119 mojemu synowi jak najlepiej, ale naprawd\u0119 nie prze\u017cyje za niego \u017cycia. Niech moje dzieci robi\u0105 tak, \u017ceby byli szcz\u0119\u015bliwi. Polska ma inne tradycje ni\u017c Indie, gdzie si\u0119 ma\u0142\u017ce\u0144stwa, \u017ce tak powiem, aran\u017cuje i notabene jest bardzo wysoki procent rozwod\u00f3w, wi\u0119c r\u00f3\u017cnie to wychodzi. Do tej pory nie wybieram partner\u00f3w i partnerek moim dzieciom i nie zamierzam tego robi\u0107 dalej. Wielu z nich jest ju\u017c doros\u0142ych, wiedz\u0105, co robi\u0105.<\/p>\n<\/blockquote>\n<p><img decoding=\"async\" src=\"https:\/\/www.europesays.com\/pl\/wp-content\/uploads\/2025\/12\/-8Rk9lBaHR0cHM6Ly9vY2RuLmV1L3B1bHNjbXMvTURBXy9kNTg4NDQ2ZmU2M2E5N2UxZmRlNDQ2MDgwYzA5MzYxNy5qcGeRlQLNB.jpeg\" height=\"627\" width=\"940\" alt=\"Ryszard Czarnecki\" loading=\"lazy\" class=\"ods-c-image__img ods-c-image__img--viewport-width\"\/><\/p>\n<p>Ryszard CzarneckiRadek Pietruszka \/ PAP<\/p>\n<p class=\"ods-c-paragraph \">Polityk nast\u0119pnie powiedzia\u0142 o wyborach swoich syn\u00f3w: <\/p>\n<blockquote class=\"ods-o-quota\">\n<p class=\"ods-o-quota__paragraph\">Ciesz\u0119 si\u0119 bardzo, bo bardzo lubi\u0119 np. dziewczyn\u0119 mojego syna Bartka. Przemek z tego, co wiem, to ma kogo\u015b nowego po Mariannie. Ma ju\u017c now\u0105 partnerk\u0119, ale nie mia\u0142em jeszcze okazji jej pozna\u0107. Tylko raz da\u0142 mi j\u0105 do s\u0142uchawki, \u017ceby mi si\u0119 przedstawi\u0142a, bo wcze\u015bniej si\u0119 nie widzieli\u015bmy <\/p>\n<\/blockquote>\n<p class=\"ods-c-paragraph \">\u2013 ujawni\u0142.<\/p>\n<p class=\"ods-c-paragraph \">Na koniec Ryszard Czarnecki jasno podsumowa\u0142 miejsce Marianny Schreiber w \u017cyciu swojego syna:<\/p>\n<blockquote class=\"ods-o-quota\">\n<p class=\"ods-o-quota__paragraph\">My\u015bl\u0119, \u017ce ten rozdzia\u0142 jest domkni\u0119ty w jego \u017cyciu. I to z hukiem. Tak jak powiedzia\u0142em, to s\u0105 jego wybory, ja mog\u0119 mu tylko \u017cyczy\u0107, \u017ceby by\u0142y one dobre<\/p>\n<\/blockquote>\n<p class=\"ods-c-paragraph \">Dzi\u0119kujemy, \u017ce przeczyta\u0142a\u015b\/e\u015b nasz artyku\u0142 do ko\u0144ca. W serwisie Plejada.pl ka\u017cdego dnia piszemy o najwa\u017cniejszych wydarzeniach show-biznesowych. B\u0105d\u017a na bie\u017c\u0105co! <a rel=\"nofollow noopener\" href=\"https:\/\/profile.google.com\/cp\/Cg0vZy8xMWJ6X19wdHBx\" id=\"057544b8-2d73-4518-978a-bf1a488297a4\" target=\"_blank\">Obserwuj<\/a> Plejad\u0119 w Google. Odwied\u017a nas tak\u017ce na <a rel=\"nofollow noopener\" href=\"https:\/\/www.facebook.com\/plejadapl\" id=\"2420bf54-bd4f-4922-9800-45709163f0ff\" target=\"_blank\">Facebooku<\/a>, <a rel=\"nofollow noopener\" href=\"https:\/\/www.instagram.com\/plejadapl\/\" id=\"d82ae647-d6dd-400b-8a04-b5acedd95ecf\" target=\"_blank\">Instagramie<\/a>, <a rel=\"nofollow noopener\" href=\"https:\/\/www.youtube.com\/c\/plejada\" id=\"aeb8a67e-8203-49d0-96b7-d3c6f315954f\" target=\"_blank\">YouTubie<\/a> oraz <a rel=\"nofollow noopener\" href=\"https:\/\/www.tiktok.com\/@plejada_pl\" id=\"5ef99f9e-c629-4a3f-b049-f33ddf7b09aa\" target=\"_blank\">TikToku<\/a>.<\/p>\n<p class=\"ods-c-paragraph \">Chcesz podzieli\u0107 si\u0119 ciekawym newsem lub zaproponowa\u0107 temat? Skontaktuj si\u0119 z nami, pisz\u0105c maila na adres: <a rel=\"nofollow noopener\" href=\"https:\/\/plejada.pl\/newsy\/ryszard-czarnecki-bez-zludzen-o-synu-i-mariannie-schreiber-rozdzial-domkniety-z\/mailto:plejada@redakcjaonet.pl\" id=\"6b649bc5-72ef-4410-b02d-e1268a014f86\" target=\"_blank\">plejada@redakcjaon<\/a><a href=\"https:\/\/et.pl\" id=\"55c696ba-e55b-4b46-a0bd-db6c336b2140\" rel=\"nofollow noopener\" target=\"_blank\">et.pl<\/a>.<\/p>\n<p><script async src=\"\/\/www.instagram.com\/embed.js\"><\/script><script async src=\"\/\/www.tiktok.com\/embed.js\"><\/script><\/p>\n","protected":false},"excerpt":{"rendered":"Przemys\u0142aw Czarnecki, syn znanego polityka Ryszarda Czarneckiego, od kilku lat bryluje w mediach. Dzieje si\u0119 tak nie tylko&hellip;\n","protected":false},"author":2,"featured_media":154261,"comment_status":"","ping_status":"","sticky":false,"template":"","format":"standard","meta":{"footnotes":""},"categories":[22],"tags":[122,2042,48,125,46,42,38,40,39,41,7843,25865,123,13437,47,338],"class_list":{"0":"post-154260","1":"post","2":"type-post","3":"status-publish","4":"format-standard","5":"has-post-thumbnail","7":"category-rozrywka","8":"tag-entertainment","9":"tag-marianna_schreiber","10":"tag-nat_styl","11":"tag-newsy","12":"tag-omp","13":"tag-pl","14":"tag-poland","15":"tag-polish","16":"tag-polska","17":"tag-polski","18":"tag-przemyslaw_czarnecki","19":"tag-rebrand_ai_tst0","20":"tag-rozrywka","21":"tag-ryszard_czarnecki","22":"tag-screening_general","23":"tag-tylko_w_plejadzie"},"share_on_mastodon":{"url":"https:\/\/pubeurope.com\/@pl\/115730075809441956","error":""},"_links":{"self":[{"href":"https:\/\/www.europesays.com\/pl\/wp-json\/wp\/v2\/posts\/154260","targetHints":{"allow":["GET"]}}],"collection":[{"href":"https:\/\/www.europesays.com\/pl\/wp-json\/wp\/v2\/posts"}],"about":[{"href":"https:\/\/www.europesays.com\/pl\/wp-json\/wp\/v2\/types\/post"}],"author":[{"embeddable":true,"href":"https:\/\/www.europesays.com\/pl\/wp-json\/wp\/v2\/users\/2"}],"replies":[{"embeddable":true,"href":"https:\/\/www.europesays.com\/pl\/wp-json\/wp\/v2\/comments?post=154260"}],"version-history":[{"count":0,"href":"https:\/\/www.europesays.com\/pl\/wp-json\/wp\/v2\/posts\/154260\/revisions"}],"wp:featuredmedia":[{"embeddable":true,"href":"https:\/\/www.europesays.com\/pl\/wp-json\/wp\/v2\/media\/154261"}],"wp:attachment":[{"href":"https:\/\/www.europesays.com\/pl\/wp-json\/wp\/v2\/media?parent=154260"}],"wp:term":[{"taxonomy":"category","embeddable":true,"href":"https:\/\/www.europesays.com\/pl\/wp-json\/wp\/v2\/categories?post=154260"},{"taxonomy":"post_tag","embeddable":true,"href":"https:\/\/www.europesays.com\/pl\/wp-json\/wp\/v2\/tags?post=154260"}],"curies":[{"name":"wp","href":"https:\/\/api.w.org\/{rel}","templated":true}]}}