{"id":154329,"date":"2025-12-16T16:45:10","date_gmt":"2025-12-16T16:45:10","guid":{"rendered":"https:\/\/www.europesays.com\/pl\/154329\/"},"modified":"2025-12-16T16:45:10","modified_gmt":"2025-12-16T16:45:10","slug":"donald-tusk-na-szczycie-wschodniej-flanki-nato-w-koncu-europa-zrozumiala","status":"publish","type":"post","link":"https:\/\/www.europesays.com\/pl\/154329\/","title":{"rendered":"Donald Tusk na szczycie wschodniej flanki NATO. &#8222;W ko\u0144cu Europa zrozumia\u0142a&#8221;"},"content":{"rendered":"<ul class=\"UnorderedList_container__nmfSl\">\n<li class=\"UnorderedList_listElement__Py7xi\" data-id=\"ai-summary-link\">Du\u017co czytania, a ma\u0142o czasu? Sprawd\u017a\u00a0skr\u00f3t\u00a0artyku\u0142u<\/li>\n<\/ul>\n<p class=\"Paragraph_desktopParagraph__U31Gm\">\u2014 Jak wiecie, Polska wnosi du\u017cy wk\u0142ad w bezpiecze\u0144stwo. Robi\u0105c to, korzystamy z unijnych instrument\u00f3w \u2014 zaznaczy\u0142 we wtorek na szczycie pa\u0144stw wschodniej flanki NATO w Helsinkach premier Polski Donald Tusk.<\/p>\n<p class=\"Paragraph_desktopParagraph__U31Gm\">Premier m\u00f3wi\u0142 tak\u017ce o zagwarantowaniu finansowania Wschodniej Tarczy NATO oraz Baltic Defense Line. \u2014 Mo\u017cemy chyba dzi\u015b og\u0142osi\u0107 z zadowoleniem, \u017ce w ko\u0144cu Europa zrozumia\u0142a, \u017ce ochrona wschodniej granicy jest wsp\u00f3ln\u0105 odpowiedzialno\u015bci\u0105. Nie jest to obowi\u0105zek tylko Polski, Finlandii czy Litwy \u2014 podkre\u015bli\u0142.<\/p>\n<p class=\"Paragraph_desktopParagraph__U31Gm\">\u2014 To wsp\u00f3lne europejskie zadanie i wsp\u00f3lna europejska odpowiedzialno\u015b\u0107. Jeste\u015bmy gotowi, \u017ceby wsp\u00f3lnie z Finlandi\u0105 prowadzi\u0107 koalicj\u0119 wschodniej flanki NATO \u2014 doda\u0142 Donald Tusk.<\/p>\n<p class=\"VideoPlayerText_videoPlayerText__iDwyz\">Dalszy ci\u0105g materia\u0142u pod wideo<\/p>\n<ul class=\"OchatFollowUps_wrapper__1ry7X\">\n<li class=\"OchatFollowUps_item__Dhyly OchatFollowUps_itemDesktop__R6aBv\">Jakie wyzwania omawiano na szczycie wschodniej flanki NATO?<\/li>\n<li class=\"OchatFollowUps_item__Dhyly OchatFollowUps_itemDesktop__R6aBv\">Co zawiera 13-punktowa deklaracja przyw\u00f3dc\u00f3w?<\/li>\n<li class=\"OchatFollowUps_item__Dhyly OchatFollowUps_itemDesktop__R6aBv\">Jakie cele ma koalicja wschodniej flanki NATO?<\/li>\n<li class=\"OchatFollowUps_item__Dhyly OchatFollowUps_itemDesktop__R6aBv\">Jakie dzia\u0142ania planuj\u0105 Polska i Finlandia w kontek\u015bcie obrony?<\/li>\n<\/ul>\n<p>Donald Tusk: potrzebujemy nacisku politycznego <\/p>\n<p class=\"Paragraph_desktopParagraph__U31Gm\">Donald Tusk m\u00f3wi\u0142 tak\u017ce o wspieraniu rozm\u00f3w pokojowych w sprawie Ukrainy. \u2014 Nasza wsp\u00f3\u0142praca z Finlandi\u0105 i krajami z regionu to nie jest nic nowego. To jeden z najbardziej solidnych i odpowiedzialnych format\u00f3w politycznych. Zagro\u017cenia i problemy s\u0105 wsp\u00f3lne. Mamy granic\u0119 z bardzo wymagaj\u0105cym krajem s\u0105siedzkim i rozumiemy si\u0119 idealnie. Nie ma tu konflikt\u00f3w interes\u00f3w.<\/p>\n<p class=\"Paragraph_desktopParagraph__U31Gm\">\u2014 Zdecydowali\u015bmy, \u017ce b\u0119dziemy dzia\u0142a\u0107 r\u00f3wnie\u017c na ni\u017cszych poziomach, nasi ministrowie, wiceministrowie, doradcy. Jednym z cel\u00f3w b\u0119dzie efektywne wykorzystywanie funduszy europejskich. Potrzebujemy nacisku politycznego. Tak jak m\u00f3wi\u0142em, zrozumienie potrzeb w tej cz\u0119\u015bci \u015bwiata jest chyba wsp\u00f3lne. Ten format i nasza wsp\u00f3lna praca s\u0105 kluczowe i mog\u0105 by\u0107 wzorem dla innych kraj\u00f3w. Jeste\u015bmy gotowi zrobi\u0107 wszystko nie tylko dla naszego bezpiecze\u0144stwa, ale dla bezpiecze\u0144stwa Europy \u2014 doda\u0142.<\/p>\n<p class=\"Paragraph_desktopParagraph__U31Gm\">Przyw\u00f3dcy m\u00f3wili tak\u017ce o sankcjach na rosyjsk\u0105 flot\u0119 cieni. \u2014 Nasza wsp\u00f3\u0142praca rozpocz\u0119\u0142a si\u0119 od spotkania w Sztokholmie. To nie jest kwestia brudnego biznesu i finansowania rosyjskiej agresji. To te\u017c kwestia bezpo\u015bredniego zagro\u017cenia dla nas. Mamy informacje, \u017ce niekt\u00f3re statki mog\u0142y by\u0107 zaanga\u017cowane w prowokacje na polskie platformy wiertnicze. Czas pomy\u015ble\u0107 o odpowiedzi na flot\u0119 cieni \u2014 opisa\u0142 Donald Tusk.<\/p>\n<p>Szczyt wschodniej flanki NATO. Jest deklaracja <\/p>\n<p class=\"Paragraph_desktopParagraph__U31Gm\">Przyw\u00f3dcy pa\u0144stw wschodniej flanki NATO przedstawili tak\u017ce 13-punktow\u0105 deklaracj\u0119. Podkre\u015blili w niej, \u017ce &#8222;Rosja stanowi najpowa\u017cniejsze, bezpo\u015brednie i d\u0142ugofalowe zagro\u017cenie dla naszego bezpiecze\u0144stwa oraz dla pokoju i stabilno\u015bci w obszarze euroatlantyckim&#8221;.<\/p>\n<p class=\"Paragraph_desktopParagraph__U31Gm\">Premier Finlandii Petteri Orpo wyja\u015bni\u0142 na konferencji, \u017ce Polska i Finlandia pracuj\u0105 razem, oba kraje rozpocz\u0119\u0142y tworzenie plan\u00f3w. \u2014 Wsp\u00f3\u0142pracuj\u0105 nasze ministerstwa obrony. (&#8230;) To bardzo dobra wsp\u00f3\u0142praca \u2014 opisa\u0142.<\/p>\n<p class=\"Paragraph_desktopParagraph__U31Gm\">Szef szwedzkiego rz\u0105du Szwecji Ulf Kristersson m\u00f3wi\u0142 wcze\u015bniej, \u017ce Rosja jest d\u0142ugoterminowym zagro\u017ceniem dla NATO. \u2014 Chronimy granice dzie\u0144 w dzie\u0144 i inwestujemy intensywnie w nasz\u0105 obronno\u015b\u0107 \u2014 powiedzia\u0142a premier \u0141otwy Evika Silina.<\/p>\n<p class=\"Paragraph_desktopParagraph__U31Gm\">\u2014 Nawet pok\u00f3j w Ukrainie nie zniweluje permanentnego zagro\u017cenia ze strony NATO \u2014 stwierdzi\u0142 prezydent Rumunii Nicusor Dan. \u2014 Bez bezpiecznej Ukrainy nie b\u0119dziemy mieli bezpiecznej Europy \u2014 doda\u0142 prezydent Litwy Gitnas Nauseda.<\/p>\n","protected":false},"excerpt":{"rendered":"Du\u017co czytania, a ma\u0142o czasu? Sprawd\u017a\u00a0skr\u00f3t\u00a0artyku\u0142u \u2014 Jak wiecie, Polska wnosi du\u017cy wk\u0142ad w bezpiecze\u0144stwo. Robi\u0105c to, korzystamy&hellip;\n","protected":false},"author":2,"featured_media":154330,"comment_status":"","ping_status":"","sticky":false,"template":"","format":"standard","meta":{"footnotes":""},"categories":[5],"tags":[32,33,200,36,37,27,12705,67,34,35,28,31,1395,53,25,52,68,51,55,42,38,40,39,41,62,47,29,30,390,65,50,26],"class_list":{"0":"post-154329","1":"post","2":"type-post","3":"status-publish","4":"format-standard","5":"has-post-thumbnail","7":"category-naglowki","8":"tag-breaking-news","9":"tag-breakingnews","10":"tag-donald_tusk_polityk","11":"tag-featured-news","12":"tag-featurednews","13":"tag-headlines","14":"tag-helsinki","15":"tag-intextvideo_splayer","16":"tag-latest-news","17":"tag-latestnews","18":"tag-naglowki","19":"tag-najwazniejsze-artykuly","20":"tag-nato_sojusz_polnocnoatlantycki","21":"tag-new_header","22":"tag-news","23":"tag-onet3","24":"tag-onet3d","25":"tag-onet3d_2i","26":"tag-phx","27":"tag-pl","28":"tag-poland","29":"tag-polish","30":"tag-polska","31":"tag-polski","32":"tag-rosja_kraj_rosjanin_rosjanie_rosjanka_rosjanki","33":"tag-screening_general","34":"tag-top-stories","35":"tag-topstories","36":"tag-ukraina_ukrainiec_ukrainka_ukraincy_ukrainki","37":"tag-update_me","38":"tag-v2021","39":"tag-wiadomosci"},"share_on_mastodon":{"url":"","error":"Validation failed: Text character limit of 500 exceeded"},"_links":{"self":[{"href":"https:\/\/www.europesays.com\/pl\/wp-json\/wp\/v2\/posts\/154329","targetHints":{"allow":["GET"]}}],"collection":[{"href":"https:\/\/www.europesays.com\/pl\/wp-json\/wp\/v2\/posts"}],"about":[{"href":"https:\/\/www.europesays.com\/pl\/wp-json\/wp\/v2\/types\/post"}],"author":[{"embeddable":true,"href":"https:\/\/www.europesays.com\/pl\/wp-json\/wp\/v2\/users\/2"}],"replies":[{"embeddable":true,"href":"https:\/\/www.europesays.com\/pl\/wp-json\/wp\/v2\/comments?post=154329"}],"version-history":[{"count":0,"href":"https:\/\/www.europesays.com\/pl\/wp-json\/wp\/v2\/posts\/154329\/revisions"}],"wp:featuredmedia":[{"embeddable":true,"href":"https:\/\/www.europesays.com\/pl\/wp-json\/wp\/v2\/media\/154330"}],"wp:attachment":[{"href":"https:\/\/www.europesays.com\/pl\/wp-json\/wp\/v2\/media?parent=154329"}],"wp:term":[{"taxonomy":"category","embeddable":true,"href":"https:\/\/www.europesays.com\/pl\/wp-json\/wp\/v2\/categories?post=154329"},{"taxonomy":"post_tag","embeddable":true,"href":"https:\/\/www.europesays.com\/pl\/wp-json\/wp\/v2\/tags?post=154329"}],"curies":[{"name":"wp","href":"https:\/\/api.w.org\/{rel}","templated":true}]}}