{"id":154442,"date":"2025-12-16T17:54:09","date_gmt":"2025-12-16T17:54:09","guid":{"rendered":"https:\/\/www.europesays.com\/pl\/154442\/"},"modified":"2025-12-16T17:54:09","modified_gmt":"2025-12-16T17:54:09","slug":"wreczenie-nominacji-asesorskich-i-prokuratorskich-uhonorowanie-asystentow-prokuratora-urzednikow-i-innych-pracownikow-prokuratury-oraz-przypomnienie-sylwetki-prokuratora-aleksandra-herzoga-prokura","status":"publish","type":"post","link":"https:\/\/www.europesays.com\/pl\/154442\/","title":{"rendered":"Wr\u0119czenie nominacji asesorskich i prokuratorskich, uhonorowanie asystent\u00f3w prokuratora, urz\u0119dnik\u00f3w i innych pracownik\u00f3w prokuratury oraz przypomnienie sylwetki prokuratora Aleksandra Herzoga &#8211; Prokuratura Krajowa"},"content":{"rendered":"<p>Prokurator Generalny Waldemar \u017burek i Prokurator Krajowy Dariusz Korneluk wr\u0119czyli w dniu 15 grudnia 2025 r. nominacje na stanowiska asesorskie, pierwsze stanowiska prokuratorskie, wy\u017csze stanowiska s\u0142u\u017cbowe. Uhonorowali r\u00f3wnie\u017c asystent\u00f3w prokuratora, urz\u0119dnik\u00f3w oraz innych pracownik\u00f3w prokuratury, wr\u0119czaj\u0105c im listy gratulacyjne i nagrody pieni\u0119\u017cne.<\/p>\n<p>Dekrety nominacyjne wr\u0119czono 142 osobom, w tym 35 os\u00f3b zosta\u0142o mianowanych na stanowisko asesora, 72 osoby powo\u0142ano na stanowisko prokuratora Prokuratury Rejonowej, 23 osoby na stanowisko prokuratora Prokuratury Okr\u0119gowej, 10 os\u00f3b na stanowisko prokuratora Prokuratury Regionalnej i 2 osoby na stanowisko prokuratora Prokuratury Krajowej. Imienna lista mianowanych asesor\u00f3w oraz nominowanych prokurator\u00f3w, a tak\u017ce informacja o drodze zawodowej prokurator\u00f3w powo\u0142anych na stanowisko prokuratora Prokuratury Krajowej stanowi za\u0142\u0105cznik do tego komunikatu.\u00a0<\/p>\n<p>Uroczystym, a jednocze\u015bnie formalnie niezb\u0119dnym elementem aktu nominacyjnego jest z\u0142o\u017cenie \u015blubowania przez asesor\u00f3w i prokurator\u00f3w powo\u0142anych na pierwsze stanowiska prokuratorskie. Tre\u015b\u0107 roty obejmuje najistotniejsze warto\u015bci s\u0142u\u017cby prokuratorskiej &#8211; wskazuje cel dzia\u0142a\u0144, jakim jest s\u0142u\u017cba Rzeczypospolitej Polskiej poprzez stanie na stra\u017cy prawa i praworz\u0105dno\u015bci, oraz okre\u015bla standardy jego realizacji: sumienne wykonywanie obowi\u0105zk\u00f3w, dochowanie tajemnicy prawnie chronionej oraz dzia\u0142anie zgodnie z zasadami godno\u015bci i uczciwo\u015bci.<\/p>\n<p>W tej cz\u0119\u015bci wydarzenia Prokurator Generalny wr\u0119czy\u0142 prokuraotr Annie S\u0142amie akt powo\u0142ania na funkcj\u0119 Rzecznika Dyscyplinarnego Prokuratora Generalnego.<\/p>\n<p>Prokurator Generalny Waldemar \u017burek w swoim wyst\u0105pieniu podkre\u015bli\u0142 uroczysty i podnios\u0142y charakter wr\u0119czenia akt\u00f3w nominacyjnych oraz wskaza\u0142 na znaczenie s\u0142u\u017cby prokuratorskiej dla pa\u0144stwa prawa. Podzi\u0119kowa\u0142 organizatorom za przygotowanie tej uroczysto\u015bci zaznaczaj\u0105c, \u017ce s\u0105 to spotkania niezwykle wa\u017cne dla ca\u0142ego \u015brodowiska prokuratorskiego. Wspomnia\u0142 o rodzinach i bliskich asesor\u00f3w i prokurator\u00f3w, kt\u00f3rych wsparcie by\u0142o nieodzownym elementem do uzyskania nominacji.<\/p>\n<p>&#8211; Praca prokuratora jest niezwykle wymagaj\u0105ca i odpowiedzialna. Osoby, kt\u00f3re dzi\u015b otrzymuj\u0105 nominacje, podejmuj\u0105 si\u0119 s\u0142u\u017cby pa\u0144stwu w najtrudniejszych momentach &#8211; zaznaczy\u0142, nawi\u0105zuj\u0105c do roty \u015blubowania prokuratorskiego i obowi\u0105zku stania na stra\u017cy prawa oraz praworz\u0105dno\u015bci.<\/p>\n<p>Prokurator Generalny podkre\u015bli\u0142, \u017ce jego celem jest odbudowa zaufania obywateli do prokuratury oraz zdj\u0119cie z niej odium politycznego. Wyrazi\u0142 nadziej\u0119 na rozdzielenie funkcji Ministra Sprawiedliwo\u015bci i Prokuratora Generalnego oraz zapowiedzia\u0142 dalsze prace nad reform\u0105 prokuratury, opart\u0105 na postulatach \u015brodowiska zawodowego. Zaznaczy\u0142, \u017ce zmiany legislacyjne powinny wzmocni\u0107 rol\u0119 prokurator\u00f3w liniowych i ograniczy\u0107 nadmierny nadz\u00f3r.<\/p>\n<p>Poinformowa\u0142 r\u00f3wnie\u017c o decyzjach dotycz\u0105cych kszta\u0142cenia przysz\u0142ych kadr: zwi\u0119kszeniu limitu miejsc na pierwszy rocznik kszta\u0142cenia na aplikacji prokuratorskiej z 75 do 115 oraz podniesieniu wynagrodze\u0144 aplikant\u00f3w Krajowej Szko\u0142y S\u0105downictwa i Prokuratury.<\/p>\n<p>&#8211; Prokuratura, kt\u00f3ra stoi po stronie obywatela, jest prokuratur\u0105 na miar\u0119 wsp\u00f3\u0142czesnych wyzwa\u0144 i miejsca Polski w zjednoczonej Europie &#8211; podkre\u015bli\u0142 Waldemar \u017burek.<\/p>\n<p>Prokurator Generalny zwr\u00f3ci\u0142 uwag\u0119 na znaczenie codziennej pracy pracownik\u00f3w prokuratury, bez kt\u00f3rych sprawne funkcjonowanie instytucji nie by\u0142oby mo\u017cliwe.<\/p>\n<p>Na zako\u0144czenie Waldemar \u017burek zaapelowa\u0142 do adept\u00f3w zawodu o zachowanie niezale\u017cno\u015bci i odwagi. Podkre\u015bli\u0142, \u017ce prokuratorzy musz\u0105 charakteryzowa\u0107 si\u0119 nieugi\u0119t\u0105 postaw\u0105 wobec prawa, a w momentach kryzysu praworz\u0105dno\u015bci kierowa\u0107 si\u0119 Konstytucj\u0105, prawem europejskim oraz warto\u015bciami pa\u0144stwa prawa.<\/p>\n<p>Wr\u0119czenie nominacji na stanowiska asesorskie i prokuratorskie by\u0142o tak\u017ce okazj\u0105 do uroczystego uhonorowania asystent\u00f3w prokurator\u00f3w, urz\u0119dnik\u00f3w oraz innych pracownik\u00f3w prokuratury.<\/p>\n<p>Uhonorowanych zosta\u0142o \u0142\u0105cznie 28 pracownik\u00f3w prokuratury z 28 jednostek organizacyjnych prokuratury, a w tym: 13 referendarzy, 4 starszych referent\u00f3w, 4 asystent\u00f3w prokuratora, 1 starszy inspektor ds. biurowo\u015bci, 1 inspektor ds. biurowo\u015bci, 2 pe\u0142nomocnik\u00f3w ds. ochrony informacji niejawnych, 1 g\u0142\u00f3wna ksi\u0119gowa, 1 g\u0142\u00f3wny specjalista ds. kadr oraz 1 pracownik prokuratury.<\/p>\n<p>W tej cz\u0119\u015bci uroczysto\u015bci g\u0142os zabra\u0142 Prokurator Krajowy Dariusz Korneluk. Podkre\u015bli\u0142, \u017ce po\u0142\u0105czenie wr\u0119czenia nominacji asesorskich i prokuratorskich z uhonorowaniem pracownik\u00f3w prokuratury nie jest przypadkowe, lecz stanowi wyra\u017any sygna\u0142 zar\u00f3wno dla \u015brodowiska prokuratorskiego, jak i dla spo\u0142ecze\u0144stwa.<\/p>\n<p>&#8211; Prokuratorzy i pracownicy prokuratury tworz\u0105 jedn\u0105 wsp\u00f3lnot\u0119. Jeste\u015bmy jednym zespo\u0142em, kt\u00f3ry s\u0142u\u017cy Rzeczypospolitej Polskiej i realizuje jedn\u0105 misj\u0119 &#8211; stanie na stra\u017cy prawa i praworz\u0105dno\u015bci &#8211; podkre\u015bli\u0142.<\/p>\n<p>Prokurator Krajowy zaznaczy\u0142, \u017ce zaszczytem jest dla niego mo\u017cliwo\u015b\u0107 wr\u0119czenia &#8211; wsp\u00f3lnie z Prokuratorem Generalnym &#8211; list\u00f3w gratulacyjnych i nagr\u00f3d osobom, kt\u00f3rych codzienna praca, cho\u0107 cz\u0119sto mniej widoczna, jest niezb\u0119dna dla sprawnego funkcjonowania prokuratury. Wskaza\u0142, \u017ce za ka\u017cd\u0105 decyzj\u0105 prokuratora stoi zaanga\u017cowanie wielu asystent\u00f3w, urz\u0119dnik\u00f3w i innych pracownik\u00f3w, bez kt\u00f3rych realizacja zada\u0144 prokuratury by\u0142aby niemo\u017cliwa lub znacznie utrudniona.<\/p>\n<p>Dariusz Korneluk zaznaczy\u0142 r\u00f3wnie\u017c, \u017ce dobro pracownik\u00f3w prokuratury jest jednym z priorytet\u00f3w obecnego kierownictwa. Cho\u0107 skala potrzeb przewy\u017csza obecnie mo\u017cliwo\u015bci, podejmowane s\u0105 intensywne dzia\u0142ania &#8211; wsp\u00f3lnie z Prokuratorem Generalnym &#8211; aby poprawia\u0107 warunki pracy i poziom wynagradzania.<\/p>\n<p>Na zako\u0144czenie Prokurator Krajowy podkre\u015bli\u0142, \u017ce dzisiejsze wyr\u00f3\u017cnienia maj\u0105 charakter symboliczny, lecz s\u0105 wyrazem szczerego uznania i podzi\u0119kowania dla wszystkich pracownik\u00f3w prokuratury za ich codzienny trud i zaanga\u017cowanie.<\/p>\n<p>Zwr\u00f3ci\u0142 si\u0119 tak\u017ce do nominowanych asesor\u00f3w i prokurator\u00f3w z przes\u0142aniem, aby nigdy nie zapomnieli o misji, jak\u0105 niesie ze sob\u0105 zaw\u00f3d prokuratora oraz nigdy nie zw\u0105tpili, \u017ce wykonywana przez nich praca ma realne znaczenie dla pa\u0144stwa i obywateli.<\/p>\n<p>Cz\u0119\u015b\u0107 uroczysto\u015bci po\u015bwi\u0119cona by\u0142a przypomnieniu sylwetki prokuratora Aleksandra Herzoga, autora ksi\u0105\u017cki \u201eProkurator\u201d, zmar\u0142ego w 2024 r. Go\u015bciem honoowym by\u0142a jego ma\u0142\u017conka Pani Magda Herzog. Alksander Herzog\u00a0zapisa\u0142 si\u0119 w historii polskiej prokuratury jako wybitny prawnik, a tak\u017ce wsp\u00f3\u0142tw\u00f3rca nowej prokuratury po 1989 r. By\u0142 symbolem niezale\u017cno\u015bci prokuratorskiej, mentorem dla m\u0142odych prokurator\u00f3w i niekwestionowanym autorytetem zawodowym.\u00a0<\/p>\n<p>Uczestnicy wys\u0142uchali wspomnie\u0144 o prokuratorze Aleksandrze Herzogu, kt\u00f3rymi podzielili si\u0119 jego przyjaciele: Janina Jurewicz-Jankowska prokurator Prokuratury Okr\u0119gowej w Olsztynie w stanie spoczynku oraz Stanis\u0142aw Zab\u0142ocki s\u0119dzia S\u0105du Najwy\u017cszego w stanie spoczynku.\u00a0<\/p>\n<p>Uroczysto\u015b\u0107 u\u015bwietni\u0142 koncert kwartetu skrzypcowego.\u00a0<\/p>\n<p>prok. Anna Adamiak<br \/>Rzecznik Prasowy<br \/>Prokuratora Generalnego<\/p>\n","protected":false},"excerpt":{"rendered":"Prokurator Generalny Waldemar \u017burek i Prokurator Krajowy Dariusz Korneluk wr\u0119czyli w dniu 15 grudnia 2025 r. nominacje na&hellip;\n","protected":false},"author":2,"featured_media":154443,"comment_status":"","ping_status":"","sticky":false,"template":"","format":"standard","meta":{"footnotes":""},"categories":[12],"tags":[32,33,36,37,27,34,35,28,31,25,42,38,40,39,41,29,30,26],"class_list":{"0":"post-154442","1":"post","2":"type-post","3":"status-publish","4":"format-standard","5":"has-post-thumbnail","7":"category-polska","8":"tag-breaking-news","9":"tag-breakingnews","10":"tag-featured-news","11":"tag-featurednews","12":"tag-headlines","13":"tag-latest-news","14":"tag-latestnews","15":"tag-naglowki","16":"tag-najwazniejsze-artykuly","17":"tag-news","18":"tag-pl","19":"tag-poland","20":"tag-polish","21":"tag-polska","22":"tag-polski","23":"tag-top-stories","24":"tag-topstories","25":"tag-wiadomosci"},"share_on_mastodon":{"url":"https:\/\/pubeurope.com\/@pl\/115730531313999436","error":""},"_links":{"self":[{"href":"https:\/\/www.europesays.com\/pl\/wp-json\/wp\/v2\/posts\/154442","targetHints":{"allow":["GET"]}}],"collection":[{"href":"https:\/\/www.europesays.com\/pl\/wp-json\/wp\/v2\/posts"}],"about":[{"href":"https:\/\/www.europesays.com\/pl\/wp-json\/wp\/v2\/types\/post"}],"author":[{"embeddable":true,"href":"https:\/\/www.europesays.com\/pl\/wp-json\/wp\/v2\/users\/2"}],"replies":[{"embeddable":true,"href":"https:\/\/www.europesays.com\/pl\/wp-json\/wp\/v2\/comments?post=154442"}],"version-history":[{"count":0,"href":"https:\/\/www.europesays.com\/pl\/wp-json\/wp\/v2\/posts\/154442\/revisions"}],"wp:featuredmedia":[{"embeddable":true,"href":"https:\/\/www.europesays.com\/pl\/wp-json\/wp\/v2\/media\/154443"}],"wp:attachment":[{"href":"https:\/\/www.europesays.com\/pl\/wp-json\/wp\/v2\/media?parent=154442"}],"wp:term":[{"taxonomy":"category","embeddable":true,"href":"https:\/\/www.europesays.com\/pl\/wp-json\/wp\/v2\/categories?post=154442"},{"taxonomy":"post_tag","embeddable":true,"href":"https:\/\/www.europesays.com\/pl\/wp-json\/wp\/v2\/tags?post=154442"}],"curies":[{"name":"wp","href":"https:\/\/api.w.org\/{rel}","templated":true}]}}