{"id":154460,"date":"2025-12-16T18:04:06","date_gmt":"2025-12-16T18:04:06","guid":{"rendered":"https:\/\/www.europesays.com\/pl\/154460\/"},"modified":"2025-12-16T18:04:06","modified_gmt":"2025-12-16T18:04:06","slug":"lukasz-schreiber-zabral-glos-po-operacji-wspomnial-o-trudnym-czasie","status":"publish","type":"post","link":"https:\/\/www.europesays.com\/pl\/154460\/","title":{"rendered":"\u0141ukasz Schreiber zabra\u0142 g\u0142os po operacji. Wspomnia\u0142 o &#8222;trudnym czasie&#8221;"},"content":{"rendered":"<p class=\"ods-c-paragraph \"><a href=\"https:\/\/plejada.pl\/temat\/lukasz-schreiber\" id=\"df20cfd4-35f9-422b-8d25-edd4033584a1\" rel=\"nofollow noopener\" target=\"_blank\">\u0141ukasz Schreiber<\/a> od lat aktywnie uczestniczy w \u017cyciu politycznym, jednak w ostatnim czasie uwag\u0119 opinii publicznej przyci\u0105ga\u0142y tak\u017ce jego sprawy prywatne. W czerwcu 2025 r. polityk rozsta\u0142 si\u0119 z Mariann\u0105 Schreiber, a dwa miesi\u0105ce p\u00f3\u017aniej zawar\u0142 nowy zwi\u0105zek ma\u0142\u017ce\u0144ski z Weronik\u0105. 15 grudnia \u017cona pos\u0142a za po\u015brednictwem medi\u00f3w spo\u0142eczno\u015bciowych poinformowa\u0142a, \u017ce jej m\u0105\u017c przeszed\u0142 operacj\u0119, prosz\u0105c jednocze\u015bnie o zrozumienie i chwil\u0119 spokoju.<\/p>\n<p>Dalszy ci\u0105g artyku\u0142u pod materia\u0142em wideo<br \/>\n\u0141ukasz Schreiber przeszed\u0142 operacj\u0119. Teraz zabra\u0142 g\u0142os<\/p>\n<p class=\"ods-c-paragraph \">Weronika Schreiber wyja\u015bni\u0142a, \u017ce ostatnie dni by\u0142y dla nich okresem pe\u0142nym przygotowa\u0144 i stresu, a teraz potrzebuj\u0105 ciszy i czasu na powr\u00f3t do r\u00f3wnowagi. Zwr\u00f3ci\u0142a si\u0119 tak\u017ce z podzi\u0119kowaniami za wsparcie, jakie otrzymali od bliskich i obserwuj\u0105cych.<\/p>\n<p class=\"ods-c-paragraph \">&#8222;Otrzyma\u0142am od was przez ostatnie dni dziesi\u0105tki wiadomo\u015bci z pytaniami, dlaczego mnie tutaj nie ma. M\u00f3j m\u0105\u017c przeszed\u0142 dzisiaj operacj\u0119. To by\u0142 czas pe\u0142en przygotowa\u0144 i stresu. Potrzebujemy teraz ciszy. Wr\u00f3c\u0119 do was niebawem!&#8221; \u2014 napisa\u0142a.<\/p>\n<p class=\"ods-c-paragraph \">Dzie\u0144 po zabiegu g\u0142os zabra\u0142 sam \u0141ukasz Schreiber. Polityk poinformowa\u0142, \u017ce po raz pierwszy od dziesi\u0119ciu lat nie b\u0119dzie m\u00f3g\u0142 wzi\u0105\u0107 udzia\u0142u w najbli\u017cszym posiedzeniu Sejmu z powodu konieczno\u015bci przej\u015bcia operacji. Zwr\u00f3ci\u0142 uwag\u0119, \u017ce nieobecno\u015b\u0107 w parlamencie to dla niego sytuacja wyj\u0105tkowa.<\/p>\n<blockquote class=\"ods-o-quota\">\n<p class=\"ods-o-quota__paragraph\">Nie b\u0119d\u0119 w stanie wzi\u0105\u0107 udzia\u0142u w najbli\u017cszym posiedzeniu Sejmu pierwszy raz od dziesi\u0119ciu lat. Niestety musia\u0142em przej\u015b\u0107 operacj\u0119<\/p>\n<\/blockquote>\n<p class=\"ods-c-paragraph \">\u2014 przekaza\u0142.<\/p>\n<p class=\"ods-c-paragraph \">Pose\u0142 podzi\u0119kowa\u0142 lekarzom i personelowi bydgoskiego szpitala, a tak\u017ce swojej \u017conie za wsparcie w trudnych chwilach. Wyrazi\u0142 wdzi\u0119czno\u015b\u0107 rodzinie i przyjacio\u0142om za dobre s\u0142owo, podkre\u015blaj\u0105c, \u017ce zamierza wr\u00f3ci\u0107 do pe\u0142nej aktywno\u015bci od Nowego Roku.<\/p>\n<p class=\"ods-c-paragraph \">&#8222;Dzi\u0119kuj\u0119 lekarzom i personelowi bydgoskiego szpitala, a tak\u017ce mojej \u017conie za opiek\u0119 w tym trudnym czasie. Dzi\u0119kuj\u0119 tak\u017ce mojej rodzinie i przyjacio\u0142om za wsparcie oraz dobre s\u0142owo. Obiecuj\u0119 wr\u00f3ci\u0107 od nowego roku w pe\u0142ni si\u0142, by walczy\u0107 o Polsk\u0119 naszych marze\u0144&#8221; \u2014 podkre\u015bli\u0142.<\/p>\n<p class=\"ods-c-paragraph \">Doda\u0142 r\u00f3wnie\u017c, \u017ce towarzyszy mu dobra lektura, a jego ulubiona dru\u017cyna pi\u0142karska wygra\u0142a mecz.<\/p>\n<p class=\"ods-c-paragraph \">Dzi\u0119kujemy, \u017ce przeczyta\u0142a\u015b\/e\u015b nasz artyku\u0142 do ko\u0144ca. W serwisie Plejada.pl ka\u017cdego dnia piszemy o najwa\u017cniejszych wydarzeniach show-biznesowych. B\u0105d\u017a na bie\u017c\u0105co! <a rel=\"nofollow noopener\" href=\"https:\/\/profile.google.com\/cp\/Cg0vZy8xMWJ6X19wdHBx\" id=\"bd3cfe4a-f7ba-4edd-b43f-db69b3df5196\" target=\"_blank\">Obserwuj<\/a> Plejad\u0119 w Wiadomo\u015bciach Google. Odwied\u017a nas tak\u017ce na <a rel=\"nofollow noopener\" href=\"https:\/\/www.facebook.com\/plejadapl\" id=\"700eae4b-3591-42dd-928f-00776131aa92\" target=\"_blank\">Facebooku<\/a>, <a rel=\"nofollow noopener\" href=\"https:\/\/www.instagram.com\/plejadapl\/\" id=\"45153374-9431-4e76-a1ed-c242a29d7a92\" target=\"_blank\">Instagramie<\/a>, <a rel=\"nofollow noopener\" href=\"https:\/\/www.youtube.com\/c\/plejada\" id=\"3f43799d-2d00-4da9-915d-bd43355fe967\" target=\"_blank\">YouTube<\/a> oraz <a rel=\"nofollow noopener\" href=\"https:\/\/www.tiktok.com\/@plejada_pl\" id=\"cfa545c6-a9bf-43fe-ae62-480030b7f5e0\" target=\"_blank\">TikToku<\/a>.<\/p>\n<p class=\"ods-c-paragraph \">Chcesz podzieli\u0107 si\u0119 ciekawym newsem lub zaproponowa\u0107 temat? Skontaktuj si\u0119 z nami, pisz\u0105c e-maila na adres: <a rel=\"nofollow noopener\" href=\"https:\/\/plejada.pl\/newsy\/lukasz-schreiber-zabral-glos-po-operacji-wspomnial-o-trudnym-czasie\/mailto:plejada@redakcjaonet.pl\" id=\"7c35e9ae-6c8e-4b09-bc68-bf403e36a2af\" target=\"_blank\">plejada@redakcjaonet.pl<\/a>.<\/p>\n<p><script async src=\"\/\/www.instagram.com\/embed.js\"><\/script><script async src=\"\/\/www.tiktok.com\/embed.js\"><\/script><\/p>\n","protected":false},"excerpt":{"rendered":"\u0141ukasz Schreiber od lat aktywnie uczestniczy w \u017cyciu politycznym, jednak w ostatnim czasie uwag\u0119 opinii publicznej przyci\u0105ga\u0142y tak\u017ce&hellip;\n","protected":false},"author":2,"featured_media":154461,"comment_status":"","ping_status":"","sticky":false,"template":"","format":"standard","meta":{"footnotes":""},"categories":[22],"tags":[122,7506,48,125,46,42,38,40,39,41,25865,123,47],"class_list":{"0":"post-154460","1":"post","2":"type-post","3":"status-publish","4":"format-standard","5":"has-post-thumbnail","7":"category-rozrywka","8":"tag-entertainment","9":"tag-lukasz_schreiber","10":"tag-nat_styl","11":"tag-newsy","12":"tag-omp","13":"tag-pl","14":"tag-poland","15":"tag-polish","16":"tag-polska","17":"tag-polski","18":"tag-rebrand_ai_tst0","19":"tag-rozrywka","20":"tag-screening_general"},"share_on_mastodon":{"url":"https:\/\/pubeurope.com\/@pl\/115730570480306709","error":""},"_links":{"self":[{"href":"https:\/\/www.europesays.com\/pl\/wp-json\/wp\/v2\/posts\/154460","targetHints":{"allow":["GET"]}}],"collection":[{"href":"https:\/\/www.europesays.com\/pl\/wp-json\/wp\/v2\/posts"}],"about":[{"href":"https:\/\/www.europesays.com\/pl\/wp-json\/wp\/v2\/types\/post"}],"author":[{"embeddable":true,"href":"https:\/\/www.europesays.com\/pl\/wp-json\/wp\/v2\/users\/2"}],"replies":[{"embeddable":true,"href":"https:\/\/www.europesays.com\/pl\/wp-json\/wp\/v2\/comments?post=154460"}],"version-history":[{"count":0,"href":"https:\/\/www.europesays.com\/pl\/wp-json\/wp\/v2\/posts\/154460\/revisions"}],"wp:featuredmedia":[{"embeddable":true,"href":"https:\/\/www.europesays.com\/pl\/wp-json\/wp\/v2\/media\/154461"}],"wp:attachment":[{"href":"https:\/\/www.europesays.com\/pl\/wp-json\/wp\/v2\/media?parent=154460"}],"wp:term":[{"taxonomy":"category","embeddable":true,"href":"https:\/\/www.europesays.com\/pl\/wp-json\/wp\/v2\/categories?post=154460"},{"taxonomy":"post_tag","embeddable":true,"href":"https:\/\/www.europesays.com\/pl\/wp-json\/wp\/v2\/tags?post=154460"}],"curies":[{"name":"wp","href":"https:\/\/api.w.org\/{rel}","templated":true}]}}