{"id":154478,"date":"2025-12-16T18:15:16","date_gmt":"2025-12-16T18:15:16","guid":{"rendered":"https:\/\/www.europesays.com\/pl\/154478\/"},"modified":"2025-12-16T18:15:16","modified_gmt":"2025-12-16T18:15:16","slug":"nie-zjawila-sie-w-pracy-szokujace-szczegoly-smierci-54-letniej-lekarki","status":"publish","type":"post","link":"https:\/\/www.europesays.com\/pl\/154478\/","title":{"rendered":"Nie zjawi\u0142a si\u0119 w pracy. Szokuj\u0105ce szczeg\u00f3\u0142y \u015bmierci 54-letniej lekarki"},"content":{"rendered":"<p class=\"ods-c-paragraph \">54-latka nie zjawi\u0142a si\u0119 w pracy, co zaniepokoi\u0142o jedn\u0105 z jej kole\u017canek \u2014 podaje &#8222;Tygodnik Siedlecki&#8221;, powo\u0142uj\u0105c si\u0119 na Rafa\u0142a Je\u017caka z zespo\u0142u prasowego Komendy Wojew\u00f3dzkiej Policji w Radomiu. Kobieta uda\u0142a si\u0119 pod dom lekarki, a kiedy przez okna nie zobaczy\u0142a jej w \u015brodku, zg\u0142osi\u0142a spraw\u0119 policji. W\u00f3wczas funkcjonariusze pojechali we wskazane miejsce. 15 grudnia, po kilku godzinach poszukiwa\u0144, znale\u017ali cia\u0142o kobiety w rowie niedaleko Turny.<\/p>\n<p>Dalszy ci\u0105g artyku\u0142u pod materia\u0142em wideo<\/p>\n<p> Kto by\u0142 partnerem zmar\u0142ej lekarki? <\/p>\n<p> Gdzie znaleziono cia\u0142o kobiety? <\/p>\n<p> Jakie obra\u017cenia mia\u0142a 54-letnia lekarka? <\/p>\n<p> Co wiadomo o zatrzymanym m\u0119\u017cczy\u017anie? <\/p>\n<p>  Cia\u0142o 54-letniej kobiety w wykopie na Mazowszu<\/p>\n<p class=\"ods-c-paragraph \">Kobieta z widocznymi obra\u017ceniami g\u0142owy le\u017ca\u0142a w wykopie na posesji, a jej cia\u0142o cz\u0119\u015bciowo by\u0142o przysypane piachem. &#8222;Tygodnik Siedlecki&#8221; podaje, \u017ce z nieoficjalnych informacji wynika, i\u017c w sprawie zatrzymano 45-letniego partnera, kt\u00f3ry mia\u0142 przyzna\u0107 si\u0119 do zab\u00f3jstwa. Zar\u00f3wno on, jak i ofiara s\u0105 narodowo\u015bci ukrai\u0144skiej.<\/p>\n<p class=\"ods-c-paragraph \">&#8222;Funkcjonariusze zatrzymali 45-letniego m\u0119\u017cczyzn\u0119. Trwaj\u0105 czynno\u015bci wyja\u015bniaj\u0105ce pod nadzorem prokuratury&#8221; \u2014 przekaza\u0142 Rafa\u0142 Je\u017cak.<\/p>\n<p class=\"ods-c-paragraph \">Policja pod nadzorem prokuratury bada teraz okoliczno\u015bci \u015bmierci kobiety. Ostateczn\u0105 przyczyn\u0119 okre\u015bli sekcja zw\u0142ok. Policja potwierdza, \u017ce zatrzymany 45-latek, to jedyna osoba, kt\u00f3ra mog\u0142a mie\u0107 zwi\u0105zek ze spraw\u0105.<\/p>\n","protected":false},"excerpt":{"rendered":"54-latka nie zjawi\u0142a si\u0119 w pracy, co zaniepokoi\u0142o jedn\u0105 z jej kole\u017canek \u2014 podaje &#8222;Tygodnik Siedlecki&#8221;, powo\u0142uj\u0105c si\u0119&hellip;\n","protected":false},"author":2,"featured_media":154479,"comment_status":"","ping_status":"","sticky":false,"template":"","format":"standard","meta":{"footnotes":""},"categories":[12],"tags":[32,33,36,37,27,34,35,28,31,48,25,46,42,38,414,40,39,41,1627,47,29,30,435,26,411],"class_list":{"0":"post-154478","1":"post","2":"type-post","3":"status-publish","4":"format-standard","5":"has-post-thumbnail","7":"category-polska","8":"tag-breaking-news","9":"tag-breakingnews","10":"tag-featured-news","11":"tag-featurednews","12":"tag-headlines","13":"tag-latest-news","14":"tag-latestnews","15":"tag-naglowki","16":"tag-najwazniejsze-artykuly","17":"tag-nat_styl","18":"tag-news","19":"tag-omp","20":"tag-pl","21":"tag-poland","22":"tag-policja","23":"tag-polish","24":"tag-polska","25":"tag-polski","26":"tag-prokuratura","27":"tag-screening_general","28":"tag-top-stories","29":"tag-topstories","30":"tag-warszawa","31":"tag-wiadomosci","32":"tag-zabojstwo"},"share_on_mastodon":{"url":"https:\/\/pubeurope.com\/@pl\/115730614001827752","error":""},"_links":{"self":[{"href":"https:\/\/www.europesays.com\/pl\/wp-json\/wp\/v2\/posts\/154478","targetHints":{"allow":["GET"]}}],"collection":[{"href":"https:\/\/www.europesays.com\/pl\/wp-json\/wp\/v2\/posts"}],"about":[{"href":"https:\/\/www.europesays.com\/pl\/wp-json\/wp\/v2\/types\/post"}],"author":[{"embeddable":true,"href":"https:\/\/www.europesays.com\/pl\/wp-json\/wp\/v2\/users\/2"}],"replies":[{"embeddable":true,"href":"https:\/\/www.europesays.com\/pl\/wp-json\/wp\/v2\/comments?post=154478"}],"version-history":[{"count":0,"href":"https:\/\/www.europesays.com\/pl\/wp-json\/wp\/v2\/posts\/154478\/revisions"}],"wp:featuredmedia":[{"embeddable":true,"href":"https:\/\/www.europesays.com\/pl\/wp-json\/wp\/v2\/media\/154479"}],"wp:attachment":[{"href":"https:\/\/www.europesays.com\/pl\/wp-json\/wp\/v2\/media?parent=154478"}],"wp:term":[{"taxonomy":"category","embeddable":true,"href":"https:\/\/www.europesays.com\/pl\/wp-json\/wp\/v2\/categories?post=154478"},{"taxonomy":"post_tag","embeddable":true,"href":"https:\/\/www.europesays.com\/pl\/wp-json\/wp\/v2\/tags?post=154478"}],"curies":[{"name":"wp","href":"https:\/\/api.w.org\/{rel}","templated":true}]}}