{"id":154491,"date":"2025-12-16T18:23:10","date_gmt":"2025-12-16T18:23:10","guid":{"rendered":"https:\/\/www.europesays.com\/pl\/154491\/"},"modified":"2025-12-16T18:23:10","modified_gmt":"2025-12-16T18:23:10","slug":"roman-giertych-napisal-list-do-karola-nawrockiego-wez-sie-pan-ogarnij-2","status":"publish","type":"post","link":"https:\/\/www.europesays.com\/pl\/154491\/","title":{"rendered":"Roman Giertych napisa\u0142 list do Karola Nawrockiego. &#8222;We\u017a si\u0119, pan, ogarnij&#8221;"},"content":{"rendered":"<p class=\"Paragraph_desktopParagraph__U31Gm\">S\u0142owa Karola Nawrockiego pod adresem Rados\u0142awa Sikorskiego, kt\u00f3re pad\u0142y w wywiadzie prezydenta dla WP wywo\u0142a\u0142y du\u017ce emocje w\u015br\u00f3d polityk\u00f3w KO. &#8222;On w Afganistanie z aparatem, a ja w lesie z pi\u0119\u015bciami? Je\u017celi minister Sikorski czuje si\u0119 rycerzem, to wypada mi pogratulowa\u0107 mu dobrego samopoczucia&#8221; \u2014 powiedzia\u0142 Nawrocki pytany o szefa MSZ i &#8222;rycerskie do\u015bwiadczenia&#8221;.<\/p>\n<p class=\"VideoPlayerText_videoPlayerText__iDwyz\">Dalszy ci\u0105g materia\u0142u pod wideo<\/p>\n<p class=\"Paragraph_desktopParagraph__U31Gm\">Do sprawy odni\u00f3s\u0142 si\u0119 w mediach spo\u0142eczno\u015bciowych Roman Giertych. Pose\u0142 KO napisa\u0142 d\u0142ugi post w formie listu. Na pocz\u0105tku zaznacza, \u017ce przeczyta\u0142 wywiad Karola Nawrockiego i ocenia, \u017ce w spos\u00f3b &#8222;lekcewa\u017c\u0105cy&#8221; m\u00f3wi\u0142 o Rados\u0142awie Sikorskim i jego roli korespondenta wojennego w Afganistanie. &#8222;Jednocze\u015bnie uzna\u0142 pan, \u017ce bardziej rycerska ni\u017c jego, jest pana walka na pi\u0119\u015bci podczas ustawek kibic\u00f3w&#8221; \u2014 czytamy.<\/p>\n<ul class=\"OchatFollowUps_wrapper__1ry7X\">\n<li class=\"OchatFollowUps_item__Dhyly OchatFollowUps_itemDesktop__R6aBv\">Co Roman Giertych napisa\u0142 w li\u015bcie do Karola Nawrockiego?<\/li>\n<li class=\"OchatFollowUps_item__Dhyly OchatFollowUps_itemDesktop__R6aBv\">Jakie s\u0142owa Karola Nawrockiego wywo\u0142a\u0142y emocje w\u015br\u00f3d polityk\u00f3w KO?<\/li>\n<li class=\"OchatFollowUps_item__Dhyly OchatFollowUps_itemDesktop__R6aBv\">Czego Roman Giertych oczekuje od Karola Nawrockiego jako prezydenta?<\/li>\n<li class=\"OchatFollowUps_item__Dhyly OchatFollowUps_itemDesktop__R6aBv\">Jakie zachowanie Karol Nawrocki mia\u0142by wed\u0142ug Giertycha poprawi\u0107?<\/li>\n<\/ul>\n<p>Ostre s\u0142owa Romana Giertycha pod adresem Karola Nawrockiego <\/p>\n<p class=\"Paragraph_desktopParagraph__U31Gm\">Polityk ocenia, \u017ce Karol Nawrocki zosta\u0142 prezydentem ze wzgl\u0119du na &#8222;dziwny zbieg okoliczno\u015bci&#8221; i &#8222;kaprys prezesa PiS&#8221;. &#8222;Czy m\u00f3g\u0142by wi\u0119c pan w czasie pe\u0142nienia tej funkcji zachowywa\u0107 si\u0119, chocia\u017c odrobin\u0119 z godno\u015bci\u0105 i powag\u0105?&#8221; \u2014 pyta. Ocenia, \u017ce prezydent nie powinien pochwala\u0107 ustawek, bijatyk i oszustw staruszek. Nawi\u0105zuje w ten spos\u00f3b do doniesie\u0144 z czasu kampanii prezydenckiej.<\/p>\n<p class=\"Paragraph_desktopParagraph__U31Gm\">Dalej pisze w jeszcze ostrzejszym tonie. &#8222;We\u017a si\u0119, pan, ogarnij i przesta\u0144 zachowywa\u0107 jak rozkapryszone dziecko. Nikt panu nie da\u0142 prawa do uwa\u017cania, \u017ce funkcja, kt\u00f3ra panu przypad\u0142a, daje panu prawo do rz\u0105dzenia krajem. Natomiast pe\u0142ni\u0105c t\u0119 funkcj\u0119, postaraj si\u0119, pan, chocia\u017c przypomina\u0107 prezydenta!&#8221; \u2014 czytamy.<\/p>\n<p class=\"Paragraph_desktopParagraph__U31Gm\">Roman Giertych prosi te\u017c, by Karol Nawrocki zastanowi\u0142 si\u0119 nad odpowiedzialno\u015bci\u0105 moraln\u0105, poniewa\u017c jego zdaniem publicznie pochwala przest\u0119pstwo i zach\u0119ca m\u0142odych ludzi do podobnych zachowa\u0144.<\/p>\n<p class=\"Paragraph_desktopParagraph__U31Gm\">Na koniec przypomina, \u017ce Donald Tusk uczestniczy w szczycie wschodniej flanki UE. &#8222;M\u00f3wi\u0105c delikatnie, we\u017a, pan, skorzystaj z okazji do milczenia, p\u00f3jd\u017a sobie na si\u0142owni\u0119 lub zwi\u0119ksz liczb\u0119 branych snus\u00f3w i przesta\u0144 przeszkadza\u0107!&#8221; \u2014 pisze polityk. Dodaje, \u017ce je\u017celi ma dobre relacje z Donaldem Trumpem, powinien uj\u0105\u0107 si\u0119 za polskimi wi\u0119\u017aniami na Bia\u0142orusi.<\/p>\n","protected":false},"excerpt":{"rendered":"S\u0142owa Karola Nawrockiego pod adresem Rados\u0142awa Sikorskiego, kt\u00f3re pad\u0142y w wywiadzie prezydenta dla WP wywo\u0142a\u0142y du\u017ce emocje w\u015br\u00f3d&hellip;\n","protected":false},"author":2,"featured_media":154492,"comment_status":"","ping_status":"","sticky":false,"template":"","format":"standard","meta":{"footnotes":""},"categories":[5],"tags":[32,33,36,37,27,67,240,34,35,28,31,53,25,52,68,51,55,42,38,40,39,41,1534,11643,47,29,30,65,50,26],"class_list":{"0":"post-154491","1":"post","2":"type-post","3":"status-publish","4":"format-standard","5":"has-post-thumbnail","7":"category-naglowki","8":"tag-breaking-news","9":"tag-breakingnews","10":"tag-featured-news","11":"tag-featurednews","12":"tag-headlines","13":"tag-intextvideo_splayer","14":"tag-karol_nawrocki_prezydent","15":"tag-latest-news","16":"tag-latestnews","17":"tag-naglowki","18":"tag-najwazniejsze-artykuly","19":"tag-new_header","20":"tag-news","21":"tag-onet3","22":"tag-onet3d","23":"tag-onet3d_2i","24":"tag-phx","25":"tag-pl","26":"tag-poland","27":"tag-polish","28":"tag-polska","29":"tag-polski","30":"tag-radoslaw_sikorski_polityk","31":"tag-roman_giertych_polityk","32":"tag-screening_general","33":"tag-top-stories","34":"tag-topstories","35":"tag-update_me","36":"tag-v2021","37":"tag-wiadomosci"},"share_on_mastodon":{"url":"https:\/\/pubeurope.com\/@pl\/115730645526326178","error":""},"_links":{"self":[{"href":"https:\/\/www.europesays.com\/pl\/wp-json\/wp\/v2\/posts\/154491","targetHints":{"allow":["GET"]}}],"collection":[{"href":"https:\/\/www.europesays.com\/pl\/wp-json\/wp\/v2\/posts"}],"about":[{"href":"https:\/\/www.europesays.com\/pl\/wp-json\/wp\/v2\/types\/post"}],"author":[{"embeddable":true,"href":"https:\/\/www.europesays.com\/pl\/wp-json\/wp\/v2\/users\/2"}],"replies":[{"embeddable":true,"href":"https:\/\/www.europesays.com\/pl\/wp-json\/wp\/v2\/comments?post=154491"}],"version-history":[{"count":0,"href":"https:\/\/www.europesays.com\/pl\/wp-json\/wp\/v2\/posts\/154491\/revisions"}],"wp:featuredmedia":[{"embeddable":true,"href":"https:\/\/www.europesays.com\/pl\/wp-json\/wp\/v2\/media\/154492"}],"wp:attachment":[{"href":"https:\/\/www.europesays.com\/pl\/wp-json\/wp\/v2\/media?parent=154491"}],"wp:term":[{"taxonomy":"category","embeddable":true,"href":"https:\/\/www.europesays.com\/pl\/wp-json\/wp\/v2\/categories?post=154491"},{"taxonomy":"post_tag","embeddable":true,"href":"https:\/\/www.europesays.com\/pl\/wp-json\/wp\/v2\/tags?post=154491"}],"curies":[{"name":"wp","href":"https:\/\/api.w.org\/{rel}","templated":true}]}}