{"id":154518,"date":"2025-12-16T18:38:13","date_gmt":"2025-12-16T18:38:13","guid":{"rendered":"https:\/\/www.europesays.com\/pl\/154518\/"},"modified":"2025-12-16T18:38:13","modified_gmt":"2025-12-16T18:38:13","slug":"burza-wokol-bbn-minister-grzmi-nie-ma-dnia-bez-kompromitacji-onet","status":"publish","type":"post","link":"https:\/\/www.europesays.com\/pl\/154518\/","title":{"rendered":"Burza wok\u00f3\u0142 BBN, minister grzmi. &quot;Nie ma dnia bez kompromitacji&quot; &#8211; Onet"},"content":{"rendered":"<ol>\n<li><a href=\"https:\/\/news.google.com\/rss\/articles\/CBMi0AFBVV95cUxQZWFHRUVOSm5Db1plZGM0RWVwcmtyX3MxaWhLU0xYT1J1M2NvcUg4N3ltUUZQbFpQSTBYalY5SVA3ajJKSDNSYVVwU1VUUE5DZElVbjFMal9WdG90Ym1uYk1sUTg1ejdMZmRrWEwzZHVibEVhdnRkNHc2bm03WU5hbl9paGZneUs5WC1EX2p6TTVxYmNzdnNjS1FIVXA5aHZyejJfUUEtUkZ4TFpDTHQ3cmhIRmJUb3h6X193dmpQbngtdHZHamY2RloxeUZsd2ta?oc=5\" target=\"_blank\" rel=\"nofollow noopener\">Burza wok\u00f3\u0142 BBN, minister grzmi. &#8222;Nie ma dnia bez kompromitacji&#8221;<\/a>&nbsp;&nbsp;Onet<\/li>\n<li><a href=\"https:\/\/news.google.com\/rss\/articles\/CBMiqwFBVV95cUxQWnp6SzNJYTVOMFRfeEdleGlxdGZyU3M2TUNlR2htdTNVZDVDNDNWaXp4bVpYNk1sM19sbFJKMFFyT2FSOUI4ZUF6cnNMbm5wVy1IRVhIZHI3NzZvUkhxRUdsVnhCUVc1dzI1Y00zcWg2ZDdjQncxdmUzMTZqano4dmNaUkdYTG1VTXV6aEk4UjdWTVhPeTFDRFVjSmN1NzJJR1FmaGZ6LTkzeGc?oc=5\" target=\"_blank\" rel=\"nofollow noopener\">Burza po publikacji o lekach S\u0142awomira Cenckiewicza. Szef SKW wszczyna piln\u0105 kontrol\u0119<\/a>&nbsp;&nbsp;Onet Wiadomo\u015bci<\/li>\n<li><a href=\"https:\/\/news.google.com\/rss\/articles\/CBMijAFBVV95cUxNcmdIZkZ4SDh1MW85bVhpU2xtdG5PSElCc1BWbExaZmJxSVFDNHFLNVhCTTJNS0Z5Y2pja3Brd1dXQjVjeHBpVnZkQjg1blBJbml2VUJBZ3Q4akh4SVk2SkRTOU1DdnBLVEF6S3J4ZGdNVy1GTjVhME1sM3dZNWN0ZlFmbXBKRHpWWFNjVQ?oc=5\" target=\"_blank\" rel=\"nofollow noopener\">TYLKO U NAS. Gargas: S\u0142u\u017cby specjalne trac\u0105 twarz<\/a>&nbsp;&nbsp;wPolityce.pl<\/li>\n<li><a href=\"https:\/\/news.google.com\/rss\/articles\/CBMiswFBVV95cUxOT1hfT3FIdTdqc3BkYjI1TG8zZFBsY2Vld3JIOXJiRmlFMERkN0VOS1luNGdMOWIwZ1V4OE12ZndaRmRYQUFrdlZpcHZRUlpIRzJtYmdac0RUSlU2Sms3RmxqZmgzR3dJMWlGX2dabEs5Z0RycG54NWdYSm5ZMEc4WTFQWm5xX2UyUERLQUpfcklWZzlmVktEbjBIOFZvTmRXeTNUcEFfa0d1SzBQQnJBYUVtTQ?oc=5\" target=\"_blank\" rel=\"nofollow noopener\">Ujawnili, jakie leki przyjmowa\u0142 Cenckiewicz. Zareagowa\u0142 prezydent Nawrocki<\/a>&nbsp;&nbsp;Wydarzenia w INTERIA.PL<\/li>\n<li><a href=\"https:\/\/news.google.com\/rss\/articles\/CBMijwFBVV95cUxPYWF5Q2FWdVJzYXp5c1BWcHNDeG9wZ2p6d0VnZEpKTm5iQmFQZXhLeFZCNER4bm1zckNaLTZaOW1ibzFZRXZLd20tTV9DU1p6eUU3Zl9zcTJwTV9xZGVGS1F4U3VweU5BeEs3S2RHUkw4T01BSm5CYzBxRnhCb24tTE1XWkJqeUJ5ZjR4al9raw?oc=5\" target=\"_blank\" rel=\"nofollow noopener\">S\u0142awomir Cenckiewicz k\u0142ama\u0142 w sprawie lek\u00f3w, kt\u00f3re bra\u0142<\/a>&nbsp;&nbsp;Wyborcza.pl<\/li>\n<\/ol>\n","protected":false},"excerpt":{"rendered":"Burza wok\u00f3\u0142 BBN, minister grzmi. &#8222;Nie ma dnia bez kompromitacji&#8221;&nbsp;&nbsp;Onet Burza po publikacji o lekach S\u0142awomira Cenckiewicza. Szef&hellip;\n","protected":false},"author":2,"featured_media":154519,"comment_status":"","ping_status":"","sticky":false,"template":"","format":"standard","meta":{"footnotes":""},"categories":[5],"tags":[806,32,33,36,37,27,240,34,35,28,31,53,25,52,68,51,55,42,38,40,39,41,47,1246,29,30,65,50,26],"class_list":{"0":"post-154518","1":"post","2":"type-post","3":"status-publish","4":"format-standard","5":"has-post-thumbnail","7":"category-naglowki","8":"tag-bbn_biuro_bezpieczenstwa_narodowego","9":"tag-breaking-news","10":"tag-breakingnews","11":"tag-featured-news","12":"tag-featurednews","13":"tag-headlines","14":"tag-karol_nawrocki_prezydent","15":"tag-latest-news","16":"tag-latestnews","17":"tag-naglowki","18":"tag-najwazniejsze-artykuly","19":"tag-new_header","20":"tag-news","21":"tag-onet3","22":"tag-onet3d","23":"tag-onet3d_2i","24":"tag-phx","25":"tag-pl","26":"tag-poland","27":"tag-polish","28":"tag-polska","29":"tag-polski","30":"tag-screening_general","31":"tag-tomasz_siemoniak","32":"tag-top-stories","33":"tag-topstories","34":"tag-update_me","35":"tag-v2021","36":"tag-wiadomosci"},"share_on_mastodon":{"url":"https:\/\/pubeurope.com\/@pl\/115730704374059273","error":""},"_links":{"self":[{"href":"https:\/\/www.europesays.com\/pl\/wp-json\/wp\/v2\/posts\/154518","targetHints":{"allow":["GET"]}}],"collection":[{"href":"https:\/\/www.europesays.com\/pl\/wp-json\/wp\/v2\/posts"}],"about":[{"href":"https:\/\/www.europesays.com\/pl\/wp-json\/wp\/v2\/types\/post"}],"author":[{"embeddable":true,"href":"https:\/\/www.europesays.com\/pl\/wp-json\/wp\/v2\/users\/2"}],"replies":[{"embeddable":true,"href":"https:\/\/www.europesays.com\/pl\/wp-json\/wp\/v2\/comments?post=154518"}],"version-history":[{"count":0,"href":"https:\/\/www.europesays.com\/pl\/wp-json\/wp\/v2\/posts\/154518\/revisions"}],"wp:featuredmedia":[{"embeddable":true,"href":"https:\/\/www.europesays.com\/pl\/wp-json\/wp\/v2\/media\/154519"}],"wp:attachment":[{"href":"https:\/\/www.europesays.com\/pl\/wp-json\/wp\/v2\/media?parent=154518"}],"wp:term":[{"taxonomy":"category","embeddable":true,"href":"https:\/\/www.europesays.com\/pl\/wp-json\/wp\/v2\/categories?post=154518"},{"taxonomy":"post_tag","embeddable":true,"href":"https:\/\/www.europesays.com\/pl\/wp-json\/wp\/v2\/tags?post=154518"}],"curies":[{"name":"wp","href":"https:\/\/api.w.org\/{rel}","templated":true}]}}