{"id":154524,"date":"2025-12-16T18:41:12","date_gmt":"2025-12-16T18:41:12","guid":{"rendered":"https:\/\/www.europesays.com\/pl\/154524\/"},"modified":"2025-12-16T18:41:12","modified_gmt":"2025-12-16T18:41:12","slug":"pamiec-ram-to-nowe-zloto-ceny-oszalaly-a-bedzie-tylko-gorzej","status":"publish","type":"post","link":"https:\/\/www.europesays.com\/pl\/154524\/","title":{"rendered":"Pami\u0119\u0107 RAM to nowe z\u0142oto. Ceny oszala\u0142y. A b\u0119dzie tylko gorzej"},"content":{"rendered":"<p class=\"art_paragraph\">W ci\u0105gu ostatnich kwarta\u0142\u00f3w obserwowali\u015bmy powoln\u0105 stabilizacj\u0119 cen podzespo\u0142\u00f3w komputerowych po pandemicznych oraz kryptowalutowych zawirowaniach (te uderzy\u0142y szczeg\u00f3lnie w rynek kart graficznych). Niestety ko\u0144c\u00f3wka 2025 roku przynios\u0142a istne trz\u0119sienie ziemi. Ceny pami\u0119ci RAM oraz dysk\u00f3w SSD wystrzeli\u0142y, a prognozy najwi\u0119kszych graczy na rynku nie pozostawiaj\u0105 z\u0142udze\u0144: era taniej elektroniki dobiega ko\u0144ca.\u00a0<\/p>\n<p>\n    Zobacz wideo To koniec serii FIFA. Wybieramy najlepsze edycje gry. Pami\u0119tacie pi\u0142k\u0119 halow\u0105 z FIFY 98? [TOPtech]\n  <\/p>\n<p class=\"art_paragraph\">Trzykrotny wzrost cen i &#8222;brak zapas\u00f3w magazynowych&#8221;<\/p>\n<p class=\"art_paragraph\"><a href=\"https:\/\/www.computerbase.de\/news\/storage\/speicherpreise-im-check-ram-preise-nach-3-monaten-mehr-als-verdreifacht.95335\/\" class=\"art_link\" rel=\"nofollow noopener\" target=\"_blank\">Jak wynika z wylicze\u0144 bran\u017cowego niemieckiego serwisu ComputerBase<\/a>, ceny zestaw\u00f3w pami\u0119ci RAM wzros\u0142y \u015brednio o 252 procent w okresie od wrze\u015bnia do grudnia. To nie korekta inflacyjna, ale niemal potrojenie koszt\u00f3w w zaledwie kwarta\u0142. W tym samym czasie rykoszetem oberwa\u0142 rynek pami\u0119ci masowej: \u015brednia cena dysk\u00f3w SSD podskoczy\u0142a o blisko 42 procent.<\/p>\n<p class=\"art_paragraph\">Ceny popularnych uk\u0142ad\u00f3w pami\u0119ci na polskim rynku r\u00f3wnie\u017c rosn\u0105 w zastraszaj\u0105cym tempie. Jeszcze na pocz\u0105tku pa\u017adziernika zestaw\u00a0Patriot\u00a0Viper Venom DDR5 32 GB 6000MTs\u00a0mo\u017cna by\u0142o kupi\u0107 za 369 z\u0142, a obecnie jego najni\u017csza cena to 1399 z\u0142. Zestaw\u00a0GOODRAM IRDM DDR5 32 GB 6000MHz trzy miesi\u0105ce temu kosztowa\u0142 poni\u017cej 430\u00a0z\u0142. Dzi\u015b nie da si\u0119 go znale\u017a\u0107 w cenie poni\u017cej 1370\u00a0z\u0142.<\/p>\n<p>   <img decoding=\"async\" src=\"https:\/\/www.europesays.com\/pl\/wp-content\/uploads\/2025\/12\/z32473769IH,Ceny-pamieci-Patriot.jpg\" class=\"article-related-photo-picture__img\" loading=\"lazy\" alt=\"Ceny pami\u0119ci Patriot\" style=\"aspect-ratio: 783 \/ 741\"\/><\/p>\n<p>   Ceny pami\u0119ci Patriot\u0179r\u00f3d\u0142o: Ceneo.pl<\/p>\n<p>   <img decoding=\"async\" src=\"https:\/\/www.europesays.com\/pl\/wp-content\/uploads\/2025\/12\/z32473771IH,Ceny-pamieci-GOODRAM.jpg\" class=\"article-related-photo-picture__img\" loading=\"lazy\" alt=\"Ceny pami\u0119ci GOODRAM\" style=\"aspect-ratio: 775 \/ 733\"\/><\/p>\n<p>   Ceny pami\u0119ci GOODRAM\u0179r\u00f3d\u0142o: Ceneo.pl<\/p>\n<p class=\"art_paragraph\">Samsung, jeden z najwi\u0119kszych producent\u00f3w uk\u0142ad\u00f3w RAM na \u015bwiecie, <a href=\"https:\/\/www.notebookcheck.net\/No-stock-Samsung-raises-DDR5-contract-price-by-over-100.1185970.0.html\" class=\"art_link\" rel=\"nofollow noopener\" target=\"_blank\">podni\u00f3s\u0142 w\u0142a\u015bnie ceny kontraktowe<\/a> pami\u0119ci DDR5 o ponad 100 procent, winduj\u0105c stawk\u0119 w okolice 20 dolar\u00f3w za modu\u0142.\u00a0Korea\u0144ski gigant argumentuje to &#8222;brakiem zapas\u00f3w magazynowych&#8221;. Co gorsza, nadzieja na to, \u017ce starsza technologia pozostanie bezpieczn\u0105 przystani\u0105, okaza\u0142a si\u0119 p\u0142onna. Ceny kontraktowe uk\u0142ad\u00f3w DDR4 r\u00f3wnie\u017c poszybowa\u0142y w g\u00f3r\u0119, co oznacza, \u017ce klienci, kt\u00f3rzy szukaj\u0105 oszcz\u0119dno\u015bci w starszych standardach, wpadn\u0105 w t\u0119 sam\u0105 pu\u0142apk\u0119 cenow\u0105.<\/p>\n<p class=\"art_paragraph\">Micron, jeden z g\u0142\u00f3wnych rywali Samsunga na rynku pami\u0119ci operacyjnej, podj\u0105\u0142 z kolei szokuj\u0105c\u0105 decyzj\u0119 o ca\u0142kowitym wygaszaniu swojej konsumenckiej marki Crucial.\u00a0Cel jest jasny &#8211;\u00a0pe\u0142ne skupienie mocy przerobowych na uk\u0142adach dla sztucznej inteligencji.<\/p>\n<p class=\"art_paragraph\">Ograniczenie poda\u017cy uderza te\u017c w inne firmy.\u00a0<a href=\"https:\/\/www.tweaktown.com\/news\/109333\/dell-says-ram-shortages-are-out-of-control-tells-its-staff-to-expect-huge-price-hikes\/index.html\" class=\"art_link\" rel=\"nofollow noopener\" target=\"_blank\">Dell oficjalnie zapowiedzia\u0142 podwy\u017cki cen swoich laptop\u00f3w i desktop\u00f3w<\/a>, a ich skala si\u0119ga nawet 30 procent. Pow\u00f3d? Globalny niedob\u00f3r DRAM i SSD. Firma wprost doradza klientom biznesowym, by sk\u0142adali zam\u00f3wienia natychmiast, je\u015bli chc\u0105 unikn\u0105\u0107 gigantycznych koszt\u00f3w w nowym roku bud\u017cetowym. Na reakcje innych producent\u00f3w nie b\u0119dzie trzeba d\u0142ugo czeka\u0107.<\/p>\n<p class=\"art_paragraph\">Najbardziej niepokoj\u0105ce jest jednak to, w jaki spos\u00f3b producenci zamierzaj\u0105 radzi\u0107 sobie z dro\u017cyzn\u0105 w przysz\u0142ych modelach urz\u0105dze\u0144. Zamiast post\u0119pu, czeka nas technologiczny regres, kt\u00f3ry w ekonomii nosi miano &#8222;shrinkflacji&#8221;. <a href=\"https:\/\/www.galaxus.nl\/en\/page\/storage-shortage-likely-to-last-for-years-to-come-40890\" class=\"art_link\" rel=\"nofollow noopener\" target=\"_blank\">Z analiz firmy TrendForce <\/a>wynika, \u017ce w nadchodz\u0105cych latach mo\u017cemy by\u0107 \u015bwiadkami kurczenia si\u0119 specyfikacji sprz\u0119towych. Zamiast standardowych dzi\u015b 16 GB pami\u0119ci RAM w laptopach ze \u015bredniej p\u00f3\u0142ki, producenci mog\u0105 wr\u00f3ci\u0107 do montowania 8 GB, byle tylko utrzyma\u0107 <a href=\"https:\/\/next.gazeta.pl\/ceny#anchorLink\" rel=\"nofollow noopener\" target=\"_blank\">cen<\/a>\u0119 urz\u0105dzenia na akceptowalnym poziomie. Podobny los czeka smartfony.<\/p>\n<p class=\"art_paragraph\">To ponura wizja, w kt\u00f3rej za te same pieni\u0105dze otrzymujemy sprz\u0119t o gorszych parametrach ni\u017c rok czy dwa lata wcze\u015bniej. Jedynie najdro\u017csze urz\u0105dzenia z segmentu premium utrzymaj\u0105 wysokie parametry, ale ich ceny stan\u0105 si\u0119 zaporowe dla przeci\u0119tnego Kowalskiego.<\/p>\n<p>   <img decoding=\"async\" src=\"https:\/\/www.europesays.com\/pl\/wp-content\/uploads\/2025\/12\/z32473846IH,SAMSUNG-ELEC-.jpg\" class=\"article-related-photo-picture__img\" loading=\"lazy\" alt=\"SAMSUNG-ELEC\/\" style=\"aspect-ratio: 4984 \/ 3323\"\/><\/p>\n<p>   SAMSUNG-ELEC\/Fot. REUTERS\/Kim Hong-ji<\/p>\n<p> Dlaczego ceny pami\u0119ci rosn\u0105? &#8222;Smok AI&#8221; po\u017cera zasoby<\/p>\n<p class=\"art_paragraph\">Sk\u0105d wzi\u0119\u0142o si\u0119 to cenowe szale\u0144stwo? Dlaczego nagle brakuje pami\u0119ci, skoro fabryki pracuj\u0105 pe\u0142n\u0105 par\u0105? G\u0142\u00f3wnym winowajc\u0105 jest rynkowy boom na AI. To sztuczna inteligencja jest dzi\u015b &#8222;smokiem&#8221;, kt\u00f3ry po\u017cera globalne zasoby krzemu. <a href=\"https:\/\/next.gazeta.pl\/next\/7,151243,32405187,tanio-juz-bylo-ceny-smartfonow-i-laptopow-wystrzela-w-gore.html\" class=\"art_link\" rel=\"dofollow noopener\" target=\"_blank\">Giganci tacy jak Google, Microsoft, Meta czy OpenAI prowadz\u0105 technologiczn\u0105 wojn\u0119<\/a>, inwestuj\u0105c astronomiczne kwoty w centra danych potrzebne do trenowania modeli AI. Te systemy wymagaj\u0105 specyficznego rodzaju pami\u0119ci &#8211; HBM (High Bandwidth Memory), kt\u00f3ra jest znacznie szybsza, ale te\u017c trudniejsza w produkcji.<\/p>\n<p class=\"art_paragraph\">Dla producent\u00f3w takich jak Samsung czy SK Hynix rachunek jest prosty. Produkcja &#8222;zwyk\u0142ych&#8221; ko\u015bci RAM do twojego laptopa przynosi im groszowe zyski. Z kolei produkcja pami\u0119ci HBM dla system\u00f3w sztucznej inteligencji to \u017cy\u0142a z\u0142ota z gigantycznymi mar\u017cami. Decyzja biznesowa mog\u0142a by\u0107 tylko jedna: linie produkcyjne s\u0105 masowo przestawiane na obs\u0142ug\u0119 sektora AI.<\/p>\n<p class=\"art_paragraph\">Rynek konsumencki zosta\u0142 zepchni\u0119ty na boczny tor. Dostajemy resztki mocy produkcyjnych, o kt\u00f3re musz\u0105 bi\u0107 si\u0119 dzi\u015b producenci laptop\u00f3w i telefon\u00f3w, licytuj\u0105c w g\u00f3r\u0119. Wewn\u0119trzne analizy firmy SK Hynix, kt\u00f3re wyciek\u0142y do medi\u00f3w, nie pozostawiaj\u0105 z\u0142udze\u0144 &#8211; ta trudna sytuacja mo\u017ce potrwa\u0107 nawet do 2028 roku.<\/p>\n<p>   <img decoding=\"async\" src=\"https:\/\/www.europesays.com\/pl\/wp-content\/uploads\/2025\/12\/z32473851IH,EUROPE-NEBIUS-AI.jpg\" class=\"article-related-photo-picture__img\" loading=\"lazy\" alt=\"EUROPE-NEBIUS\/AI\" style=\"aspect-ratio: 5542 \/ 3808\"\/><\/p>\n<p>   EUROPE-NEBIUS\/AIFot. REUTERS\/Toby Melville<\/p>\n<p> A mo\u017ce to spisek?<\/p>\n<p class=\"art_paragraph\">W cieniu narracji o &#8222;nienasyconym apetycie AI&#8221; pojawiaj\u0105 si\u0119 jednak r\u00f3wnie\u017c g\u0142osy, kt\u00f3re sugeruj\u0105, by na sytuacj\u0119 spojrze\u0107 z innej perspektywy. Interesuj\u0105cy komentarz w tej sprawie przedstawi\u0142 Kamil Szczepa\u0144ski, analityk domu maklerskiego XTB. Wskazuje on, \u017ce cho\u0107 czynnik AI jest bezsprzeczny i dominuj\u0105cy, wzrosty cen mog\u0105 mie\u0107 r\u00f3wnie\u017c drugie dno.<\/p>\n<blockquote class=\"art_blockquote\"><p>Niekt\u00f3rzy obserwuj\u0105cy rynek sugeruj\u0105 celow\u0105 manipulacj\u0119.\u00a0Ma to zwi\u0105zek z faktem ignorowanym przez szeroki rynek, a na kt\u00f3ry zwraca\u0142em uwag\u0119 kilkukrotnie w swoich komentarzach.\u00a0 Mianowicie, lokalne i 'open-source&#8217; LLM dor\u00f3wnuj\u0105 ju\u017c osi\u0105gami ich korporacyjnym odpowiednikom. Rewolucja AI nie nadejdzie w formie po\u017c\u0105danej przez gigant\u00f3w z Kalifornii, je\u015bli ka\u017cdy b\u0119dzie m\u00f3g\u0142 mie\u0107 sw\u00f3j w\u0142asny LLM na lokalnym komputerze. Nasuwa si\u0119 wi\u0119c pytanie, czy nie nast\u0105pi pr\u00f3ba rzeczywistej i celowej destabilizacji rynku elektroniki konsumenckiej, by uzale\u017cni\u0107 mo\u017cliwie jak najwi\u0119cej u\u017cytkownik\u00f3w od subskrypcji modeli AI.<\/p><\/blockquote>\n<p class=\"art_paragraph\">&#8211; <a href=\"https:\/\/stooq.pl\/n\/?f=1727152\" class=\"art_link\" rel=\"nofollow noopener\" target=\"_blank\">t\u0142umaczy ekspert.<\/a><\/p>\n<p class=\"art_paragraph\">Analityk XTB sugeruje ostro\u017cno\u015b\u0107 w ocenie sytuacji. Cho\u0107 \u0142atwo jest zrzuci\u0107 win\u0119 wy\u0142\u0105cznie na AI, warto pami\u0119ta\u0107, \u017ce rynek DRAM jest oligopolem kontrolowanym przez trzech g\u0142\u00f3wnych graczy. Ograniczenie produkcji &#8222;starych&#8221; typ\u00f3w pami\u0119ci pod pretekstem przestawiania linii na HBM jest dla nich scenariuszem idealnym: pozwala podnie\u015b\u0107 ceny w ka\u017cdym segmencie rynku jednocze\u015bnie.<\/p>\n<p class=\"art_paragraph\">Warto przy tym pami\u0119ta\u0107, \u017ce nie ma dzi\u015b\u00a0\u017cadnych twardych dowod\u00f3w na istnienie zmowy cenowej czy celowego, sztucznego wywo\u0142ywania niedobor\u00f3w, co by\u0142oby dzia\u0142aniem nielegalnym. Jednak historia rynk\u00f3w surowcowych i technologicznych uczy, \u017ce producenci potrafi\u0105 &#8222;zarz\u0105dza\u0107 poda\u017c\u0105&#8221; w spos\u00f3b niezwykle elastyczny, gdy sprzyja temu otoczenie makroekonomiczne.<\/p>\n<p class=\"art_paragraph\">Niezale\u017cnie od tego, czy wierzymy w spisek producent\u00f3w, czy w czyst\u0105 gr\u0119 rynkow\u0105 nap\u0119dzan\u0105 przez AI, wniosek dla nas jako klient\u00f3w jest jeden: okres taniej elektroniki dobiega ko\u0144ca. Je\u015bli odk\u0142adali\u015bcie zakup nowego komputera, rozbudow\u0119 pami\u0119ci RAM czy wymian\u0119 dysku na wi\u0119kszy, czekaj\u0105c na &#8222;lepsze czasy&#8221;, to ta strategia mo\u017ce okaza\u0107 si\u0119 zgubna. Wszystkie znaki na niebie i ziemi wskazuj\u0105, \u017ce w najbli\u017cszych latach za cyfrowy komfort przyjdzie nam p\u0142aci\u0107 stawk\u0119 premium.<\/p>\n","protected":false},"excerpt":{"rendered":"W ci\u0105gu ostatnich kwarta\u0142\u00f3w obserwowali\u015bmy powoln\u0105 stabilizacj\u0119 cen podzespo\u0142\u00f3w komputerowych po pandemicznych oraz kryptowalutowych zawirowaniach (te uderzy\u0142y szczeg\u00f3lnie&hellip;\n","protected":false},"author":2,"featured_media":154525,"comment_status":"","ping_status":"","sticky":false,"template":"","format":"standard","meta":{"footnotes":""},"categories":[20],"tags":[120,118,119,42,38,40,39,41,116,114,115,121,117],"class_list":{"0":"post-154524","1":"post","2":"type-post","3":"status-publish","4":"format-standard","5":"has-post-thumbnail","7":"category-nauka-i-technika","8":"tag-nauka","9":"tag-nauka-i-technika","10":"tag-naukatechnika","11":"tag-pl","12":"tag-poland","13":"tag-polish","14":"tag-polska","15":"tag-polski","16":"tag-science","17":"tag-science-and-technology","18":"tag-sciencetechnology","19":"tag-technika","20":"tag-technology"},"share_on_mastodon":{"url":"https:\/\/pubeurope.com\/@pl\/115730716686797781","error":""},"_links":{"self":[{"href":"https:\/\/www.europesays.com\/pl\/wp-json\/wp\/v2\/posts\/154524","targetHints":{"allow":["GET"]}}],"collection":[{"href":"https:\/\/www.europesays.com\/pl\/wp-json\/wp\/v2\/posts"}],"about":[{"href":"https:\/\/www.europesays.com\/pl\/wp-json\/wp\/v2\/types\/post"}],"author":[{"embeddable":true,"href":"https:\/\/www.europesays.com\/pl\/wp-json\/wp\/v2\/users\/2"}],"replies":[{"embeddable":true,"href":"https:\/\/www.europesays.com\/pl\/wp-json\/wp\/v2\/comments?post=154524"}],"version-history":[{"count":0,"href":"https:\/\/www.europesays.com\/pl\/wp-json\/wp\/v2\/posts\/154524\/revisions"}],"wp:featuredmedia":[{"embeddable":true,"href":"https:\/\/www.europesays.com\/pl\/wp-json\/wp\/v2\/media\/154525"}],"wp:attachment":[{"href":"https:\/\/www.europesays.com\/pl\/wp-json\/wp\/v2\/media?parent=154524"}],"wp:term":[{"taxonomy":"category","embeddable":true,"href":"https:\/\/www.europesays.com\/pl\/wp-json\/wp\/v2\/categories?post=154524"},{"taxonomy":"post_tag","embeddable":true,"href":"https:\/\/www.europesays.com\/pl\/wp-json\/wp\/v2\/tags?post=154524"}],"curies":[{"name":"wp","href":"https:\/\/api.w.org\/{rel}","templated":true}]}}