{"id":154542,"date":"2025-12-16T18:50:10","date_gmt":"2025-12-16T18:50:10","guid":{"rendered":"https:\/\/www.europesays.com\/pl\/154542\/"},"modified":"2025-12-16T18:50:10","modified_gmt":"2025-12-16T18:50:10","slug":"w-europie-rosnie-zmeczenie-wojna-niemcy-i-francuzi-coraz-czesciej-mowia-dosc-dalszej-pomocy-dla-ukrainy-po-drugiej-stronie-atlantyku-nastroje-zupelnie-inne","status":"publish","type":"post","link":"https:\/\/www.europesays.com\/pl\/154542\/","title":{"rendered":"W Europie ro\u015bnie zm\u0119czenie wojn\u0105. Niemcy i Francuzi coraz cz\u0119\u015bciej m\u00f3wi\u0105 &#8222;do\u015b\u0107&#8221; dalszej pomocy dla Ukrainy. Po drugiej stronie Atlantyku nastroje zupe\u0142nie inne"},"content":{"rendered":"<p>We Francji i Niemczech, dw\u00f3ch najwi\u0119kszych gospodarkach UE, wi\u0119cej respondent\u00f3w chce, aby ich rz\u0105dy ograniczy\u0142y pomoc finansow\u0105 dla Kijowa, ni\u017c aby j\u0105 zwi\u0119kszy\u0142y lub utrzyma\u0142y na dotychczasowym poziomie. Tymczasem w Stanach Zjednoczonych, Kanadzie i Wielkiej Brytanii respondenci opowiadaj\u0105 si\u0119 za utrzymaniem wsparcia materialnego, wynika z sonda\u017cu POLITICO, w kt\u00f3rym na pocz\u0105tku tego miesi\u0105ca wzi\u0119\u0142o udzia\u0142 ponad 10 tys. os\u00f3b z pi\u0119ciu kraj\u00f3w.<\/p>\n<p>Wyniki sonda\u017cu pojawiaj\u0105 si\u0119 w kluczowym momencie, gdy europejscy przyw\u00f3dcy przygotowuj\u0105 si\u0119 do czwartkowego spotkania w Brukseli, podczas kt\u00f3rego dominuj\u0105cym tematem b\u0119dzie zapewnienie wsparcia finansowego dla Ukrainy.<\/p>\n<p>Pojawiaj\u0105 si\u0119 one r\u00f3wnie\u017c w czasie, gdy Waszyngton stara si\u0119 po\u015bredniczy\u0107 w zawarciu porozumienia pokojowego mi\u0119dzy Moskw\u0105 a Kijowem, a <a href=\"https:\/\/wiadomosci.onet.pl\/swiat\/niemcy-wychodza-z-cienia-friedrich-merz-chce-przejac-stery-w-europie-jest-prawdziwym\/dvlb52x\" id=\"8325dcee-ea91-46a6-b7b1-93a3c6bbcad2\" rel=\"nofollow noopener\" target=\"_blank\">niemiecki kanclerz Friedrich Merz przejmuje inicjatyw\u0119<\/a> w\u015br\u00f3d kraj\u00f3w europejskich w negocjacjach na rzecz Kijowa.<\/p>\n<p class=\"ods-c-paragraph \">We wszystkich pi\u0119ciu krajach najcz\u0119\u015bciej podawanym powodem poparcia dla dalszej pomocy dla Ukrainy by\u0142o przekonanie, \u017ce nie nale\u017cy pozwala\u0107 pa\u0144stwom na si\u0142owe przejmowanie terytori\u00f3w. Najcz\u0119\u015bciej podawanym argumentem przeciwko dodatkowej pomocy by\u0142y obawy dotycz\u0105ce koszt\u00f3w i presji na gospodark\u0119 krajow\u0105.<\/p>\n<p class=\"ods-c-paragraph \">\u2014 Nasze badania pokazuj\u0105, \u017ce mieszka\u0144cy Europy uwa\u017caj\u0105, i\u017c obecna sytuacja wymaga kompromis\u00f3w politycznych, a wsparcie finansowe dla Ukrainy nie jest tu wyj\u0105tkiem \u2014 zauwa\u017ca Seb Wride, szef dzia\u0142u bada\u0144 opinii publicznej w Public First, niezale\u017cnej firmie badawczej z siedzib\u0105 w Londynie, kt\u00f3ra przeprowadzi\u0142a ankiet\u0119 dla POLITICO.<\/p>\n<p>Dalszy ci\u0105g artyku\u0142u pod materia\u0142em wideo<\/p>\n<p class=\"ods-c-paragraph \">\u2014 W czasach, gdy finanse publiczne s\u0105 postrzegane jako zasoby ograniczone, zainteresowania ludzi coraz bardziej koncentruj\u0105 si\u0119 na sprawach krajowych \u2014 dodaje.<\/p>\n<p>Podzielony Zach\u00f3d<\/p>\n<p class=\"ods-c-paragraph \">Najbardziej niech\u0119tni zwi\u0119kszeniu pomocy finansowej byli Niemcy, gdzie prawie po\u0142owa respondent\u00f3w (45 proc.) opowiedzia\u0142a si\u0119 za ograniczeniem pomocy finansowej dla Kijowa, a tylko 20 proc. chcia\u0142o j\u0105 zwi\u0119kszy\u0107. We Francji 37 proc. respondent\u00f3w chcia\u0142o zmniejszy\u0107 pomoc, a 24 proc. opowiedzia\u0142o si\u0119 za jej zwi\u0119kszeniem.<\/p>\n<p class=\"ods-c-paragraph \">W przeciwie\u0144stwie do rosn\u0105cego sprzeciwu wobec pomocy dla Ukrainy w Europie, poparcie w Ameryce P\u00f3\u0142nocnej pozostaje niezwykle silne. W Stanach Zjednoczonych prezydent Donald Trump wyrazi\u0142 sceptycyzm co do szans Kijowa na pokonanie Moskwy i wys\u0142a\u0142 rozm\u00f3wc\u00f3w, aby negocjowali z Rosjanami warunki pokoju. Mimo to Stany Zjednoczone mia\u0142y najwi\u0119kszy odsetek respondent\u00f3w (37 proc.) opowiadaj\u0105cych si\u0119 za zwi\u0119kszeniem wsparcia finansowego, a tu\u017c za nimi uplasowa\u0142a si\u0119 Kanada z wynikiem 35 proc.<\/p>\n<p class=\"ods-c-paragraph \">Poparcie dla Ukrainy deklarowali przede wszystkim zwolennicy kandydatki Demokrat\u00f3w Kamali Harris w wyborach prezydenckich w USA w 2024 r. Oko\u0142o 29 proc. wyborc\u00f3w Harris stwierdzi\u0142o, \u017ce jednym z trzech g\u0142\u00f3wnych powod\u00f3w, dla kt\u00f3rych Stany Zjednoczone powinny wspiera\u0107 Ukrain\u0119, jest ochrona demokracji, w por\u00f3wnaniu z 17 proc. zwolennik\u00f3w prezydenta Stan\u00f3w Zjednoczonych Donalda Trumpa.<\/p>\n<p><img decoding=\"async\" src=\"https:\/\/www.europesays.com\/pl\/wp-content\/uploads\/2025\/12\/cyak9lBaHR0cHM6Ly9vY2RuLmV1L3B1bHNjbXMvTURBXy9lY2MyNTJkY2IwNWEyZTQ2MWQ3OTg5MTk2MzQwMDEyNS5qcGeRlQLNB.jpeg\" height=\"627\" width=\"940\" alt=\"Obchody Dnia Niepodleg\u0142o\u015bci Ukrainy w Berlinie, Niemcy, 24 sierpnia 2024 r.\" loading=\"lazy\" class=\"ods-c-image__img ods-c-image__img--viewport-width\"\/><\/p>\n<p>Obchody Dnia Niepodleg\u0142o\u015bci Ukrainy w Berlinie, Niemcy, 24 sierpnia 2024 r.Clemens Bilan \/ PAP<\/p>\n<p class=\"ods-c-paragraph \">\u2014 Podzia\u0142 partyjny w Stanach Zjednoczonych jest obecnie do\u015b\u0107 radykalny \u2014 wskazuje Wride.<\/p>\n<p class=\"ods-c-paragraph \">W Niemczech i Francji sprzeciw wobec pomocy by\u0142 szczeg\u00f3lnie wyra\u017any w\u015br\u00f3d zwolennik\u00f3w skrajnie prawicowych partii \u2014 takich jak Alternatywa dla Niemiec i francuskie Zjednoczenie Narodowe \u2014 podczas gdy centry\u015bci byli mniej sceptyczni.<\/p>\n<p class=\"ods-c-paragraph \">\u2014 Spos\u00f3b, w jaki finansowanie Ukrainy jest postrzegane w Niemczech, w szczeg\u00f3lno\u015bci w sytuacji, gdy wiele europejskich rz\u0105d\u00f3w boryka si\u0119 z wyzwaniami ze strony populist\u00f3w, powinien by\u0107 szczeg\u00f3lnym sygna\u0142em ostrzegawczym dla innych przyw\u00f3dc\u00f3w \u2014 uwa\u017ca Wride.<\/p>\n<p>Zm\u0119czenie uchod\u017acami<\/p>\n<p class=\"ods-c-paragraph \">Podobny podzia\u0142 odnotowano w przypadku poparcia dla pomocy wojskowej. Prawie 40 proc. respondent\u00f3w w Stanach Zjednoczonych, Wielkiej Brytanii i Kanadzie opowiedzia\u0142o si\u0119 za jej zwi\u0119kszeniem, a oko\u0142o 20 proc. by\u0142o przeciwnych.<\/p>\n<p class=\"ods-c-paragraph \">W Niemczech 26 proc. popar\u0142o zwi\u0119kszenie pomocy wojskowej dla Ukrainy, a 39 proc. by\u0142o temu przeciwnych. We Francji opinie by\u0142y r\u00f3wno podzielone, przy czym 31 proc. opowiedzia\u0142o si\u0119 za zwi\u0119kszeniem pomocy, a 30 proc. za jej ograniczeniem.<\/p>\n<p class=\"ods-c-paragraph \">Niemcy by\u0142y r\u00f3wnie\u017c jedynym krajem, w kt\u00f3rym wi\u0119kszo\u015b\u0107 respondent\u00f3w stwierdzi\u0142a, \u017ce ich rz\u0105d powinien przyj\u0105\u0107 mniej Ukrai\u0144c\u00f3w wysiedlonych w wyniku wojny.<\/p>\n<p class=\"ods-c-paragraph \">W kraju, kt\u00f3ry od pocz\u0105tku pe\u0142nej inwazji Rosji w 2022 r. udzieli\u0142 schronienia ponad milionowi ukrai\u0144skich uchod\u017ac\u00f3w, 50 proc. Niemc\u00f3w stwierdzi\u0142o, \u017ce Berlin powinien przyj\u0105\u0107 mniej os\u00f3b.<\/p>\n<p class=\"ods-c-paragraph \">Po\u0142owa respondent\u00f3w stwierdzi\u0142a r\u00f3wnie\u017c, \u017ce Niemcy powinny ograniczy\u0107 wsparcie dla Ukrai\u0144c\u00f3w, kt\u00f3rzy ju\u017c osiedlili si\u0119 w tym kraju \u2014 co wskazuje, \u017ce zm\u0119czenie opinii publicznej wykracza poza kwestie pomocy wojskowej, obejmuj\u0105c szersze spo\u0142eczne i polityczne aspekty zwi\u0105zane z konfliktem.<\/p>\n<p class=\"ods-c-paragraph \">Mniejsze poparcie dla Ukrainy we Francji i Niemczech nie wydaje si\u0119 jednak odzwierciedla\u0107 cieplejszych uczu\u0107 wobec Moskwy. Wyborcy we wszystkich pi\u0119ciu krajach poparli sankcje wobec Rosji, co sugeruje, \u017ce nawet tam, gdzie spo\u0142ecze\u0144stwa chc\u0105 ograniczy\u0107 pomoc, pozostaj\u0105 one w du\u017cej mierze zgodne co do karania agresora i ograniczania zdolno\u015bci Rosji do finansowania wojny.<\/p>\n","protected":false},"excerpt":{"rendered":"We Francji i Niemczech, dw\u00f3ch najwi\u0119kszych gospodarkach UE, wi\u0119cej respondent\u00f3w chce, aby ich rz\u0105dy ograniczy\u0142y pomoc finansow\u0105 dla&hellip;\n","protected":false},"author":2,"featured_media":154543,"comment_status":"","ping_status":"","sticky":false,"template":"","format":"standard","meta":{"footnotes":""},"categories":[14],"tags":[56,32,33,189,96,27,76,34,35,28,31,48,25,295,46,40,1314,41,7623,47,80,29,30,415,26,82,83,84],"class_list":{"0":"post-154542","1":"post","2":"type-post","3":"status-publish","4":"format-standard","5":"has-post-thumbnail","7":"category-swiat","8":"tag-article_premium","9":"tag-breaking-news","10":"tag-breakingnews","11":"tag-europa","12":"tag-francja","13":"tag-headlines","14":"tag-inwazja_rosji_na_ukraine","15":"tag-latest-news","16":"tag-latestnews","17":"tag-naglowki","18":"tag-najwazniejsze-artykuly","19":"tag-nat_styl","20":"tag-news","21":"tag-niemcy","22":"tag-omp","23":"tag-polish","24":"tag-politico","25":"tag-polski","26":"tag-pomoc","27":"tag-screening_general","28":"tag-swiat","29":"tag-top-stories","30":"tag-topstories","31":"tag-ukraina","32":"tag-wiadomosci","33":"tag-world","34":"tag-world-news","35":"tag-worldnews"},"share_on_mastodon":{"url":"","error":"Validation failed: Text character limit of 500 exceeded"},"_links":{"self":[{"href":"https:\/\/www.europesays.com\/pl\/wp-json\/wp\/v2\/posts\/154542","targetHints":{"allow":["GET"]}}],"collection":[{"href":"https:\/\/www.europesays.com\/pl\/wp-json\/wp\/v2\/posts"}],"about":[{"href":"https:\/\/www.europesays.com\/pl\/wp-json\/wp\/v2\/types\/post"}],"author":[{"embeddable":true,"href":"https:\/\/www.europesays.com\/pl\/wp-json\/wp\/v2\/users\/2"}],"replies":[{"embeddable":true,"href":"https:\/\/www.europesays.com\/pl\/wp-json\/wp\/v2\/comments?post=154542"}],"version-history":[{"count":0,"href":"https:\/\/www.europesays.com\/pl\/wp-json\/wp\/v2\/posts\/154542\/revisions"}],"wp:featuredmedia":[{"embeddable":true,"href":"https:\/\/www.europesays.com\/pl\/wp-json\/wp\/v2\/media\/154543"}],"wp:attachment":[{"href":"https:\/\/www.europesays.com\/pl\/wp-json\/wp\/v2\/media?parent=154542"}],"wp:term":[{"taxonomy":"category","embeddable":true,"href":"https:\/\/www.europesays.com\/pl\/wp-json\/wp\/v2\/categories?post=154542"},{"taxonomy":"post_tag","embeddable":true,"href":"https:\/\/www.europesays.com\/pl\/wp-json\/wp\/v2\/tags?post=154542"}],"curies":[{"name":"wp","href":"https:\/\/api.w.org\/{rel}","templated":true}]}}