{"id":154617,"date":"2025-12-16T19:28:08","date_gmt":"2025-12-16T19:28:08","guid":{"rendered":"https:\/\/www.europesays.com\/pl\/154617\/"},"modified":"2025-12-16T19:28:08","modified_gmt":"2025-12-16T19:28:08","slug":"perugia-rozbila-rywali-na-otwarcie-kms-zaczelo-sie-od-2510","status":"publish","type":"post","link":"https:\/\/www.europesays.com\/pl\/154617\/","title":{"rendered":"Perugia rozbi\u0142a rywali na otwarcie KM\u015a. Zacz\u0119\u0142o si\u0119 od 25:10"},"content":{"rendered":"\n<p class=\"contentpart contentpart--default contentpart--text\" data-position=\"0\">Rywalizacja w <a href=\"https:\/\/sportowefakty.wp.pl\/siatkowka\/klubowe-mistrzostwa-swiata-siatkarzy\" rel=\"nofollow noopener\" target=\"_blank\">Klubowych Mistrzostwach \u015awiata siatkarzy<\/a>\u00a0w brazylijskim Belem przyci\u0105ga uwag\u0119 ca\u0142ego \u015bwiata. R\u00f3wnie\u017c w naszym kraju, a wszystko ze wzgl\u0119du na udzia\u0142 <a href=\"https:\/\/sportowefakty.wp.pl\/siatkowka\/aluron-warta-zawiercie\" rel=\"nofollow noopener\" target=\"_blank\">Aluron CMC Warty Zawiercie<\/a>. Zawiercianie przepustk\u0119 na ten turniej wywalczyli po zdobyciu srebra Ligi Mistrz\u00f3w, gdzie w finale ulegli <a href=\"https:\/\/sportowefakty.wp.pl\/siatkowka\/sir-safety-perugia\" rel=\"nofollow noopener\" target=\"_blank\">Sir Susa Vim Perugii<\/a>.<\/p>\n<p class=\"contentpart contentpart--default contentpart--text\" data-position=\"1\">Triumfatorzy LM z <a href=\"https:\/\/sportowefakty.wp.pl\/siatkowka\/kamil-semeniuk\" rel=\"nofollow noopener\" target=\"_blank\">Kamilem Semeniukiem<\/a>\u00a0w sk\u0142adzie r\u00f3wnie\u017c stawili si\u0119 w Brazylii. W meczu otwarcia Perugia zmierzy\u0142a si\u0119 z klubowym mistrzem Afryki, <a href=\"https:\/\/sportowefakty.wp.pl\/siatkowka\/swehly-sc\" rel=\"nofollow noopener\" target=\"_blank\">Swehly SC<\/a>. Zawodnicy <a href=\"https:\/\/sportowefakty.wp.pl\/siatkowka\/angelo-lorenzetti\" rel=\"nofollow noopener\" target=\"_blank\">Angelo Lorenzettiego<\/a>\u00a0byli zdecydowanymi faworytami do zwyci\u0119stwa i wywi\u0105zali si\u0119 z tej roli wr\u0119cz wzorowo.<\/p>\n<p> <img role=\"presentation\" src=\"https:\/\/std.wpcdn.pl\/images\/adv\/placeholder_wp.svg\" loading=\"lazy\" alt=\"\" decoding=\"async\"\/>  <\/p>\n<p class=\"contentpart contentpart--default contentpart--text\" data-position=\"2\">ZOBACZ WIDEO: Jan Urban jest lepszym selekcjonerem od Jerzego Brz\u0119czka? &#8222;Nie ma odpowiedzi&#8221;<\/p>\n<p class=\"contentpart contentpart--default contentpart--text\" data-position=\"4\">Perugia rozpocz\u0119\u0142a to spotkanie od prowadzenia 5:0. By\u0142o to zaledwie preludium do p\u00f3\u017aniejszej dominacji zespo\u0142u Semeniuka na parkiecie. Triumfatorzy LM powi\u0119kszali swoj\u0105 przewag\u0119, a rywale nie byli w stanie zagrozi\u0107 im w \u017cadnym elemencie. W efekcie ekipa z W\u0142och rozbi\u0142a rywali z Ligii 25:10.<\/p>\n<p class=\"contentpart contentpart--default contentpart--text\" data-position=\"5\">Dwie kolejne ods\u0142ony nie przynios\u0142y zmian. Zawodnicy Swehly co prawda postawili si\u0119 faworytom nieco bardziej, ale niespodzianka w postaci cho\u0107by ugrania seta by\u0142a bardzo odleg\u0142\u0105 wizj\u0105. Perugia utrzyma\u0142a kontrol\u0119 na parkiecie i odnios\u0142a pewne zwyci\u0119stwo (25:10, 25:14, 25:18).<\/p>\n<p class=\"contentpart contentpart--default contentpart--text\" data-position=\"6\">Najlepszym zawodnikiem meczu by\u0142 <a href=\"https:\/\/sportowefakty.wp.pl\/siatkowka\/daniel-jansen-vandoorn\" rel=\"nofollow noopener\" target=\"_blank\">Wassim Ben Tara<\/a>. Atakuj\u0105cy triumfator\u00f3w LM zdoby\u0142 10 punkt\u00f3w. W wyj\u015bciowym sk\u0142adzie znalaz\u0142 si\u0119 te\u017c Semeniuk. Nasz przyjmuj\u0105cy nie zaliczy jednak tego wyst\u0119pu do udanych. Zdoby\u0142 zaledwie trzy punkty i opu\u015bci\u0142 parkiet w drugiej partii.<\/p>\n<p> <img role=\"presentation\" src=\"https:\/\/std.wpcdn.pl\/images\/adv\/placeholder_wp.svg\" loading=\"lazy\" alt=\"\" decoding=\"async\"\/>  <\/p>\n<p class=\"contentpart contentpart--default contentpart--text\" data-position=\"7\">Siatkarzy Perugii kolejne spotkanie w ramach LM rozegra ju\u017c w \u015brod\u0119 17 grudnia. W\u00f3wczas zmierz\u0105 si\u0119 z <a href=\"https:\/\/sportowefakty.wp.pl\/siatkowka\/panasonic-panthers\" rel=\"nofollow noopener\" target=\"_blank\">Osaka Bluteon<\/a>, a stawk\u0105 tego meczu b\u0119dzie prowadzenie w grupie B.<\/p>\n<p class=\"contentpart contentpart--default contentpart--text\" data-position=\"8\"><a href=\"https:\/\/sportowefakty.wp.pl\/siatkowka\/klubowe-mistrzostwa-swiata-siatkarzy\" rel=\"nofollow noopener\" target=\"_blank\">Klubowe Mistrzostwa \u015awiata siatkarzy<\/a><\/p>\n<p class=\"contentpart contentpart--default contentpart--text\" data-position=\"9\">faza grupowa (grupa B):<\/p>\n<p class=\"contentpart contentpart--default contentpart--text\" data-position=\"10\"><a href=\"https:\/\/sportowefakty.wp.pl\/siatkowka\/sir-safety-perugia\" rel=\"nofollow noopener\" target=\"_blank\">Sir Susa Vim Perugia<\/a>\u00a0&#8211; <a href=\"https:\/\/sportowefakty.wp.pl\/siatkowka\/swehly-sc\" rel=\"nofollow noopener\" target=\"_blank\">Swehly SC<\/a>\u00a03:0 (25:10, 25:14, 25:18)<\/p>\n","protected":false},"excerpt":{"rendered":"Rywalizacja w Klubowych Mistrzostwach \u015awiata siatkarzy\u00a0w brazylijskim Belem przyci\u0105ga uwag\u0119 ca\u0142ego \u015bwiata. R\u00f3wnie\u017c w naszym kraju, a wszystko&hellip;\n","protected":false},"author":2,"featured_media":154618,"comment_status":"","ping_status":"","sticky":false,"template":"","format":"standard","meta":{"footnotes":""},"categories":[24],"tags":[30905,29335,27145,42,38,40,39,41,4608,131,29336,127,126,30907,30906],"class_list":{"0":"post-154617","1":"post","2":"type-post","3":"status-publish","4":"format-standard","5":"has-post-thumbnail","7":"category-sport","8":"tag-angelo-lorenzetti","9":"tag-kamil-semeniuk","10":"tag-klubowe-mistrzostwa-swiata-siatkarzy","11":"tag-pl","12":"tag-poland","13":"tag-polish","14":"tag-polska","15":"tag-polski","16":"tag-rozgrywki-miedzynarodowe","17":"tag-siatkowka","18":"tag-sir-susa-vim-perugia","19":"tag-sport","20":"tag-sports","21":"tag-swehly-sc","22":"tag-wassim-ben-tara"},"share_on_mastodon":{"url":"https:\/\/pubeurope.com\/@pl\/115730901271679381","error":""},"_links":{"self":[{"href":"https:\/\/www.europesays.com\/pl\/wp-json\/wp\/v2\/posts\/154617","targetHints":{"allow":["GET"]}}],"collection":[{"href":"https:\/\/www.europesays.com\/pl\/wp-json\/wp\/v2\/posts"}],"about":[{"href":"https:\/\/www.europesays.com\/pl\/wp-json\/wp\/v2\/types\/post"}],"author":[{"embeddable":true,"href":"https:\/\/www.europesays.com\/pl\/wp-json\/wp\/v2\/users\/2"}],"replies":[{"embeddable":true,"href":"https:\/\/www.europesays.com\/pl\/wp-json\/wp\/v2\/comments?post=154617"}],"version-history":[{"count":0,"href":"https:\/\/www.europesays.com\/pl\/wp-json\/wp\/v2\/posts\/154617\/revisions"}],"wp:featuredmedia":[{"embeddable":true,"href":"https:\/\/www.europesays.com\/pl\/wp-json\/wp\/v2\/media\/154618"}],"wp:attachment":[{"href":"https:\/\/www.europesays.com\/pl\/wp-json\/wp\/v2\/media?parent=154617"}],"wp:term":[{"taxonomy":"category","embeddable":true,"href":"https:\/\/www.europesays.com\/pl\/wp-json\/wp\/v2\/categories?post=154617"},{"taxonomy":"post_tag","embeddable":true,"href":"https:\/\/www.europesays.com\/pl\/wp-json\/wp\/v2\/tags?post=154617"}],"curies":[{"name":"wp","href":"https:\/\/api.w.org\/{rel}","templated":true}]}}