{"id":154638,"date":"2025-12-16T19:39:11","date_gmt":"2025-12-16T19:39:11","guid":{"rendered":"https:\/\/www.europesays.com\/pl\/154638\/"},"modified":"2025-12-16T19:39:11","modified_gmt":"2025-12-16T19:39:11","slug":"przeprowadzila-sie-na-korfu-szokiem-okazalo-sie-zycie-na-wyspie-i-wrocila","status":"publish","type":"post","link":"https:\/\/www.europesays.com\/pl\/154638\/","title":{"rendered":"Przeprowadzi\u0142a si\u0119 na Korfu. Szokiem okaza\u0142o si\u0119 \u017cycie na wyspie i wr\u00f3ci\u0142a"},"content":{"rendered":"<p class=\"ods-c-paragraph \">Historia Natalii to klasyczny przyk\u0142ad zderzenia turystycznych wyobra\u017ce\u0144 z codziennym \u017cyciem na po\u0142udniu Europy. Decyzja o przeprowadzce by\u0142a impulsywna \u2014 zapad\u0142a w 2022 r., zaledwie po trzeciej wizycie w Grecji. Jak opisuje serwis Novinky.cz, kobieta spakowa\u0142a walizki niespe\u0142na miesi\u0105c po powrocie z urlopu, by rozpocz\u0105\u0107 nowe \u017cycie na Korfu.<\/p>\n<p>Dalszy ci\u0105g artyku\u0142u pod materia\u0142em wideo<\/p>\n<p> Dlaczego Natalia zdecydowa\u0142a si\u0119 na przeprowadzk\u0119 do Grecji? <\/p>\n<p> Jakie trudno\u015bci napotka\u0142a Natalia po przeprowadzce? <\/p>\n<p> Co spowodowa\u0142o, \u017ce Natalia wr\u00f3ci\u0142a do Czech? <\/p>\n<p> Dlaczego Korfu pozosta\u0142o dla Natalii wa\u017cnym miejscem? <\/p>\n<p>  Zderzenie z rzeczywisto\u015bci\u0105: Zima na &#8222;wyspie duch\u00f3w&#8221;<\/p>\n<p class=\"ods-c-paragraph \">Entuzjazm emigrantki zosta\u0142 wystawiony na pr\u00f3b\u0119 niemal natychmiast po przyje\u017adzie. Natalia dotar\u0142a na wysp\u0119 w listopadzie, trafiaj\u0105c w sam \u015brodek sezonu burzowego.<\/p>\n<blockquote class=\"ods-o-quota\">\n<p class=\"ods-o-quota__paragraph\">\u2014 Wszyscy pytali mnie, co tam robi\u0119 zim\u0105<\/p>\n<\/blockquote>\n<p class=\"ods-c-paragraph \">\u2014 wspomina bohaterka w rozmowie cytowanej przez czeski portal.<\/p>\n<p class=\"ods-c-paragraph \">Cho\u0107 grudzie\u0144 przyni\u00f3s\u0142 nieco s\u0142o\u0144ca, codzienne \u017cycie dalekie by\u0142o od sielanki. Natalia musia\u0142a zmierzy\u0107 si\u0119 z barier\u0105 j\u0119zykow\u0105, kt\u00f3ra ogranicza\u0142a jej mo\u017cliwo\u015bci zawodowe, oraz trudami pracy w obs\u0142udze klienta. Jak przyznaje, by\u0142 to moment kryzysowy, w kt\u00f3rym rozwa\u017ca\u0142a powr\u00f3t do domu. Dopiero praca na lotnisku w sezonie letnim i p\u00f3\u017aniejsza praca zdalna przynios\u0142y stabilizacj\u0119.<\/p>\n<p class=\"ods-c-paragraph \">Novinky.cz zwracaj\u0105 uwag\u0119 na drastyczn\u0105 r\u00f3\u017cnic\u0119 mi\u0119dzy Korfu w sezonie a poza nim. T\u0119tni\u0105ca \u017cyciem wyspa zim\u0105 zamienia\u0142a si\u0119 w &#8222;wysp\u0119 duch\u00f3w&#8221;, gdzie wi\u0119kszo\u015b\u0107 lokali by\u0142a zamkni\u0119ta, a \u017cycie toczy\u0142o si\u0119 jedynie w g\u0142\u00f3wnym mie\u015bcie.<\/p>\n<p><img decoding=\"async\" src=\"https:\/\/www.europesays.com\/pl\/wp-content\/uploads\/2025\/12\/xaXk9lBaHR0cHM6Ly9vY2RuLmV1L3B1bHNjbXMvTURBXy9kYjk1NjU0N2ExODA3ODE3YTlmMzk4OWMwNTI0ZTg5ZS5qcGeRlQLNB.jpeg\" height=\"570\" width=\"940\" alt=\"Korfu\" loading=\"lazy\" class=\"ods-c-image__img ods-c-image__img--viewport-width\"\/><\/p>\n<p>Korfutrabantos \/ Shutterstock<\/p>\n<p> Grecki chaos i &#8222;\u015bwi\u0119te&#8221; niedziele<\/p>\n<p class=\"ods-c-paragraph \">Adaptacja wymaga\u0142a od Natalii nie tylko znalezienia pracy, ale przede wszystkim zmiany mentalno\u015bci. Musia\u0142a zaakceptowa\u0107, \u017ce na po\u0142udniu czas p\u0142ynie inaczej.<\/p>\n<blockquote class=\"ods-o-quota\">\n<p class=\"ods-o-quota__paragraph\">\u2014 Musia\u0142am przyj\u0105\u0107 do wiadomo\u015bci, \u017ce niedziele i \u015bwi\u0119ta s\u0105 \u015bwi\u0119te, \u017ce przy kawie siedzi si\u0119 spokojnie trzy godziny, a infrastruktura i porz\u0105dek to nieistniej\u0105ce poj\u0119cia<\/p>\n<\/blockquote>\n<p class=\"ods-c-paragraph \">\u2014 relacjonuje Smetana.<\/p>\n<p class=\"ods-c-paragraph \">Mimo pocz\u0105tkowych trudno\u015bci, Czeszka nauczy\u0142a si\u0119 funkcjonowa\u0107 w greckim chaosie, a nawet czerpa\u0107 z niego przyjemno\u015b\u0107. Kluczem do akceptacji przez lokaln\u0105 spo\u0142eczno\u015b\u0107 okaza\u0142a si\u0119 nauka j\u0119zyka \u2014 nawet podstawowa znajomo\u015b\u0107 greckiego sprawia\u0142a, \u017ce miejscowi traktowali j\u0105 &#8222;jak rodzin\u0119&#8221;.<\/p>\n<p class=\"ods-c-paragraph \">Jednak, jak zauwa\u017ca rozm\u00f3wczyni czeskiego serwisu, mieszka\u0144cy Korfu bywaj\u0105 zamkni\u0119ci w por\u00f3wnaniu do Grek\u00f3w z kontynentu, a lokalni m\u0119\u017cczy\u017ani \u2014 z uwagi na turystyk\u0119 \u2014 cz\u0119sto okazuj\u0105 si\u0119 niestali w uczuciach.<\/p>\n<p>Ucieczka na l\u0105d i t\u0119sknota za morzem<\/p>\n<p class=\"ods-c-paragraph \">Po dw\u00f3ch latach na wyspie, los rzuci\u0142 Natali\u0119 na kontynent, do miasta Janina (Io\u00e1nnina). Decyzja ta, podyktowana m.in. zm\u0119czeniem turystycznym zgie\u0142kiem Korfu i problemami z infrastruktur\u0105, nie przynios\u0142a jednak ukojenia.<\/p>\n<p class=\"ods-c-paragraph \">Rzeczywisto\u015b\u0107 na l\u0105dzie okaza\u0142a si\u0119 trudniejsza. Natalia skar\u017cy\u0142a si\u0119 na jeszcze wi\u0119kszy chaos drogowy oraz brak bezpo\u015bredniego dost\u0119pu do morza. Cho\u0107 Janina le\u017cy w linii prostej oko\u0142o 50 km od wybrze\u017ca, codzienne wypady na pla\u017c\u0119 sta\u0142y si\u0119 niemo\u017cliwe. To w\u0142a\u015bnie brak morza, kt\u00f3re by\u0142o jej punktem oparcia, sta\u0142 si\u0119 jednym z powod\u00f3w ostatecznej decyzji o powrocie.<\/p>\n<p>Powr\u00f3t do Czech i plany na przysz\u0142o\u015b\u0107<\/p>\n<p class=\"ods-c-paragraph \">Po trzech latach sp\u0119dzonych w Helladzie, Natalia wr\u00f3ci\u0142a do ojczyzny. By\u0142 to powr\u00f3t nag\u0142y \u2014 rodzice nie wiedzieli o jej planach, dop\u00f3ki nie stan\u0119\u0142a w drzwiach z trzema walizkami, zostawiaj\u0105c po\u0142ow\u0119 dobytku w Grecji.<\/p>\n<p class=\"ods-c-paragraph \">Ponowna aklimatyzacja w Czechach okaza\u0142a si\u0119 wyzwaniem.<\/p>\n<blockquote class=\"ods-o-quota\">\n<p class=\"ods-o-quota__paragraph\">\u2014 By\u0142am z powrotem tydzie\u0144 i ju\u017c troch\u0119 sobie nie radzi\u0142am<\/p>\n<\/blockquote>\n<p class=\"ods-c-paragraph \">\u2014 wyznaje. Po trzynastu przeprowadzkach w ci\u0105gu trzech lat, Natalia postanowi\u0142a na chwil\u0119 zwolni\u0107.<\/p>\n<p class=\"ods-c-paragraph \">Mimo \u017ce &#8222;r\u00f3\u017cowe okulary&#8221; spad\u0142y, a \u017cycie na emigracji pe\u0142ne by\u0142o wyzwa\u0144 \u2014 od wypadk\u00f3w na motocyklu po rozstania \u2014 Natalia nie wyklucza powrotu na po\u0142udnie. Grecja wci\u0105\u017c pozostaje dla niej numerem jeden, g\u0142\u00f3wnie ze wzgl\u0119du na kuchni\u0119 i umiej\u0119tno\u015b\u0107 cieszenia si\u0119 chwil\u0105 przez jej mieszka\u0144c\u00f3w.<\/p>\n<p class=\"ods-c-paragraph \">\u2014 Korfu na zawsze b\u0119dzie moim domem \u2014 podsumowuje, dodaj\u0105c, \u017ce ka\u017cdy powinien cho\u0107 raz prze\u017cy\u0107 greck\u0105 Wielkanoc na tej wyspie.<\/p>\n<p><img decoding=\"async\" src=\"https:\/\/www.europesays.com\/pl\/wp-content\/uploads\/2025\/12\/Wj9k9lBaHR0cHM6Ly9vY2RuLmV1L3B1bHNjbXMvTURBXy8yZjY5N2IxN2MyNDQxMTg5YWVmMzcyNjU2MTU2MzRlNi5qcGeRlQLNB.jpeg\" height=\"626\" width=\"940\" alt=\"Korfu, widok z lotu ptaka\" loading=\"lazy\" class=\"ods-c-image__img ods-c-image__img--viewport-width\"\/><\/p>\n<p>Korfu, widok z lotu ptakaNick N A \/ Shutterstock<\/p>\n<p> Wasze do\u015bwiadczenia<\/p>\n<p class=\"ods-c-paragraph \">Wy tak\u017ce wr\u00f3cili\u015bcie z emigracji do ojczyzny? Dajcie zna\u0107! Ch\u0119tnie opisz\u0119 wasze historie: karolina.walczowska@redakcjaonet.pl<\/p>\n","protected":false},"excerpt":{"rendered":"Historia Natalii to klasyczny przyk\u0142ad zderzenia turystycznych wyobra\u017ce\u0144 z codziennym \u017cyciem na po\u0142udniu Europy. Decyzja o przeprowadzce by\u0142a&hellip;\n","protected":false},"author":2,"featured_media":154639,"comment_status":"","ping_status":"","sticky":false,"template":"","format":"standard","meta":{"footnotes":""},"categories":[14],"tags":[210,32,33,779,3545,27,30895,34,35,28,31,48,25,46,40,41,47,6963,80,29,30,26,82,83,84],"class_list":{"0":"post-154638","1":"post","2":"type-post","3":"status-publish","4":"format-standard","5":"has-post-thumbnail","7":"category-swiat","8":"tag-aktualnosci","9":"tag-breaking-news","10":"tag-breakingnews","11":"tag-czechy","12":"tag-emigracja","13":"tag-headlines","14":"tag-korfu","15":"tag-latest-news","16":"tag-latestnews","17":"tag-naglowki","18":"tag-najwazniejsze-artykuly","19":"tag-nat_styl","20":"tag-news","21":"tag-omp","22":"tag-polish","23":"tag-polski","24":"tag-screening_general","25":"tag-starozytna_grecja","26":"tag-swiat","27":"tag-top-stories","28":"tag-topstories","29":"tag-wiadomosci","30":"tag-world","31":"tag-world-news","32":"tag-worldnews"},"share_on_mastodon":{"url":"https:\/\/pubeurope.com\/@pl\/115730944472506819","error":""},"_links":{"self":[{"href":"https:\/\/www.europesays.com\/pl\/wp-json\/wp\/v2\/posts\/154638","targetHints":{"allow":["GET"]}}],"collection":[{"href":"https:\/\/www.europesays.com\/pl\/wp-json\/wp\/v2\/posts"}],"about":[{"href":"https:\/\/www.europesays.com\/pl\/wp-json\/wp\/v2\/types\/post"}],"author":[{"embeddable":true,"href":"https:\/\/www.europesays.com\/pl\/wp-json\/wp\/v2\/users\/2"}],"replies":[{"embeddable":true,"href":"https:\/\/www.europesays.com\/pl\/wp-json\/wp\/v2\/comments?post=154638"}],"version-history":[{"count":0,"href":"https:\/\/www.europesays.com\/pl\/wp-json\/wp\/v2\/posts\/154638\/revisions"}],"wp:featuredmedia":[{"embeddable":true,"href":"https:\/\/www.europesays.com\/pl\/wp-json\/wp\/v2\/media\/154639"}],"wp:attachment":[{"href":"https:\/\/www.europesays.com\/pl\/wp-json\/wp\/v2\/media?parent=154638"}],"wp:term":[{"taxonomy":"category","embeddable":true,"href":"https:\/\/www.europesays.com\/pl\/wp-json\/wp\/v2\/categories?post=154638"},{"taxonomy":"post_tag","embeddable":true,"href":"https:\/\/www.europesays.com\/pl\/wp-json\/wp\/v2\/tags?post=154638"}],"curies":[{"name":"wp","href":"https:\/\/api.w.org\/{rel}","templated":true}]}}