{"id":154711,"date":"2025-12-16T20:16:09","date_gmt":"2025-12-16T20:16:09","guid":{"rendered":"https:\/\/www.europesays.com\/pl\/154711\/"},"modified":"2025-12-16T20:16:09","modified_gmt":"2025-12-16T20:16:09","slug":"puchar-krola-cd-guadalajara-fc-barcelona-relacja-na-zywo-przeglad-sportowy-onet","status":"publish","type":"post","link":"https:\/\/www.europesays.com\/pl\/154711\/","title":{"rendered":"Puchar Kr\u00f3la: CD Guadalajara &#8211; FC Barcelona [RELACJA NA \u017bYWO] &#8211; Przegl\u0105d Sportowy Onet"},"content":{"rendered":"<ol>\n<li><a href=\"https:\/\/news.google.com\/rss\/articles\/CBMivgFBVV95cUxOWDVnZlNNSGZRaTFQdXQ5R2I3XzlxRDlEUzNpbWxuanE5Z0t2TEh5a3Q0elVrM1VGSHpFamVqaVNRbjNhN0dWeFlLWUVBR3JNd0NKTDFrZnB3cm9aTkZxekFYeVNwekwtbUZVZEUyYlpreHRkX3hqQUR1bWF0QmExRmdhTEZ0ZjJjM3M1cVJMcXpsYU9vRkZUVlN0RVJFb0RJSGFvS0FVRUJtQkNOOTJDaW9OZTU3aW0tM1dQNDhB?oc=5\" target=\"_blank\" rel=\"nofollow noopener\">Puchar Kr\u00f3la: CD Guadalajara &#8211; FC Barcelona [RELACJA NA \u017bYWO]<\/a>&nbsp;&nbsp;Przegl\u0105d Sportowy Onet<\/li>\n<li><a href=\"https:\/\/news.google.com\/rss\/articles\/CBMiuwFBVV95cUxONER4ZWRSUXlGUjM5eHE3WWIyQnhHc0FkR3lXb1JWajNDN2RTQ3k3MDJ5U0xYaXBYR0RZZ25jRlJVUGRBNUs5NHRBZHBUeFdHeEw0bEIwazI5VE5hb0h3TF9CSzh2cENVQlJLa3FQQVcxcTNvQ1E4NTFOdllFVXhCZ3RSQ3BBQktaaVFvVUJ1QjdlNHdOSGM2MVctLW9oNGtzUlBsY2l5akU5dEZqd1FVUDhRdF9CWW1ycEcw?oc=5\" target=\"_blank\" rel=\"nofollow noopener\">Pilny komunikat! Tu\u017c przed meczem Barcelony. Kluczowa decyzja<\/a>&nbsp;&nbsp;Przegl\u0105d Sportowy Onet<\/li>\n<li><a href=\"https:\/\/news.google.com\/rss\/articles\/CBMioAFBVV95cUxQbmRlN0lFTEdUS2dtM2FEUTZLeUc5UXpuaVFnM3dWMTVER3hldXhBTWtWbEdxWnRQOFVSdmJid3FIOTVjREYwLVl3dmVyNkwtV05fY1hsTWxwREQzSGtwT29JMEVYY3huQjFieXhHaXFEdWJIeW4tZzZFT193WjhaVjFGWVk4aVdTS0s2OUMwU1c2OWR5NnhyMFZQXzlPQ0w1?oc=5\" target=\"_blank\" rel=\"nofollow noopener\">Ale\u017c skandal przed meczem Barcelony! Po prostu cyrk<\/a>&nbsp;&nbsp;Sport.pl<\/li>\n<li><a href=\"https:\/\/news.google.com\/rss\/articles\/CBMiuAFBVV95cUxOQkltQVdtWHZUTDdZb1I2SWo1MVNvOFRRbGlSQ3g3VUlkVGtvLXg2YXhEVEEwbkhsSVEwTDE0ZHBmZ1YzbUNlUjUwU3ZPbVJKb3NvUjJPMEgtS25zZE8zUy1pUExsc2xsSmVodktkbmRNZVlGR1AtTGFxdHBwWXlxZUJDV2paUElFcVZzOFg1U1c1VTFyRVRpeXRvWFVUaDJIcGUzbWdEaTJFMWhmY1d2Q193X29meDY3?oc=5\" target=\"_blank\" rel=\"nofollow noopener\">Puchar Kr\u00f3la. CD Guadalajara &#8211; FC Barcelona. Gdzie ogl\u0105da\u0107 na \u017cywo, online?<\/a>&nbsp;&nbsp;SportoweFakty<\/li>\n<li><a href=\"https:\/\/news.google.com\/rss\/articles\/CBMitgFBVV95cUxOUFBISjczSjRuUy0tdU1rOVZ2ME45SDY4bG9Ec3lFRUt2Ui0wUDF2VEJ4bWt5OUpreHhmRXVIR3pwLWZoZW4xVEt3YTZrWVBSLUxERDVUdU5JS2o0c0NZSkVxRXBzQ0ZzTFA1bHpDVzV1VU5ZQThiU053TUZMYjZlZHd1TzVxeVV0Y3NpS0ZCRlVPSm9pbHNmYU5PdkVyZ0RsOXdCTW8xUE52eVdkdFRHOTIxUGJlQQ?oc=5\" target=\"_blank\" rel=\"nofollow noopener\">Mecz Barcelony op\u00f3\u017aniony. Kuriozalny pow\u00f3d, ogromne zamieszanie<\/a>&nbsp;&nbsp;Sport w INTERIA.PL<\/li>\n<\/ol>\n","protected":false},"excerpt":{"rendered":"Puchar Kr\u00f3la: CD Guadalajara &#8211; FC Barcelona [RELACJA NA \u017bYWO]&nbsp;&nbsp;Przegl\u0105d Sportowy Onet Pilny komunikat! Tu\u017c przed meczem Barcelony.&hellip;\n","protected":false},"author":2,"featured_media":154712,"comment_status":"","ping_status":"","sticky":false,"template":"","format":"standard","meta":{"footnotes":""},"categories":[5],"tags":[32,33,303,36,37,27,2051,34,35,188,186,28,31,25,42,38,40,39,41,136,28861,128,30517,47,135,29,30,26,130],"class_list":{"0":"post-154711","1":"post","2":"type-post","3":"status-publish","4":"format-standard","5":"has-post-thumbnail","7":"category-naglowki","8":"tag-breaking-news","9":"tag-breakingnews","10":"tag-fc_barcelona","11":"tag-featured-news","12":"tag-featurednews","13":"tag-headlines","14":"tag-laliga","15":"tag-latest-news","16":"tag-latestnews","17":"tag-liveblog","18":"tag-na_zywo","19":"tag-naglowki","20":"tag-najwazniejsze-artykuly","21":"tag-news","22":"tag-pl","23":"tag-poland","24":"tag-polish","25":"tag-polska","26":"tag-polski","27":"tag-ps_detal_new","28":"tag-ps_omp_tst0","29":"tag-psv2","30":"tag-puchar_krola","31":"tag-screening_general","32":"tag-sport_sport","33":"tag-top-stories","34":"tag-topstories","35":"tag-wiadomosci","36":"tag-wiadomosci_sportowe"},"share_on_mastodon":{"url":"https:\/\/pubeurope.com\/@pl\/115731089767342772","error":""},"_links":{"self":[{"href":"https:\/\/www.europesays.com\/pl\/wp-json\/wp\/v2\/posts\/154711","targetHints":{"allow":["GET"]}}],"collection":[{"href":"https:\/\/www.europesays.com\/pl\/wp-json\/wp\/v2\/posts"}],"about":[{"href":"https:\/\/www.europesays.com\/pl\/wp-json\/wp\/v2\/types\/post"}],"author":[{"embeddable":true,"href":"https:\/\/www.europesays.com\/pl\/wp-json\/wp\/v2\/users\/2"}],"replies":[{"embeddable":true,"href":"https:\/\/www.europesays.com\/pl\/wp-json\/wp\/v2\/comments?post=154711"}],"version-history":[{"count":0,"href":"https:\/\/www.europesays.com\/pl\/wp-json\/wp\/v2\/posts\/154711\/revisions"}],"wp:featuredmedia":[{"embeddable":true,"href":"https:\/\/www.europesays.com\/pl\/wp-json\/wp\/v2\/media\/154712"}],"wp:attachment":[{"href":"https:\/\/www.europesays.com\/pl\/wp-json\/wp\/v2\/media?parent=154711"}],"wp:term":[{"taxonomy":"category","embeddable":true,"href":"https:\/\/www.europesays.com\/pl\/wp-json\/wp\/v2\/categories?post=154711"},{"taxonomy":"post_tag","embeddable":true,"href":"https:\/\/www.europesays.com\/pl\/wp-json\/wp\/v2\/tags?post=154711"}],"curies":[{"name":"wp","href":"https:\/\/api.w.org\/{rel}","templated":true}]}}