{"id":154713,"date":"2025-12-16T20:17:06","date_gmt":"2025-12-16T20:17:06","guid":{"rendered":"https:\/\/www.europesays.com\/pl\/154713\/"},"modified":"2025-12-16T20:17:06","modified_gmt":"2025-12-16T20:17:06","slug":"fifa-oglasza-oto-najlepszy-pilkarz-roku-robert-lewandowski-i-wojciech-szczesny-pominieci","status":"publish","type":"post","link":"https:\/\/www.europesays.com\/pl\/154713\/","title":{"rendered":"FIFA og\u0142asza! Oto najlepszy pi\u0142karz roku. Robert Lewandowski i Wojciech Szcz\u0119sny pomini\u0119ci"},"content":{"rendered":"<p class=\"Paragraph_desktopParagraph__Fd2e9\">FIFA zacz\u0119\u0142a nagradza\u0107 najlepszego pi\u0142karza \u015bwiata od 1991 r. W latach 1991\u20132009 funkcjonowa\u0142a nagroda &#8222;FIFA World Player of the Year&#8221;. Potem, w latach 2010\u20132015, FIFA po\u0142\u0105czy\u0142a sw\u00f3j plebiscyt ze Z\u0142ot\u0105 Pi\u0142k\u0105 magazynu &#8222;France Football&#8221;, tworz\u0105c wsp\u00f3ln\u0105 nagrod\u0119. Gdy wsp\u00f3\u0142praca si\u0119 zako\u0144czy\u0142a, FIFA uruchomi\u0142a w\u0142asn\u0105 gal\u0119 i od 2016 r. wr\u0119cza wyr\u00f3\u017cnienia pod szyldem &#8222;The Best FIFA Football Awards&#8221;.<\/p>\n<p class=\"VideoPlayerText_videoPlayerText__zrtJk\">Dalszy ci\u0105g materia\u0142u pod wideo<\/p>\n<p class=\"Paragraph_desktopParagraph__Fd2e9\">W przesz\u0142o\u015bci dwukrotnie najlepszym pi\u0142karzem roku wybrano kapitana reprezentacji Polski. Lewandowski bezkonkurencyjny okaza\u0142 si\u0119 w 2020 i 2021 r. Dwana\u015bcie miesi\u0119cy temu nagroda pow\u0119drowa\u0142a natomiast do r\u0105k pi\u0142karz Realu Madryt, Viniciusa Juniora. Tegoroczny wyb\u00f3r Dembele nie jest zaskoczeniem. Francuz by\u0142 liderem Paris Saint-Germain, kt\u00f3re tym razem triumfowa\u0142o nie tylko na krajowym podw\u00f3rku, ale tak\u017ce si\u0119gn\u0119\u0142o po Lig\u0119 Mistrz\u00f3w.<\/p>\n<p class=\"Paragraph_desktopParagraph__Fd2e9\">Opr\u00f3cz 28-latka w fina\u0142owej &#8222;10&#8221; nominowanych znale\u017ali si\u0119 r\u00f3wnie\u017c Pedri, Lamine Yamal, Raphinha, Kylian Mbappe, Vitinha, Nuno Mendes, Achraf Hakimi, Harry Kane, Cole Palmer oraz Mohamed Salah.<\/p>\n<p>Wojciech Szcz\u0119sny i Robert Lewandowski bez nagr\u00f3d!<\/p>\n<p class=\"Paragraph_desktopParagraph__Fd2e9\">Podczas uroczystej gali wybrano tak\u017ce m.in. najlepszego trenera i najlepszego bramkarza roku. W obu kategoriach r\u00f3wnie\u017c triumfowali przedstawiciele paryskiego giganta \u2014 Gianluigi Donnarumma oraz Luis Enrique. Co ciekawe, w\u015br\u00f3d nominowanych golkiper\u00f3w nie zabrak\u0142o Wojciecha Szcz\u0119snego, kt\u00f3ry ma za sob\u0105 bardzo udany sezon w FC Barcelona.<\/p>\n<p class=\"Paragraph_desktopParagraph__Fd2e9\">Szcz\u0119sny, a tak\u017ce Lewandowski mieli okazj\u0119 znale\u017a\u0107 si\u0119 r\u00f3wnie\u017c najlepszej &#8222;11&#8221; roku. <a href=\"https:\/\/przegladsportowy.onet.pl\/pilka-nozna\/oto-najlepsi-pilkarze-tego-roku-i-wielka-niespodzianka-fifa-go-pominela\/nt29s5t\" id=\"ff4db6f3-ec44-4697-accf-24071065a47e\" rel=\"nofollow noopener\" target=\"_blank\">Niestety, ostatecznie zdecydowano si\u0119 postawi\u0107 na innych zawodnik\u00f3w.<\/a><\/p>\n<p class=\"Paragraph_desktopParagraph__Fd2e9\">Okres, za jaki przyznawane zosta\u0142y nagrody trwa\u0142 od 11 sierpnia 2024 r. do 2 sierpnia 2025 r. FIFA nie opisuje szczeg\u00f3\u0142owo, wed\u0142ug jakich kryteri\u00f3w powstaj\u0105 listy kandydat\u00f3w, ale wiadomo, \u017ce s\u0105 one przygotowywane &#8222;w porozumieniu z przedstawicielami \u015brodowiska pi\u0142karskiego&#8221;.<\/p>\n<p class=\"Paragraph_desktopParagraph__Fd2e9\">P\u00f3\u017aniej o zwyci\u0119stwie decyduje g\u0142osowanie czterech grup: selekcjoner\u00f3w reprezentacji, kapitan\u00f3w reprezentacji, dziennikarzy (po jednym z ka\u017cdego regionu \u015bwiata) oraz kibic\u00f3w g\u0142osuj\u0105cych na stronie FIFA. Ka\u017cdy wskazuje tr\u00f3jk\u0119 w danej kategorii: za 1. miejsce przyznaje si\u0119 5 pkt, za 2. 3 pkt, a za 3. 1 pkt. Na koniec punkty s\u0105 sumowane.<\/p>\n","protected":false},"excerpt":{"rendered":"FIFA zacz\u0119\u0142a nagradza\u0107 najlepszego pi\u0142karza \u015bwiata od 1991 r. W latach 1991\u20132009 funkcjonowa\u0142a nagroda &#8222;FIFA World Player of&hellip;\n","protected":false},"author":2,"featured_media":154714,"comment_status":"","ping_status":"","sticky":false,"template":"","format":"standard","meta":{"footnotes":""},"categories":[24],"tags":[1285,67,4357,948,42,38,40,39,41,136,128,300,47,127,135,126,130],"class_list":{"0":"post-154713","1":"post","2":"type-post","3":"status-publish","4":"format-standard","5":"has-post-thumbnail","7":"category-sport","8":"tag-fifa","9":"tag-intextvideo_splayer","10":"tag-ousmane_dembele","11":"tag-pilka_nozna","12":"tag-pl","13":"tag-poland","14":"tag-polish","15":"tag-polska","16":"tag-polski","17":"tag-ps_detal_new","18":"tag-psv2","19":"tag-robert_lewandowski","20":"tag-screening_general","21":"tag-sport","22":"tag-sport_sport","23":"tag-sports","24":"tag-wiadomosci_sportowe"},"share_on_mastodon":{"url":"https:\/\/pubeurope.com\/@pl\/115731093778131497","error":""},"_links":{"self":[{"href":"https:\/\/www.europesays.com\/pl\/wp-json\/wp\/v2\/posts\/154713","targetHints":{"allow":["GET"]}}],"collection":[{"href":"https:\/\/www.europesays.com\/pl\/wp-json\/wp\/v2\/posts"}],"about":[{"href":"https:\/\/www.europesays.com\/pl\/wp-json\/wp\/v2\/types\/post"}],"author":[{"embeddable":true,"href":"https:\/\/www.europesays.com\/pl\/wp-json\/wp\/v2\/users\/2"}],"replies":[{"embeddable":true,"href":"https:\/\/www.europesays.com\/pl\/wp-json\/wp\/v2\/comments?post=154713"}],"version-history":[{"count":0,"href":"https:\/\/www.europesays.com\/pl\/wp-json\/wp\/v2\/posts\/154713\/revisions"}],"wp:featuredmedia":[{"embeddable":true,"href":"https:\/\/www.europesays.com\/pl\/wp-json\/wp\/v2\/media\/154714"}],"wp:attachment":[{"href":"https:\/\/www.europesays.com\/pl\/wp-json\/wp\/v2\/media?parent=154713"}],"wp:term":[{"taxonomy":"category","embeddable":true,"href":"https:\/\/www.europesays.com\/pl\/wp-json\/wp\/v2\/categories?post=154713"},{"taxonomy":"post_tag","embeddable":true,"href":"https:\/\/www.europesays.com\/pl\/wp-json\/wp\/v2\/tags?post=154713"}],"curies":[{"name":"wp","href":"https:\/\/api.w.org\/{rel}","templated":true}]}}