{"id":154721,"date":"2025-12-16T20:21:09","date_gmt":"2025-12-16T20:21:09","guid":{"rendered":"https:\/\/www.europesays.com\/pl\/154721\/"},"modified":"2025-12-16T20:21:09","modified_gmt":"2025-12-16T20:21:09","slug":"wielka-brytania-nastolatek-podejrzany-o-morderstwo-9-latki","status":"publish","type":"post","link":"https:\/\/www.europesays.com\/pl\/154721\/","title":{"rendered":"Wielka Brytania. Nastolatek podejrzany o morderstwo 9-latki"},"content":{"rendered":"<p class=\"article-p\" data-section=\"detail-body\">Dziewczynka zosta\u0142a uznana za zmar\u0142\u0105 na miejscu w poniedzia\u0142kowy wiecz\u00f3r, 15 grudnia. Na terenie posesji wci\u0105\u017c znajduje si\u0119 policyjny kordon, a \u015bledztwo jest w toku \u2014 policja prowadzi r\u00f3wnie\u017c rozmowy z s\u0105siadami.<\/p>\n<p class=\"article-p\" data-section=\"detail-body\">Czytaj te\u017c: <a href=\"https:\/\/www.fakt.pl\/wydarzenia\/swiat\/wielka-brytania-13-latka-oskarzona-o-zabojstwo-marty-bednarczyk-ruszyl-proces\/6zrjztf\" id=\"2cb0936d-5e21-41ae-bc6f-66fea827a479\" rel=\"nofollow noopener\" target=\"_blank\">Tu\u017c przed zab\u00f3jstwem pyta\u0142a w internecie. &#8222;Co si\u0119 dzieje, gdy 13-latek pope\u0142nia morderstwo?&#8221;<\/a><\/p>\n<p>        Wielka Brytania. Odkryli cia\u0142o 9-latki, nastolatek w areszcie<\/p>\n<p class=\"article-p\" data-section=\"detail-body\">W zwi\u0105zku ze spraw\u0105 zatrzymano nastoletniego ch\u0142opca, kt\u00f3ry obecnie przebywa w areszcie \u2014 poinformowa\u0142a policja hrabstw Avon i Somerset. Jest podejrzany o morderstwo dziewczynki. S\u0142u\u017cby na razie nie ujawniaj\u0105 jego wieku ani tego, czy zna\u0142 si\u0119 z ofiar\u0105.<\/p>\n<p class=\"article-p\" data-section=\"detail-body\">Nadkomisarz Jen Appleford powiedzia\u0142a:<\/p>\n<p class=\"article-p\" data-section=\"detail-body\">Wiemy, \u017ce ca\u0142a spo\u0142eczno\u015b\u0107 Weston-super-Mare jest zrozpaczona i wstrz\u0105\u015bni\u0119ta t\u0105 potworn\u0105 wiadomo\u015bci\u0105. Rodzina dziewczynki zosta\u0142a powiadomiona o tragicznym zdarzeniu wczoraj wieczorem. To niewyobra\u017calne, by opisa\u0107 s\u0142owami b\u00f3l i cierpienie, jakie teraz prze\u017cywaj\u0105.<\/p>\n<p class=\"article-p\" data-section=\"detail-body\">\u2014 Sk\u0142adamy im najszczersze wyrazy wsp\u00f3\u0142czucia i zapewniamy, \u017ce b\u0119d\u0105 obj\u0119ci opiek\u0105 specjalnie przeszkolonego funkcjonariusza \u2014 doda\u0142a.<\/p>\n<p class=\"article-p\" data-section=\"detail-body\">Podkre\u015bli\u0142a, \u017ce formalna identyfikacja nie zosta\u0142a jeszcze zako\u0144czona, a przeprowadzona zostanie tak\u017ce sekcja zw\u0142ok, kt\u00f3ra powinna wyja\u015bni\u0107 w\u0105tpliwo\u015bci.<\/p>\n<p class=\"article-p\" data-section=\"detail-body\">\u0179r\u00f3d\u0142o: Sky News\/ Fakt.pl<\/p>\n<p class=\"article-p\" data-section=\"detail-body\"><a href=\"https:\/\/www.fakt.pl\/wydarzenia\/polska\/wroclaw\/zabojstwo-11-latki-w-jeleniej-gorze-sad-zgodzil-sie-na-przesluchanie-12-latki\/7ffgk6z\" id=\"290bc5a6-2125-4b2c-9310-0c051e0319f7\" rel=\"nofollow noopener\" target=\"_blank\">Nowa decyzja s\u0105du po zab\u00f3jstwie 11-latki. Co z 12-latk\u0105?<\/a><\/p>\n<p class=\"article-p\" data-section=\"detail-body\"><a href=\"https:\/\/www.fakt.pl\/wydarzenia\/polska\/wroclaw\/straszne-relacje-po-zabojstwie-11-latki-w-jeleniej-gorze-zakrwawiona-stala-przy\/wlpb4k6\" id=\"58d0340a-a7e2-4d20-b9a1-1488fa063f85\" rel=\"nofollow noopener\" target=\"_blank\">&#8222;Zakrwawiona sta\u0142a przy p\u0142ocie&#8221;. Do p\u00f3\u017anych godzin badali miejsce zab\u00f3jstwa 11-latki<\/a><\/p>\n","protected":false},"excerpt":{"rendered":"Dziewczynka zosta\u0142a uznana za zmar\u0142\u0105 na miejscu w poniedzia\u0142kowy wiecz\u00f3r, 15 grudnia. Na terenie posesji wci\u0105\u017c znajduje si\u0119&hellip;\n","protected":false},"author":2,"featured_media":154722,"comment_status":"","ping_status":"","sticky":false,"template":"","format":"standard","meta":{"footnotes":""},"categories":[14],"tags":[32,33,27,34,35,28,31,25,40,41,80,29,30,26,82,83,84],"class_list":{"0":"post-154721","1":"post","2":"type-post","3":"status-publish","4":"format-standard","5":"has-post-thumbnail","7":"category-swiat","8":"tag-breaking-news","9":"tag-breakingnews","10":"tag-headlines","11":"tag-latest-news","12":"tag-latestnews","13":"tag-naglowki","14":"tag-najwazniejsze-artykuly","15":"tag-news","16":"tag-polish","17":"tag-polski","18":"tag-swiat","19":"tag-top-stories","20":"tag-topstories","21":"tag-wiadomosci","22":"tag-world","23":"tag-world-news","24":"tag-worldnews"},"share_on_mastodon":{"url":"https:\/\/pubeurope.com\/@pl\/115731109466231878","error":""},"_links":{"self":[{"href":"https:\/\/www.europesays.com\/pl\/wp-json\/wp\/v2\/posts\/154721","targetHints":{"allow":["GET"]}}],"collection":[{"href":"https:\/\/www.europesays.com\/pl\/wp-json\/wp\/v2\/posts"}],"about":[{"href":"https:\/\/www.europesays.com\/pl\/wp-json\/wp\/v2\/types\/post"}],"author":[{"embeddable":true,"href":"https:\/\/www.europesays.com\/pl\/wp-json\/wp\/v2\/users\/2"}],"replies":[{"embeddable":true,"href":"https:\/\/www.europesays.com\/pl\/wp-json\/wp\/v2\/comments?post=154721"}],"version-history":[{"count":0,"href":"https:\/\/www.europesays.com\/pl\/wp-json\/wp\/v2\/posts\/154721\/revisions"}],"wp:featuredmedia":[{"embeddable":true,"href":"https:\/\/www.europesays.com\/pl\/wp-json\/wp\/v2\/media\/154722"}],"wp:attachment":[{"href":"https:\/\/www.europesays.com\/pl\/wp-json\/wp\/v2\/media?parent=154721"}],"wp:term":[{"taxonomy":"category","embeddable":true,"href":"https:\/\/www.europesays.com\/pl\/wp-json\/wp\/v2\/categories?post=154721"},{"taxonomy":"post_tag","embeddable":true,"href":"https:\/\/www.europesays.com\/pl\/wp-json\/wp\/v2\/tags?post=154721"}],"curies":[{"name":"wp","href":"https:\/\/api.w.org\/{rel}","templated":true}]}}