{"id":154723,"date":"2025-12-16T20:22:16","date_gmt":"2025-12-16T20:22:16","guid":{"rendered":"https:\/\/www.europesays.com\/pl\/154723\/"},"modified":"2025-12-16T20:22:16","modified_gmt":"2025-12-16T20:22:16","slug":"zaginiona-ukrainska-rodzina-odnaleziona-byli-juz-w-innym-kraju","status":"publish","type":"post","link":"https:\/\/www.europesays.com\/pl\/154723\/","title":{"rendered":"Zaginiona ukrai\u0144ska rodzina odnaleziona. Byli ju\u017c w innym kraju"},"content":{"rendered":"<p>Dw\u00f3jka doros\u0142ych oraz pi\u0119cioro dzieci w\u00a0wieku od 1\u00a0do 7\u00a0lat ostatni raz byli widziani w\u00a0poniedzia\u0142ek 15 grudnia w\u00a0okolicach ul. Rzemie\u015blniczej we W\u0142adys\u0142awowie.<\/p>\n<p>Zg\u0142oszenie o\u00a0ich zagini\u0119ciu z\u0142o\u017cy\u0142 wieczorem w\u00a0poniedzia\u0142ek asystent rodziny z\u00a0O\u015brodka Pomocy Spo\u0142ecznej we W\u0142adys\u0142awowie, sprawuj\u0105cy nad nimi opiek\u0119. Policjanci natychmiast wszcz\u0119li poszukiwania, przy czym by\u0142y to poszukiwania II poziomu, czyli w\u00a0sytuacji, kiedy nie ma do czynienia z\u00a0zagro\u017ceniem \u017cycia lub zdrowia dzieci.<\/p>\n<p>Miasto, kt\u00f3re znikn\u0119\u0142o. Tam toczy si\u0119 akcja bestsellerowej powie\u015bci <\/p>\n<p>We wtorek policjanci zintensyfikowali dzia\u0142ania. Do poszukiwa\u0144 skierowano przewodnik\u00f3w z\u00a0psami tropi\u0105cymi. Policjanci sprawdzali miejsca, w\u00a0kt\u00f3rych mog\u0142a przebywa\u0107 rodzina, sprawdzane by\u0142y te\u017c zapisy z\u00a0kamer monitoringu. Informacja o\u00a0zagini\u0119ciu zosta\u0142a przekazana policjantom w\u00a0kraju, jak r\u00f3wnie\u017c funkcjonariuszom Stra\u017cy Granicznej. I\u00a0to w\u0142a\u015bnie ten ostatni trop przyni\u00f3s\u0142 pozytywne efekty.<\/p>\n<p>We wtorek przed godzin\u0105 16 policjanci z\u00a0Pucka powiadomili, \u017ce zako\u0144czy\u0142y si\u0119 poszukiwania rodziny.<\/p>\n<p>Policja nie informuje o\u00a0przyczynach i\u00a0okoliczno\u015bciach zagini\u0119cia rodziny.<\/p>\n","protected":false},"excerpt":{"rendered":"Dw\u00f3jka doros\u0142ych oraz pi\u0119cioro dzieci w\u00a0wieku od 1\u00a0do 7\u00a0lat ostatni raz byli widziani w\u00a0poniedzia\u0142ek 15 grudnia w\u00a0okolicach ul.&hellip;\n","protected":false},"author":2,"featured_media":154724,"comment_status":"","ping_status":"","sticky":false,"template":"","format":"standard","meta":{"footnotes":""},"categories":[12],"tags":[32,33,36,37,27,34,35,28,31,25,42,38,40,39,41,29,30,26],"class_list":{"0":"post-154723","1":"post","2":"type-post","3":"status-publish","4":"format-standard","5":"has-post-thumbnail","7":"category-polska","8":"tag-breaking-news","9":"tag-breakingnews","10":"tag-featured-news","11":"tag-featurednews","12":"tag-headlines","13":"tag-latest-news","14":"tag-latestnews","15":"tag-naglowki","16":"tag-najwazniejsze-artykuly","17":"tag-news","18":"tag-pl","19":"tag-poland","20":"tag-polish","21":"tag-polska","22":"tag-polski","23":"tag-top-stories","24":"tag-topstories","25":"tag-wiadomosci"},"share_on_mastodon":{"url":"https:\/\/pubeurope.com\/@pl\/115731113436101131","error":""},"_links":{"self":[{"href":"https:\/\/www.europesays.com\/pl\/wp-json\/wp\/v2\/posts\/154723","targetHints":{"allow":["GET"]}}],"collection":[{"href":"https:\/\/www.europesays.com\/pl\/wp-json\/wp\/v2\/posts"}],"about":[{"href":"https:\/\/www.europesays.com\/pl\/wp-json\/wp\/v2\/types\/post"}],"author":[{"embeddable":true,"href":"https:\/\/www.europesays.com\/pl\/wp-json\/wp\/v2\/users\/2"}],"replies":[{"embeddable":true,"href":"https:\/\/www.europesays.com\/pl\/wp-json\/wp\/v2\/comments?post=154723"}],"version-history":[{"count":0,"href":"https:\/\/www.europesays.com\/pl\/wp-json\/wp\/v2\/posts\/154723\/revisions"}],"wp:featuredmedia":[{"embeddable":true,"href":"https:\/\/www.europesays.com\/pl\/wp-json\/wp\/v2\/media\/154724"}],"wp:attachment":[{"href":"https:\/\/www.europesays.com\/pl\/wp-json\/wp\/v2\/media?parent=154723"}],"wp:term":[{"taxonomy":"category","embeddable":true,"href":"https:\/\/www.europesays.com\/pl\/wp-json\/wp\/v2\/categories?post=154723"},{"taxonomy":"post_tag","embeddable":true,"href":"https:\/\/www.europesays.com\/pl\/wp-json\/wp\/v2\/tags?post=154723"}],"curies":[{"name":"wp","href":"https:\/\/api.w.org\/{rel}","templated":true}]}}