{"id":154725,"date":"2025-12-16T20:23:26","date_gmt":"2025-12-16T20:23:26","guid":{"rendered":"https:\/\/www.europesays.com\/pl\/154725\/"},"modified":"2025-12-16T20:23:26","modified_gmt":"2025-12-16T20:23:26","slug":"morawiecki-zaproponuje-kaczynskiemu-nowy-sztab-w-pis-koordynacja-przekazu-i-dzialan","status":"publish","type":"post","link":"https:\/\/www.europesays.com\/pl\/154725\/","title":{"rendered":"Morawiecki zaproponuje Kaczy\u0144skiemu nowy sztab w PiS. &#8222;Koordynacja przekazu i dzia\u0142a\u0144&#8221;"},"content":{"rendered":"\n<p>&#8211; Taki sztab powinien \u0142\u0105czy\u0107 wszystkie frakcje, podobnie jak cz\u0142owiek, kt\u00f3ry takim sztabem pokieruje. Niech to b\u0119dzie kto\u015b tak sprawny, jak Pawe\u0142 (Szefernaker, obecny szef gabinetu prezydenta Karola Nawrockiego i\u00a0by\u0142y szef jego sztabu wyborczego &#8211;\u00a0red.) &#8211;\u00a0m\u00f3wi Wirtualnej Polsce jeden ze stronnik\u00f3w Mateusza Morawieckiego.\u00a0<\/p>\n<p>Jak przyznaje, &#8222;dzi\u015b nie mo\u017ce by\u0107 tak, \u017ce decyzje komunikacyjne podejmowane s\u0105 w\u00a0w\u0105skim gronie, a\u00a0p\u00f3\u017aniej i\u00a0tak nikt si\u0119 z\u00a0tego nie wywi\u0105zuje albo nie potrafi tego dobrze opakowa\u0107&#8221;.\u00a0<\/p>\n<p>Maja Rutkowski kupi\u0142a m\u0119\u017cowi prezent za\u00a0MILIONY DOLAR\u00d3W. &#8222;B\u0119dzie du\u017co z\u0142ota&#8221; <\/p>\n<p>Przyk\u0142ady? Cho\u0107by temat ochrony zdrowia. <a href=\"https:\/\/wiadomosci.wp.pl\/znamy-plan-pis-na-rocznice-rzadu-tuska-uderza-kluczowym-tematem-dla-polakow-7227773248248736a\" rel=\"noopener noreferrer nofollow\" target=\"_blank\">W\u00a0Wirtualnej Polsce pisali\u015bmy o\u00a0tym, i\u017c PiS d\u0142ugo nie potrafi\u0142o przebi\u0107 si\u0119 z\u00a0tematem.<\/a> Podczas gdy rz\u0105d i\u00a0prezydent organizowali swoje szczyty zdrowotne, partia opozycyjna zrobi\u0142a to dopiero tydzie\u0144 p\u00f3\u017aniej. A\u00a0gdy zdawa\u0142o si\u0119, \u017ce temat zdrowotny zaczyna\u0142 dominowa\u0107 &#8211;\u00a0m.in. dzi\u0119ki wspomnianemu szczytowi w\u00a0Pa\u0142acu Prezydenckim\u00a0&#8211; wtedy nagle na &#8222;konferencj\u0119&#8221; do centrali PiS na Nowogrodzk\u0105 wzywa\u0142 Zbigniew Ziobro, kt\u00f3ry nawet nie by\u0142 w\u00a0Polsce, tylko \u0142\u0105czy\u0142 si\u0119 zdalnie i\u00a0nie pozwala\u0142 zadawa\u0107 sobie pyta\u0144.\u00a0<\/p>\n<p> <img role=\"presentation\" class=\"absolute left-1\/2 top-1\/2 max-h-[80%] max-w-[100px] -translate-x-1\/2 -translate-y-1\/2\" src=\"https:\/\/v.wpimg.pl\/ZXJfd3AudTkrBBIAbg54LGhcRlAxHQUrPgJGH2MAeGJoSQ1eIBI_K2UHAEVuBTY5KQMMXC0RPyoVERQdMgM9ejc\" loading=\"lazy\" decoding=\"async\"\/> <a href=\"https:\/\/wiadomosci.wp.pl\/znamy-plan-pis-na-rocznice-rzadu-tuska-uderza-kluczowym-tematem-dla-polakow-7227773248248736a\" class=\"teaser-inline\" rel=\"nofollow noopener\" target=\"_blank\">  <img decoding=\"async\" src=\"https:\/\/www.europesays.com\/pl\/wp-content\/uploads\/2025\/12\/MTVmNTA2YjU3DzhnbklvIHRXbD0oEGF2I090dm4Df2xmFWEyKF4oJjMdIXomQDgkNxo-ejFeYjUmBGEicB0pPSUdIjU4HSg5NAgq.jpeg\" width=\"0\" height=\"0\" loading=\"lazy\" class=\"wp-media-image cropped\" alt=\"Znamy plan PiS na rocznic\u0119 rz\u0105du Tuska. Uderz\u0105 kluczowym tematem dla Polak\u00f3w\"\/><\/p>\n<p>Znamy plan PiS na rocznic\u0119 rz\u0105du Tuska. Uderz\u0105 kluczowym tematem dla Polak\u00f3w<\/p>\n<p><\/a> <\/p>\n<p>W efekcie PiS &#8222;przykrywa\u0142o&#8221; swoje w\u0142asne inicjatywy. &#8211;\u00a0Inny przyk\u0142ad? Wyj\u015bcie z\u00a0pomys\u0142em debat na uniwersytetach. Fajny pomys\u0142, ciekawy, ale nic za tym nie posz\u0142o. I\u00a0nikt ju\u017c o\u00a0tym nie pami\u0119ta, a\u00a0przecie\u017c mo\u017cna to by\u0142o fajnie opakowa\u0107, doprosi\u0107 do organizowania tego r\u00f3wnie\u017c innych polityk\u00f3w, a\u00a0tu nic si\u0119 nawet nie odby\u0142o &#8211;\u00a0narzeka jeden z\u00a0rozm\u00f3wc\u00f3w bliski PiS.<\/p>\n<blockquote><p>Inny pyta retorycznie: &#8211;\u00a0PiS organizuje miesi\u0119cznie gdzie\u015b ze 100 konferencji. Kt\u00f3ra si\u0119 ostatnio przebi\u0142a?<\/p><\/blockquote>\n<p> <img role=\"presentation\" class=\"absolute left-1\/2 top-1\/2 max-h-[80%] max-w-[100px] -translate-x-1\/2 -translate-y-1\/2\" src=\"https:\/\/v.wpimg.pl\/ZXJfd3AudTkrBBIAbg54LGhcRlAxHQUrPgJGH2MAeGJoSQ1eIBI_K2UHAEVuBTY5KQMMXC0RPyoVERQdMgM9ejc\" loading=\"lazy\" decoding=\"async\"\/> <\/p>\n<blockquote><p>&#8211; Koordynacja przekazu i\u00a0dzia\u0142a\u0144. To jest konieczno\u015b\u0107, mus &#8211;\u00a0podkre\u015bla rozm\u00f3wca WP.<\/p><\/blockquote>\n<p> <a href=\"https:\/\/wiadomosci.wp.pl\/kaczynski-chcial-zdjecie-ale-zabraklo-morawieckiego-prezes-pis-szuka-nowego-terminu-7232717113908160a\" class=\"teaser-inline\" rel=\"nofollow noopener\" target=\"_blank\">  <img decoding=\"async\" src=\"https:\/\/www.europesays.com\/pl\/wp-content\/uploads\/2025\/12\/Y2JjMGQ3dlMrCDt0fkh7RmhQby44EXUQP0h3ZX4Cawp6EmIhOF88QC8aImk2QSxCKx09aSFfdlM6A2IxYBw9WzkaISYoHDxfKA8p.jpeg\" width=\"0\" height=\"0\" loading=\"lazy\" class=\"wp-media-image cropped\" alt=\"Kaczy\u0144ski chcia\u0142 zdj\u0119cie, ale zabrak\u0142o Morawieckiego. Prezes PiS szuka nowego terminu\"\/><\/p>\n<p>Kaczy\u0144ski chcia\u0142 zdj\u0119cie, ale zabrak\u0142o Morawieckiego. Prezes PiS szuka nowego terminu<\/p>\n<p><\/a> <\/p>\n<p>Dlatego &#8211;\u00a0jak s\u0142yszymy &#8211;\u00a0Morawiecki ma zaproponowa\u0107 Kaczy\u0144skiemu i\u00a0reszcie polityk\u00f3w PiS powo\u0142anie zespo\u0142u, kt\u00f3ry koordynowa\u0142by dzia\u0142ania polityczno-medialne partii. Zesp\u00f3\u0142 &#8211;\u00a0swoisty sztab &#8211;\u00a0mia\u0142by \u0142\u0105czy\u0107 polityk\u00f3w r\u00f3\u017cnych frakcji. Na czele sztabu mia\u0142by stan\u0105\u0107 kto\u015b, kto nie wzbudza \u017cadnych w\u0105tpliwo\u015bci. <\/p>\n<p> <img role=\"presentation\" class=\"absolute left-1\/2 top-1\/2 max-h-[80%] max-w-[100px] -translate-x-1\/2 -translate-y-1\/2\" src=\"https:\/\/v.wpimg.pl\/ZXJfd3AudTkrBBIAbg54LGhcRlAxHQUrPgJGH2MAeGJoSQ1eIBI_K2UHAEVuBTY5KQMMXC0RPyoVERQdMgM9ejc\" loading=\"lazy\" decoding=\"async\"\/> <\/p>\n<p>&#8211;\u00a0Kto\u015b taki jak Szefernaker, na przyk\u0142ad Piotrek Milowa\u0144ski &#8211;\u00a0m\u00f3wi jeden z\u00a0rozm\u00f3wc\u00f3w WP. Milowa\u0144ski to sekretarz generalny PiS, lojalny wobec Nowogrodzkiej i\u00a0ceniony przez polityk\u00f3w PiS bez wyj\u0105tku.\u00a0<\/p>\n<p>Wigilie z\u00a0pomys\u0142ami <\/p>\n<p>O pomy\u015ble sztabu wspomina\u0142 ju\u017c sam Morawiecki na antenie TV Republika.<\/p>\n<p>&#8211; W\u00a0kampanii potrafimy si\u0119 spi\u0105\u0107, pracowa\u0107 w\u00a0jednym kierunku i\u00a0dlatego jako wiceprezes PiS proponuj\u0119 powo\u0142anie takiego sztabu &#8211;\u00a0prawie \u017ce wyborczego &#8211;\u00a0kt\u00f3ry b\u0119dzie reprezentowany przez r\u00f3\u017cne nurty naszego \u015brodowiska. Te, kt\u00f3re zerkaj\u0105 gdzie\u015b ku prawej stronie, te, kt\u00f3re patrz\u0105 na nurt, kt\u00f3ry najbardziej ludzi interesuje, czyli gospodarczy, portfelowy &#8211;\u00a0stwierdzi\u0142 by\u0142y premier.<\/p>\n<p> <img role=\"presentation\" class=\"absolute left-1\/2 top-1\/2 max-h-[80%] max-w-[100px] -translate-x-1\/2 -translate-y-1\/2\" src=\"https:\/\/v.wpimg.pl\/ZXJfd3AudTkrBBIAbg54LGhcRlAxHQUrPgJGH2MAeGJoSQ1eIBI_K2UHAEVuBTY5KQMMXC0RPyoVERQdMgM9ejc\" loading=\"lazy\" decoding=\"async\"\/> <\/p>\n<p>Jak wskaza\u0142: &#8211;\u00a0Je\u017celi powo\u0142aliby\u015bmy taki sztab, to ten sztab pozwoli\u0142by koordynowa\u0107 t\u0119 polityk\u0119 komunikacyjn\u0105, antycypowa\u0107, wyprzedza\u0107 pewne wydarzenia.\u00a0<\/p>\n<p>     <img decoding=\"async\" src=\"https:\/\/www.europesays.com\/pl\/wp-content\/uploads\/2025\/12\/Nzk1ZGQzYRsKUyx0fgFsDkkLeC44WGJYHhNgZX4ZYUhbAWo_YE5_TERXMys0CCsKBB89NSQKLw0bHyorfhs-E0RHa2g1Ez0KB1Aj.jpeg\" width=\"2000\" height=\"1416\" loading=\"lazy\" class=\"wp-media-image\" alt=\"Politycy PiS w kampanii Karola Nawrockiego\" data-lightbox=\"true\"\/> Politycy PiS w kampanii Karola Nawrockiego \u00a9 East News | Anita Walczewska <\/p>\n<p>Nasi rozm\u00f3wcy podkre\u015blaj\u0105, \u017ce w\u00a0czasie kampanii &#8211;\u00a0na przyk\u0142ad prezydenckiej &#8211;\u00a0&#8222;ponadfrakcyjne&#8221; dzia\u0142ania przynosi\u0142y efekty. &#8211;\u00a0Mateusz z\u00a0Przemkiem Czarnkiem obje\u017cd\u017cali razem Polsk\u0119, i\u00a0co? Da\u0142o si\u0119 &#8211;\u00a0zauwa\u017ca jeden z\u00a0nich. Przekonuje, \u017ce &#8222;mo\u017cna to powt\u00f3rzy\u0107 i\u00a0teraz&#8221;.\u00a0<\/p>\n<p> <img role=\"presentation\" class=\"absolute left-1\/2 top-1\/2 max-h-[80%] max-w-[100px] -translate-x-1\/2 -translate-y-1\/2\" src=\"https:\/\/v.wpimg.pl\/ZXJfd3AudTkrBBIAbg54LGhcRlAxHQUrPgJGH2MAeGJoSQ1eIBI_K2UHAEVuBTY5KQMMXC0RPyoVERQdMgM9ejc\" loading=\"lazy\" decoding=\"async\"\/> <\/p>\n<p>Pomys\u0142 mo\u017ce by\u0107 omawiany m.in. na wtorkowych wigiliach w\u00a0ramach PiS. Jedn\u0105 organizuje klub PiS, kolejn\u0105 &#8211;\u00a0Morawiecki ze swoimi wsp\u00f3\u0142pracownikami.\u00a0<\/p>\n<p> <a href=\"https:\/\/wiadomosci.wp.pl\/pilny-telefon-i-zdziwienie-kurskiego-kaczynski-dal-akcept-ale-zmienil-zdanie-tak-powstal-glosny-wpis-7232998413224864a\" class=\"teaser-inline\" rel=\"nofollow noopener\" target=\"_blank\">  <img decoding=\"async\" src=\"https:\/\/www.europesays.com\/pl\/wp-content\/uploads\/2025\/12\/ODFlMzU0YCUnDjtJekttMGRWbxM8EmNmM053WHoBfXx2FGIcPFwqNiMcIlQyQjo0Jxs9VCVcYCU2BWIMZB8rLTUcIRssHyopJAkp.jpeg\" width=\"0\" height=\"0\" loading=\"lazy\" class=\"wp-media-image cropped\" alt=\"Pilny telefon i zdziwienie Kurskiego. Kaczy\u0144ski da\u0142 akcept, ale zmieni\u0142 zdanie. Tak powsta\u0142 g\u0142o\u015bny wpis\"\/><\/p>\n<p>Pilny telefon i zdziwienie Kurskiego. Kaczy\u0144ski da\u0142 akcept, ale zmieni\u0142 zdanie. Tak powsta\u0142 g\u0142o\u015bny wpis<\/p>\n<p><\/a> <\/p>\n<p>Polityk PiS: &#8211;\u00a0Trzeba i\u015b\u0107 do przodu, a\u00a0nie zajmowa\u0107 si\u0119 sami sob\u0105. Za granic\u0105 jest wojna, w\u00a0Polsce kryzys w\u00a0ochronie zdrowia czy finansach, a\u00a0my debatujemy o\u00a0wpisie Kurskiego. Sko\u0144czmy z\u00a0tym wreszcie, przecie\u017c wszyscy chcemy by\u0107 racjonalni.\u00a0<\/p>\n<p> <img role=\"presentation\" class=\"absolute left-1\/2 top-1\/2 max-h-[80%] max-w-[100px] -translate-x-1\/2 -translate-y-1\/2\" src=\"https:\/\/v.wpimg.pl\/ZXJfd3AudTkrBBIAbg54LGhcRlAxHQUrPgJGH2MAeGJoSQ1eIBI_K2UHAEVuBTY5KQMMXC0RPyoVERQdMgM9ejc\" loading=\"lazy\" decoding=\"async\"\/> <\/p>\n<p>Wi\u0119cej o\u00a0wpisie by\u0142ego prezesa TVP na temat Morawieckiego <a href=\"https:\/\/wiadomosci.wp.pl\/pilny-telefon-i-zdziwienie-kurskiego-kaczynski-dal-akcept-ale-zmienil-zdanie-tak-powstal-glosny-wpis-7232998413224864a\" rel=\"noopener noreferrer nofollow\" target=\"_blank\">pisali\u015bmy w\u00a0Wirtualnej Polsce.<\/a><\/p>\n<p>Teraz Morawiecki chce zn\u00f3w podj\u0105\u0107 pr\u00f3b\u0119 za\u0142agodzenia sporu w\u00a0PiS.<\/p>\n<p>Micha\u0142 Wr\u00f3blewski, dziennikarz Wirtualnej Polski<\/p>\n","protected":false},"excerpt":{"rendered":"&#8211; Taki sztab powinien \u0142\u0105czy\u0107 wszystkie frakcje, podobnie jak cz\u0142owiek, kt\u00f3ry takim sztabem pokieruje. Niech to b\u0119dzie kto\u015b&hellip;\n","protected":false},"author":2,"featured_media":154726,"comment_status":"","ping_status":"","sticky":false,"template":"","format":"standard","meta":{"footnotes":""},"categories":[5],"tags":[32,33,36,37,27,34,35,28,31,25,42,38,40,39,41,29,30,26],"class_list":{"0":"post-154725","1":"post","2":"type-post","3":"status-publish","4":"format-standard","5":"has-post-thumbnail","7":"category-naglowki","8":"tag-breaking-news","9":"tag-breakingnews","10":"tag-featured-news","11":"tag-featurednews","12":"tag-headlines","13":"tag-latest-news","14":"tag-latestnews","15":"tag-naglowki","16":"tag-najwazniejsze-artykuly","17":"tag-news","18":"tag-pl","19":"tag-poland","20":"tag-polish","21":"tag-polska","22":"tag-polski","23":"tag-top-stories","24":"tag-topstories","25":"tag-wiadomosci"},"share_on_mastodon":{"url":"https:\/\/pubeurope.com\/@pl\/115731118210774703","error":""},"_links":{"self":[{"href":"https:\/\/www.europesays.com\/pl\/wp-json\/wp\/v2\/posts\/154725","targetHints":{"allow":["GET"]}}],"collection":[{"href":"https:\/\/www.europesays.com\/pl\/wp-json\/wp\/v2\/posts"}],"about":[{"href":"https:\/\/www.europesays.com\/pl\/wp-json\/wp\/v2\/types\/post"}],"author":[{"embeddable":true,"href":"https:\/\/www.europesays.com\/pl\/wp-json\/wp\/v2\/users\/2"}],"replies":[{"embeddable":true,"href":"https:\/\/www.europesays.com\/pl\/wp-json\/wp\/v2\/comments?post=154725"}],"version-history":[{"count":0,"href":"https:\/\/www.europesays.com\/pl\/wp-json\/wp\/v2\/posts\/154725\/revisions"}],"wp:featuredmedia":[{"embeddable":true,"href":"https:\/\/www.europesays.com\/pl\/wp-json\/wp\/v2\/media\/154726"}],"wp:attachment":[{"href":"https:\/\/www.europesays.com\/pl\/wp-json\/wp\/v2\/media?parent=154725"}],"wp:term":[{"taxonomy":"category","embeddable":true,"href":"https:\/\/www.europesays.com\/pl\/wp-json\/wp\/v2\/categories?post=154725"},{"taxonomy":"post_tag","embeddable":true,"href":"https:\/\/www.europesays.com\/pl\/wp-json\/wp\/v2\/tags?post=154725"}],"curies":[{"name":"wp","href":"https:\/\/api.w.org\/{rel}","templated":true}]}}