{"id":154735,"date":"2025-12-16T20:28:16","date_gmt":"2025-12-16T20:28:16","guid":{"rendered":"https:\/\/www.europesays.com\/pl\/154735\/"},"modified":"2025-12-16T20:28:16","modified_gmt":"2025-12-16T20:28:16","slug":"ue-oslabiona-na-lata-bruksela-pod-presja-usa-i-rosji-kulisy-rozmow-na-szczycie","status":"publish","type":"post","link":"https:\/\/www.europesays.com\/pl\/154735\/","title":{"rendered":"&#8222;UE os\u0142abiona na lata&#8221;. Bruksela pod presj\u0105 USA i Rosji. Kulisy rozm\u00f3w na szczycie"},"content":{"rendered":"<p>UE stoi przed najwi\u0119kszym wyzwaniem od lat. Bruksela chce udzieli\u0107 Kijowowi po\u017cyczki z wykorzystaniem zamro\u017conych aktyw\u00f3w rosyjskiego banku centralnego w Europie \u2014 z kt\u00f3rych wi\u0119kszo\u015b\u0107 znajduje si\u0119 w Belgii. Od decyzji wsp\u00f3lnoty mo\u017ce zale\u017ce\u0107 przysz\u0142o\u015b\u0107 Ukrainy. Na korytarzach w Brukseli panuje nerwowa atmosfera. Urz\u0119dnicy obawiaj\u0105 si\u0119, \u017ce Moskwa i Waszyngton wykorzystaj\u0105 podzia\u0142y mi\u0119dzy 27 pa\u0144stwami cz\u0142onkowskimi, aby uniemo\u017cliwi\u0107 osi\u0105gni\u0119cie porozumienia w sprawie ratowania Ukrainy podczas czwartkowego posiedzenia Rady Europejskiej.<\/p>\n<p>\u2014 Nie oszukujmy si\u0119. Je\u015bli nam si\u0119 to nie uda, zdolno\u015b\u0107 Unii Europejskiej do dzia\u0142ania zostanie powa\u017cnie os\u0142abiona na lata, je\u015bli nie na d\u0142u\u017cszy okres \u2014 ostrzega\u0142 kanclerz Niemiec Friedrich Merz w poniedzia\u0142ek w Berlinie, odnosz\u0105c si\u0119 do po\u017cyczki w wysoko\u015bci 210 mld euro [886 mld z\u0142, po obecnym kursie] z wykorzystaniem zamro\u017conych aktyw\u00f3w Rosji.<\/p>\n<blockquote class=\"ods-o-quota\">\n<p class=\"ods-o-quota__paragraph\">Poka\u017cemy \u015bwiatu, \u017ce w tak kluczowym momencie naszej historii nie jeste\u015bmy w stanie zjednoczy\u0107 si\u0119 i podj\u0105\u0107 dzia\u0142a\u0144 w celu obrony naszego porz\u0105dku politycznego na kontynencie europejskim<\/p>\n<\/blockquote>\n<p class=\"ods-c-paragraph \">\u2014 doda\u0142.<\/p>\n<p class=\"ods-c-paragraph \">Merz wypowiedzia\u0142 si\u0119 w momencie, gdy prezydent Ukrainy Wo\u0142odymyr Ze\u0142enski, wys\u0142annicy prezydenta USA Donalda Trumpa i przyw\u00f3dcy europejscy zebrali si\u0119 w Berlinie, aby om\u00f3wi\u0107 plan zako\u0144czenia wojny na Ukrainie.<\/p>\n<p>Dalszy ci\u0105g artyku\u0142u pod materia\u0142em wideo<\/p>\n<p class=\"ods-c-paragraph \">Gwarancje bezpiecze\u0144stwa dla Ukrainy stanowi\u0105 centralny punkt negocjacji. Podczas spotkania w Berlinie poczyniono znacz\u0105ce kroki w tym kierunku. Waszyngton rozwa\u017ca udzielenie Kijowowi gwarancji przysz\u0142ego porozumienia pokojowego, kt\u00f3re <a href=\"https:\/\/wiadomosci.onet.pl\/politico\/usa-oferuja-ukrainie-gwarancje-na-wzor-artykulu-5-nato-jest-jednak-pewne-ale-kulisy\/8vekvqs\" id=\"3af5ebe2-c93c-4f45-b19d-4b5ceeed4379\" rel=\"nofollow noopener\" target=\"_blank\">odpowiada\u0142oby podobnemu poziomowi bezpiecze\u0144stwa, jaki maj\u0105 cz\u0142onkowie sojuszu NATO<\/a>.<\/p>\n<p>   Ponure perspektywy<\/p>\n<p class=\"ods-c-paragraph \">Ponura prognoza Merza dla UE w przypadku niepowodzenia szczytu w tym tygodniu by\u0142a nast\u0119pstwem wypowiedzi czo\u0142owej dyplomatki UE Kaji Kallas, kt\u00f3ra stwierdzi\u0142a, \u017ce po\u017cyczka oparta na aktywach wydaje si\u0119 obecnie &#8222;coraz trudniejsza&#8221;.<\/p>\n<blockquote class=\"ods-o-quota\">\n<p class=\"ods-o-quota__paragraph\">Merz twierdzi, \u017ce wykorzystanie zamro\u017conych aktyw\u00f3w Rosji jest jedynym wiarygodnym sposobem, aby Europa mog\u0142a utrzyma\u0107 p\u0142ynno\u015b\u0107 finansow\u0105 Ukrainy w przysz\u0142ym roku.<\/p>\n<\/blockquote>\n<p class=\"ods-c-paragraph \">Jednak w przededniu szczytu w Brukseli narastaj\u0105 obawy, \u017ce inicjatywa ta mo\u017ce zosta\u0107 zniweczona przez sprzeciw pa\u0144stw UE, kt\u00f3re znajduj\u0105 si\u0119 pod presj\u0105 zar\u00f3wno Rosji, jak i Stan\u00f3w Zjednoczonych.<\/p>\n<p class=\"ods-c-paragraph \">Premier Belgii Bart De Wever przypomina o gro\u017abach ze strony Rosji w przypadku przej\u0119cia aktyw\u00f3w przez Bruksel\u0119. Moskwa podj\u0119\u0142a ju\u017c kroki w celu pozwania belgijskiego banku, w kt\u00f3rym przechowywana jest wi\u0119kszo\u015b\u0107 \u015brodk\u00f3w pieni\u0119\u017cnych. <\/p>\n<p class=\"ods-c-paragraph \">Z kolei dw\u00f3ch wysokich rang\u0105 europejskich urz\u0119dnik\u00f3w zaanga\u017cowanych w starania o po\u017cyczk\u0119 twierdzi, \u017ce Stany Zjednoczone r\u00f3wnie\u017c wywieraj\u0105 presj\u0119 na pa\u0144stwa UE, aby sprzeciwi\u0142y si\u0119 temu planowi.<\/p>\n<blockquote class=\"ods-o-quota\">\n<p class=\"ods-o-quota__paragraph\">Amerykanie nie tylko \u017c\u0105daj\u0105, aby Ukraina odda\u0142a terytoria, kt\u00f3rych Rosja nie zdo\u0142a\u0142a przej\u0105\u0107, ale tak\u017ce naciskaj\u0105 na kilka kraj\u00f3w europejskich, aby nie udziela\u0142y Ukrainie po\u017cyczki reparacyjnej w wysoko\u015bci 210 mld euro [886 mld z\u0142]<\/p>\n<\/blockquote>\n<p class=\"ods-c-paragraph \">\u2014 m\u00f3wi jeden z wysokich rang\u0105 europejskich urz\u0119dnik\u00f3w.<\/p>\n<p class=\"ods-c-paragraph \">Wed\u0142ug ujawnionego <a href=\"https:\/\/wiadomosci.onet.pl\/swiat\/28-punktowy-plan-pokojowy-dla-ukrainy-jeden-z-zapisow-dotyczy-polski\/lys4hb6\" id=\"e2b5797f-0b4c-40bf-b995-a2c5237e8c21\" rel=\"nofollow noopener\" target=\"_blank\">projektu planu pokojowego USA-Rosja<\/a>, Waszyngton zamierza przeznaczy\u0107 cz\u0119\u015b\u0107 aktyw\u00f3w na dzia\u0142ania zwi\u0105zane z odbudow\u0105 prowadzone przez Stany Zjednoczone. Ci sami europejscy urz\u0119dnicy stwierdzili, \u017ce Stany Zjednoczone nie zrezygnowa\u0142y z podstawowego sprzeciwu wobec wykorzystania tych aktyw\u00f3w przez Europ\u0119 do pomocy Ukrainie.<\/p>\n<p class=\"ods-c-paragraph \">Merz ju\u017c podkre\u015bli\u0142, \u017ce z rosyjskich aktyw\u00f3w nie powinna korzysta\u0107 gospodarka Ameryki.<\/p>\n<p class=\"ods-c-paragraph \">W drodze na spotkanie ministr\u00f3w spraw zagranicznych w Brukseli Kallas zwraca\u0142a uwag\u0119 na &#8222;znaczn\u0105 presj\u0119 ze wszystkich stron&#8221; w sprawie po\u017cyczki reparacyjnej, kt\u00f3r\u0105 nazwa\u0142a &#8222;najbardziej wiarygodn\u0105 opcj\u0105&#8221; utrzymania Kijowa w dobrej kondycji finansowej od przysz\u0142ego roku.<\/p>\n<blockquote class=\"ods-o-quota\">\n<p class=\"ods-o-quota__paragraph\">Pracujemy nad t\u0105 [po\u017cyczk\u0105 reparacyjn\u0105]. Nie osi\u0105gn\u0119li\u015bmy jeszcze celu i jest to coraz trudniejsze, ale pracujemy nad tym i mamy jeszcze kilka dni<\/p>\n<\/blockquote>\n<p class=\"ods-c-paragraph \">\u2014 t\u0142umaczy\u0142a.<\/p>\n<p class=\"ods-c-paragraph \"><a href=\"https:\/\/wiadomosci.onet.pl\/politico\/ue-traci-cierpliwosc-belgia-blokuje-rosyjskie-miliardy-a-dyplomaci-mowia-wprost-o\/rs969n8\" id=\"ce8b8801-d74d-4953-9bee-f713bf8b5fd5\" rel=\"nofollow noopener\" target=\"_blank\">Belgia od dawna sprzeciwia si\u0119 wykorzystaniu zamro\u017conych aktyw\u00f3w Rosji<\/a> do pomocy Ukrainie, argumentuj\u0105c, \u017ce zagrozi\u0142oby to procesowi pokojowemu i narazi\u0142oby Bruksel\u0119 na prawne dzia\u0142ania odwetowe ze strony Rosji.<\/p>\n<p class=\"ods-c-paragraph \">W ostatnich dniach W\u0142ochy, Bu\u0142garia i Malta wypowiedzia\u0142y si\u0119 przeciwko temu planowi, a W\u0119gry i S\u0142owacja wyrazi\u0142y sprzeciw ju\u017c wcze\u015bniej. W weekend nowo mianowany premier Czech Andrej Babisz wypowiedzia\u0142 si\u0119 przeciwko po\u017cyczce, m\u00f3wi\u0105c, \u017ce Praga nie udzieli \u017cadnych gwarancji finansowych na wsparcie Belgii.<\/p>\n<p class=\"ods-c-paragraph \">UE nie potrzebuje ju\u017c jednomy\u015blnego poparcia, aby wykorzysta\u0107 aktywa. To efekt podj\u0119tej w zesz\u0142ym tygodniu <a href=\"https:\/\/wiadomosci.onet.pl\/swiat\/ue-podjela-decyzje-w-sprawie-rosyjskich-aktywow-dwa-kraje-byly-przeciw\/x9zh550\" id=\"194ce21f-99e4-48e1-9adf-f5f8af68b2be\" rel=\"nofollow noopener\" target=\"_blank\">decyzji o u\u017cyciu uprawnie\u0144 nadzwyczajnych w celu unieruchomienia aktyw\u00f3w na czas nieokre\u015blony<\/a>. G\u0142osowanie kwalifikowan\u0105 wi\u0119kszo\u015bci\u0105 g\u0142os\u00f3w mo\u017ce nadal zosta\u0107 przyj\u0119te, nawet je\u015bli wszystkie siedem wy\u017cej wymienionych kraj\u00f3w wyrazi sprzeciw, bior\u0105c pod uwag\u0119, \u017ce mniejszo\u015b\u0107 blokuj\u0105ca wymaga 35 proc. ludno\u015bci UE.<\/p>\n<p class=\"ods-c-paragraph \">Kallas stwierdzi\u0142 jednak, \u017ce &#8222;nie b\u0119dzie \u0142atwo&#8221; prze\u0142ama\u0107 sprzeciw Belgii, bior\u0105c pod uwag\u0119, \u017ce wi\u0119kszo\u015b\u0107 aktyw\u00f3w znajduje si\u0119 w tym kraju. \u2014 My\u015bl\u0119, \u017ce wa\u017cne jest, aby poparli oni nasze dzia\u0142ania.<\/p>\n","protected":false},"excerpt":{"rendered":"UE stoi przed najwi\u0119kszym wyzwaniem od lat. Bruksela chce udzieli\u0107 Kijowowi po\u017cyczki z wykorzystaniem zamro\u017conych aktyw\u00f3w rosyjskiego banku&hellip;\n","protected":false},"author":2,"featured_media":154736,"comment_status":"","ping_status":"","sticky":false,"template":"","format":"standard","meta":{"footnotes":""},"categories":[14],"tags":[56,32,33,27,76,34,35,28,31,48,25,46,40,1314,41,87,47,80,29,30,86,71,26,82,83,84],"class_list":{"0":"post-154735","1":"post","2":"type-post","3":"status-publish","4":"format-standard","5":"has-post-thumbnail","7":"category-swiat","8":"tag-article_premium","9":"tag-breaking-news","10":"tag-breakingnews","11":"tag-headlines","12":"tag-inwazja_rosji_na_ukraine","13":"tag-latest-news","14":"tag-latestnews","15":"tag-naglowki","16":"tag-najwazniejsze-artykuly","17":"tag-nat_styl","18":"tag-news","19":"tag-omp","20":"tag-polish","21":"tag-politico","22":"tag-polski","23":"tag-rosja","24":"tag-screening_general","25":"tag-swiat","26":"tag-top-stories","27":"tag-topstories","28":"tag-unia_europejska","29":"tag-usa","30":"tag-wiadomosci","31":"tag-world","32":"tag-world-news","33":"tag-worldnews"},"share_on_mastodon":{"url":"https:\/\/pubeurope.com\/@pl\/115731136966471887","error":""},"_links":{"self":[{"href":"https:\/\/www.europesays.com\/pl\/wp-json\/wp\/v2\/posts\/154735","targetHints":{"allow":["GET"]}}],"collection":[{"href":"https:\/\/www.europesays.com\/pl\/wp-json\/wp\/v2\/posts"}],"about":[{"href":"https:\/\/www.europesays.com\/pl\/wp-json\/wp\/v2\/types\/post"}],"author":[{"embeddable":true,"href":"https:\/\/www.europesays.com\/pl\/wp-json\/wp\/v2\/users\/2"}],"replies":[{"embeddable":true,"href":"https:\/\/www.europesays.com\/pl\/wp-json\/wp\/v2\/comments?post=154735"}],"version-history":[{"count":0,"href":"https:\/\/www.europesays.com\/pl\/wp-json\/wp\/v2\/posts\/154735\/revisions"}],"wp:featuredmedia":[{"embeddable":true,"href":"https:\/\/www.europesays.com\/pl\/wp-json\/wp\/v2\/media\/154736"}],"wp:attachment":[{"href":"https:\/\/www.europesays.com\/pl\/wp-json\/wp\/v2\/media?parent=154735"}],"wp:term":[{"taxonomy":"category","embeddable":true,"href":"https:\/\/www.europesays.com\/pl\/wp-json\/wp\/v2\/categories?post=154735"},{"taxonomy":"post_tag","embeddable":true,"href":"https:\/\/www.europesays.com\/pl\/wp-json\/wp\/v2\/tags?post=154735"}],"curies":[{"name":"wp","href":"https:\/\/api.w.org\/{rel}","templated":true}]}}