{"id":154737,"date":"2025-12-16T20:29:12","date_gmt":"2025-12-16T20:29:12","guid":{"rendered":"https:\/\/www.europesays.com\/pl\/154737\/"},"modified":"2025-12-16T20:29:12","modified_gmt":"2025-12-16T20:29:12","slug":"premier-tusk-krytykuje-prezydenta-nawrockiego-odmawia-wspolpracy","status":"publish","type":"post","link":"https:\/\/www.europesays.com\/pl\/154737\/","title":{"rendered":"Premier Tusk krytykuje prezydenta Nawrockiego. &#8222;Odmawia wsp\u00f3\u0142pracy&#8221;"},"content":{"rendered":"<p class=\"ods-c-paragraph \">Premier Donald Tusk zosta\u0142 zapytany o <a href=\"https:\/\/wiadomosci.onet.pl\/kraj\/karol-nawrocki-odpowiedzial-na-zaczepke-radoslawa-sikorskiego-msz-reaguje\/4md02hn\" id=\"c38edfaf-e1c1-4acd-bed8-20208d1c40f7\" rel=\"nofollow noopener\" target=\"_blank\">spi\u0119cie Karola Nawrockiego i Rados\u0142awa Sikorskiego na temat ich przesz\u0142o\u015bci<\/a>.<\/p>\n<p class=\"ods-c-paragraph \">\u2014 Nie b\u0119d\u0119 komentowa\u0142 <a href=\"https:\/\/www.onet.pl\/informacje\/onettrojmiasto\/nowe-fakty-w-sprawie-kibolskiej-ustawki-z-udzialem-nawrockiego-byl-pracownikiem-ipn-u\/kws6p02,79cfc278\" id=\"81280b33-6f0e-4fd3-9b19-61979f1b0887\" rel=\"nofollow noopener\" target=\"_blank\">przesz\u0142o\u015bci prezydenta i kwestii ustawek<\/a>, swoistego hobby pana prezydenta. To nie do mnie nale\u017cy. Jest prezydentem, wi\u0119c wyborcy po cz\u0119\u015bci zaakceptowali taki, a nie inny \u017cyciorys \u2014 powiedzia\u0142.<\/p>\n<p class=\"ods-c-paragraph \">Szef rz\u0105du zawr\u00f3ci\u0142 uwag\u0119, \u017ce wa\u017cniejsze od wymiany uszczypliwo\u015bci mi\u0119dzy szefem MSZ i prezydentem jest &#8222;to, \u017ce prezydent Nawrocki i jego otoczenie odmawia de facto wsp\u00f3\u0142pracy, je\u017celi chodzi o polityk\u0119 zagraniczn\u0105&#8221;.<\/p>\n<p>Dalszy ci\u0105g artyku\u0142u pod materia\u0142em wideo<\/p>\n<p> Jakie s\u0105 g\u0142\u00f3wne zarzuty Tuska wobec Nawrockiego? <\/p>\n<p> W jaki spos\u00f3b Tusk pr\u00f3bowa\u0142 nawi\u0105za\u0107 wsp\u00f3\u0142prac\u0119 z prezydentem? <\/p>\n<p> Jak Tusk ocenia reakcje prezydenta na jego pr\u00f3by kontaktu? <\/p>\n<p> Jakie skutki wsp\u00f3\u0142pracy mi\u0119dzy rz\u0105dem a prezydentem wskazuje Tusk? <\/p>\n<p>  Premier o wsp\u00f3\u0142pracy z Pa\u0142acem Prezydenckim. &#8222;To bardzo \u017ale s\u0142u\u017cy naszym interesom&#8221;<\/p>\n<p class=\"ods-c-paragraph \">\u2014 Prawie codziennie spotykam si\u0119 z pr\u00f3bami podwa\u017cania autorytetu polskiego rz\u0105du i Polski przez kogo\u015b z otoczenia prezydenta. To bardzo \u017ale s\u0142u\u017cy naszym interesom \u2014 oznajmi\u0142.<\/p>\n<p class=\"ods-c-paragraph \">\u2014 Podj\u0105\u0142em [&#8230;] pr\u00f3by bliskiej wsp\u00f3\u0142pracy z prezydentem, je\u017celi chodzi o polityk\u0119 zagraniczn\u0105. Ale od wielu tygodni nie ma w\u0142a\u015bciwie \u017cadnej reakcji, w\u0142\u0105cznie z nieodbieraniem telefonu. Pocz\u0105tki by\u0142y nie najgorsze, przynajmniej prezydent odpowiada\u0142 na SMS-y i telefony [&#8230;]. Ta wsp\u00f3\u0142praca wydaje si\u0119 oczywist\u0105 konieczno\u015bci\u0105 i konstytucyjnym obowi\u0105zkiem \u2014 stwierdzi\u0142 Tusk.<\/p>\n<p class=\"ods-c-paragraph \">Premier powiedzia\u0142, \u017ce &#8222;prezydent Nawrocki i jego ludzie robi\u0105 wszystko, by utrzyma\u0107 i konflikt i wchodzi\u0107 w kompetencje, kt\u00f3re s\u0105 kompetencjami rz\u0105du&#8221;. \u2014 Tak si\u0119 porobi\u0142o, niestety \u2014 powiedzia\u0142 Tusk. Przekaza\u0142 r\u00f3wnie\u017c, \u017ce zaprzesta\u0142 pr\u00f3b kontaktu z Pa\u0142acem Prezydenckim.<\/p>\n","protected":false},"excerpt":{"rendered":"Premier Donald Tusk zosta\u0142 zapytany o spi\u0119cie Karola Nawrockiego i Rados\u0142awa Sikorskiego na temat ich przesz\u0142o\u015bci. \u2014 Nie&hellip;\n","protected":false},"author":2,"featured_media":154738,"comment_status":"","ping_status":"","sticky":false,"template":"","format":"standard","meta":{"footnotes":""},"categories":[12],"tags":[32,33,212,36,37,27,43,49,34,35,28,31,48,25,46,42,38,40,39,41,47,29,30,26],"class_list":{"0":"post-154737","1":"post","2":"type-post","3":"status-publish","4":"format-standard","5":"has-post-thumbnail","7":"category-polska","8":"tag-breaking-news","9":"tag-breakingnews","10":"tag-donald_tusk","11":"tag-featured-news","12":"tag-featurednews","13":"tag-headlines","14":"tag-karol_nawrocki","15":"tag-kraj","16":"tag-latest-news","17":"tag-latestnews","18":"tag-naglowki","19":"tag-najwazniejsze-artykuly","20":"tag-nat_styl","21":"tag-news","22":"tag-omp","23":"tag-pl","24":"tag-poland","25":"tag-polish","26":"tag-polska","27":"tag-polski","28":"tag-screening_general","29":"tag-top-stories","30":"tag-topstories","31":"tag-wiadomosci"},"share_on_mastodon":{"url":"https:\/\/pubeurope.com\/@pl\/115731140718259096","error":""},"_links":{"self":[{"href":"https:\/\/www.europesays.com\/pl\/wp-json\/wp\/v2\/posts\/154737","targetHints":{"allow":["GET"]}}],"collection":[{"href":"https:\/\/www.europesays.com\/pl\/wp-json\/wp\/v2\/posts"}],"about":[{"href":"https:\/\/www.europesays.com\/pl\/wp-json\/wp\/v2\/types\/post"}],"author":[{"embeddable":true,"href":"https:\/\/www.europesays.com\/pl\/wp-json\/wp\/v2\/users\/2"}],"replies":[{"embeddable":true,"href":"https:\/\/www.europesays.com\/pl\/wp-json\/wp\/v2\/comments?post=154737"}],"version-history":[{"count":0,"href":"https:\/\/www.europesays.com\/pl\/wp-json\/wp\/v2\/posts\/154737\/revisions"}],"wp:featuredmedia":[{"embeddable":true,"href":"https:\/\/www.europesays.com\/pl\/wp-json\/wp\/v2\/media\/154738"}],"wp:attachment":[{"href":"https:\/\/www.europesays.com\/pl\/wp-json\/wp\/v2\/media?parent=154737"}],"wp:term":[{"taxonomy":"category","embeddable":true,"href":"https:\/\/www.europesays.com\/pl\/wp-json\/wp\/v2\/categories?post=154737"},{"taxonomy":"post_tag","embeddable":true,"href":"https:\/\/www.europesays.com\/pl\/wp-json\/wp\/v2\/tags?post=154737"}],"curies":[{"name":"wp","href":"https:\/\/api.w.org\/{rel}","templated":true}]}}