{"id":154743,"date":"2025-12-16T20:32:15","date_gmt":"2025-12-16T20:32:15","guid":{"rendered":"https:\/\/www.europesays.com\/pl\/154743\/"},"modified":"2025-12-16T20:32:15","modified_gmt":"2025-12-16T20:32:15","slug":"agnieszka-kaczorowska-pokazala-zdjecia-z-corkami-na-scianie-w-nowym-domku","status":"publish","type":"post","link":"https:\/\/www.europesays.com\/pl\/154743\/","title":{"rendered":"Agnieszka Kaczorowska pokaza\u0142a zdj\u0119cia z c\u00f3rkami. &#8222;&#8230; na \u015bcianie w nowym domku&#8221;"},"content":{"rendered":"<p class=\"ods-c-paragraph \">Dobiegaj\u0105cy ko\u0144ca 2025 r. przyni\u00f3s\u0142 wiele zmian w \u017cyciu <a href=\"https:\/\/plejada.pl\/temat\/agnieszka-kaczorowska\/gllmqk9\" id=\"c320219a-0dcd-4ed7-bd9e-b0c0dc3e769b\" rel=\"nofollow noopener\" target=\"_blank\">Agnieszki Kaczorowskiej<\/a> \u2014 rozw\u00f3d, nowy zwi\u0105zek i g\u0142o\u015bna edycja &#8222;Ta\u0144ca z gwiazdami&#8221; zapewni\u0142y tancerce istny rollercoaster emocjonalny. Cho\u0107 jej ma\u0142\u017ce\u0144stwo z Maciejem Pel\u0105 nie by\u0142o jeszcze oficjalnie zako\u0144czone w s\u0105dzie, ju\u017c kilka miesi\u0119cy temu media zacz\u0119\u0142y obiega\u0107 zdj\u0119cia celebrytki na wsp\u00f3lnych przechadzkach z Marcinem Rogacewiczem.<\/p>\n<p class=\"ods-c-paragraph \">Do momentu rozpocz\u0119cia jubileuszowej edycji &#8222;<a href=\"https:\/\/plejada.pl\/temat\/taniec-z-gwiazdami-program-tv\/774kly0\" id=\"8d8cf0c9-f657-4c1e-9a4a-65349a3c43d8\" rel=\"nofollow noopener\" target=\"_blank\">Ta\u0144ca z gwiazdami<\/a>&#8221; nie by\u0142o pewne, czy aktor jest nowym wybrankiem tancerki, czy mo\u017ce jest to element promocji nadchodz\u0105cego sezonu tanecznego show. Dopiero na parkiecie okaza\u0142o si\u0119, \u017ce Kaczorowska i Rogacewicz to nowa, najgor\u0119tsza para polskiego show-biznesu. Ich antenowe zachowania wywo\u0142ywa\u0142y ogromne kontrowersje, a nazwiska celebryt\u00f3w nie schodzi\u0142y z medialnych nag\u0142\u00f3wk\u00f3w i pierwszych stron gazet.<\/p>\n<p>Dalszy ci\u0105g artyku\u0142u pod materia\u0142em wideo<\/p>\n<p> Co Agnieszka Kaczorowska pokaza\u0142a na zdj\u0119ciach? <\/p>\n<p> Jakie zmiany zasz\u0142y w \u017cyciu Agnieszki Kaczorowskiej w 2025 roku? <\/p>\n<p> Ile c\u00f3rek ma Agnieszka Kaczorowska? <\/p>\n<p> Kto jest nowym partnerem Agnieszki Kaczorowskiej? <\/p>\n<p>  Agnieszka Kaczorowska na \u015bwi\u0105tecznych kadrach. Zapozowa\u0142a z c\u00f3rkami<\/p>\n<p class=\"ods-c-paragraph \">Opr\u00f3cz nowej mi\u0142o\u015bci, w s\u0105dzie wci\u0105\u017c toczy\u0142a si\u0119 sprawa rozwodowa Agnieszki Kaczorowskiej i <a href=\"https:\/\/plejada.pl\/maciej-pela\" id=\"5447d572-d0ed-4785-b618-d69507957a23\" rel=\"nofollow noopener\" target=\"_blank\">Macieja Peli<\/a>. Para wzi\u0119\u0142a \u015blub w 2017 r., a rozstali si\u0119 siedem lat p\u00f3\u017aniej \u2014 w listopadzie br. s\u0105d udzieli\u0142 im rozwodu. Owocem mi\u0142o\u015bci tancerzy s\u0105 dwie c\u00f3rki, Emilia i Gabriela, z kt\u00f3rymi celebrytka zapozowa\u0142a podczas \u015bwi\u0105tecznej sesji.<\/p>\n<p>   <img decoding=\"async\" src=\"https:\/\/www.europesays.com\/pl\/wp-content\/uploads\/2025\/12\/hGvk9lBaHR0cHM6Ly9vY2RuLmV1L3B1bHNjbXMvTURBXy8xNzMzMzAxMTdmNjY3YzFiOGU1Mzg0ZjJlNTA2NzU2OC5wbmeSlQPNA.jpeg\" height=\"529\" width=\"940\" alt=\"Agnieszka Kaczorowska na Instagramie\" loading=\"lazy\" class=\"ods-c-image__img ods-c-image__img--viewport-width\"\/><\/p>\n<p>Agnieszka Kaczorowska na Instagramiehttps:\/\/www.instagram.com\/agakaczor\/?hl=pl<\/p>\n<blockquote class=\"ods-o-quota\">\n<p class=\"ods-o-quota__paragraph\">Przytulasy w grudniu mam wra\u017cenie, \u017ce maj\u0105 podw\u00f3jn\u0105 si\u0142\u0119\u2026 i jako\u015b chyba wszyscy ich bardziej potrzebujemy. Niech ten grudzie\u0144 b\u0119dzie pe\u0142en mi\u0142o\u015bci i \u017cyczliwo\u015bci. I niech b\u0119dzie pe\u0142en wsp\u00f3lnych pi\u0119knych chwil\u2026 I spokoju\u2026 W tym zawsze najbardziej zwariowanym czasie w roku. Mam nadziej\u0119, \u017ce niekt\u00f3re ze zdj\u0119\u0107 znajd\u0105 si\u0119 poza rodzinnym albumem na \u015bcianie w nowym domku<\/p>\n<\/blockquote>\n<p class=\"ods-c-paragraph \">\u2014 czytamy pod postem.<\/p>\n<p class=\"ods-c-paragraph \">Cho\u0107 <a href=\"https:\/\/plejada.pl\/marcin-rogacewicz\" id=\"4556abbd-c998-4516-934c-44fb1aac4421\" rel=\"nofollow noopener\" target=\"_blank\">Marcina Rogacewicza<\/a> zabrak\u0142o na \u015bwi\u0105tecznych fotografiach, pisz\u0105c o &#8222;nowym domku&#8221; Kaczorowska najprawdopodobniej mia\u0142a na my\u015bli ten, kt\u00f3ry ju\u017c nied\u0142ugo stworzy wsp\u00f3lnie z aktorem.<\/p>\n<p><img decoding=\"async\" src=\"https:\/\/www.europesays.com\/pl\/wp-content\/uploads\/2025\/12\/_ndk9lBaHR0cHM6Ly9vY2RuLmV1L3B1bHNjbXMvTURBXy80ZDZmODM4ZGY2ZjBjNjNiYzE4ZTY0MDhmNzNkOWVmNC5wbmeSlQPNA.jpeg\" height=\"529\" width=\"940\" alt=\"Agnieszka Kaczorowska na Instagramie\" loading=\"lazy\" class=\"ods-c-image__img ods-c-image__img--viewport-width\"\/><\/p>\n<p>Agnieszka Kaczorowska na Instagramiehttps:\/\/www.instagram.com\/agakaczor\/?hl=pl<\/p>\n<p class=\"ods-c-paragraph \">W ostatnich miesi\u0105cach Agnieszka Kaczorowska mia\u0142a napi\u0119ty grafik \u2014 udzia\u0142 w &#8222;Ta\u0144cu z gwiazdami&#8221;, nowy spektakl i linia perfum mog\u0142y sprawi\u0107, \u017ce nie mia\u0142a zbyt du\u017co czasu dla dzieci. Cho\u0107 po rozstaniu tancerka i jej by\u0142y m\u0105\u017c nie szcz\u0119dzili sobie gorzkich s\u0142\u00f3w w publicznych wypowiedziach, kwestia opieki nad c\u00f3rkami musia\u0142a zosta\u0107 za\u0142atwiona polubownie \u2014 w tym okresie dziewczynki bardzo cz\u0119sto pojawia\u0142y si\u0119 w instagramowych postach Macieja Peli.<\/p>\n<p><img decoding=\"async\" src=\"https:\/\/www.europesays.com\/pl\/wp-content\/uploads\/2025\/12\/kiQk9lBaHR0cHM6Ly9vY2RuLmV1L3B1bHNjbXMvTURBXy8yMzQ4ZTkxZmZjNDBkMGQ5ZDdjN2E1YWFhZDlmNGRmMi5wbmeSlQPNA.jpeg\" height=\"529\" width=\"940\" alt=\"Agnieszka Kaczorowska na Instagramie\" loading=\"lazy\" class=\"ods-c-image__img ods-c-image__img--viewport-width\"\/><\/p>\n<p>Agnieszka Kaczorowska na Instagramiehttps:\/\/www.instagram.com\/agakaczor\/?hl=pl<\/p>\n<p> <img decoding=\"async\" src=\"https:\/\/www.europesays.com\/pl\/wp-content\/uploads\/2025\/12\/MrMk9lBaHR0cHM6Ly9vY2RuLmV1L3B1bHNjbXMvTURBXy80YmU4ODc0MzNlMThmZTZiMGMzYjI5M2MwYWVjMjQxOC5wbmeSlQPNA.jpeg\" height=\"529\" width=\"940\" alt=\"Agnieszka Kaczorowska na Instagramie\" loading=\"lazy\" class=\"ods-c-image__img ods-c-image__img--viewport-width\"\/><\/p>\n<p>Agnieszka Kaczorowska na Instagramiehttps:\/\/www.instagram.com\/agakaczor\/?hl=pl<\/p>\n<p> <img decoding=\"async\" src=\"https:\/\/www.europesays.com\/pl\/wp-content\/uploads\/2025\/12\/wHwk9lBaHR0cHM6Ly9vY2RuLmV1L3B1bHNjbXMvTURBXy9mYTU0YjNkZjEzNGYyZTdhZmRmMTg1NDU3YzQzNmZmMy5wbmeSlQPNA.jpeg\" height=\"529\" width=\"940\" alt=\"Agnieszka Kaczorowska na Instagramie\" loading=\"lazy\" class=\"ods-c-image__img ods-c-image__img--viewport-width\"\/><\/p>\n<p>Agnieszka Kaczorowska na Instagramiehttps:\/\/www.instagram.com\/agakaczor\/?hl=pl<\/p>\n<p class=\"ods-c-paragraph \">Dzi\u0119kujemy, \u017ce przeczyta\u0142a\u015b\/e\u015b nasz artyku\u0142 do ko\u0144ca. W serwisie Plejada.pl ka\u017cdego dnia piszemy o najwa\u017cniejszych wydarzeniach show-biznesowych. B\u0105d\u017a na bie\u017c\u0105co! <a rel=\"nofollow noopener\" href=\"https:\/\/profile.google.com\/cp\/Cg0vZy8xMWJ6X19wdHBx\" id=\"42709718-1202-483d-bce0-9015041bb5a8\" target=\"_blank\">Obserwuj<\/a> Plejad\u0119 w Google. Odwied\u017a nas tak\u017ce na <a rel=\"nofollow noopener\" href=\"https:\/\/www.facebook.com\/plejadapl\" id=\"c4ab549c-880b-4020-80ed-817f9fb31d95\" target=\"_blank\">Facebooku<\/a>, <a rel=\"nofollow noopener\" href=\"https:\/\/www.instagram.com\/plejadapl\/\" id=\"f1a059b5-44f5-443a-a489-8d57569a4c82\" target=\"_blank\">Instagramie<\/a>, <a rel=\"nofollow noopener\" href=\"https:\/\/www.youtube.com\/c\/plejada\" id=\"c5c5cf74-63f6-4297-a165-c6485f3fdaf5\" target=\"_blank\">YouTubie<\/a> oraz <a rel=\"nofollow noopener\" href=\"https:\/\/www.tiktok.com\/@plejada_pl\" id=\"1fabdaea-e455-451e-a783-40ef1fcca48e\" target=\"_blank\">TikToku<\/a>.<\/p>\n<p class=\"ods-c-paragraph \">Chcesz podzieli\u0107 si\u0119 ciekawym newsem lub zaproponowa\u0107 temat? Skontaktuj si\u0119 z nami, pisz\u0105c maila na adres: <a rel=\"nofollow noopener\" href=\"https:\/\/plejada.pl\/newsy\/agnieszka-kaczorowska-pokazala-zdjecia-z-corkami-na-scianie-w-nowym-domku\/mailto:plejada@redakcjaonet.pl\" id=\"daf4aba8-3617-4665-8f27-fb34641ac508\" target=\"_blank\">plejada@redakcjaon<\/a><a href=\"https:\/\/et.pl\" id=\"b492b39e-9f97-4bf7-97c9-28bb8f8c95a4\" rel=\"nofollow noopener\" target=\"_blank\">et.pl<\/a>.<\/p>\n<p><script async src=\"\/\/www.instagram.com\/embed.js\"><\/script><script async src=\"\/\/www.tiktok.com\/embed.js\"><\/script><\/p>\n","protected":false},"excerpt":{"rendered":"Dobiegaj\u0105cy ko\u0144ca 2025 r. przyni\u00f3s\u0142 wiele zmian w \u017cyciu Agnieszki Kaczorowskiej \u2014 rozw\u00f3d, nowy zwi\u0105zek i g\u0142o\u015bna edycja&hellip;\n","protected":false},"author":2,"featured_media":154744,"comment_status":"","ping_status":"","sticky":false,"template":"","format":"standard","meta":{"footnotes":""},"categories":[22],"tags":[172,12726,2501,122,2156,48,125,46,42,38,40,39,41,25865,123,47],"class_list":{"0":"post-154743","1":"post","2":"type-post","3":"status-publish","4":"format-standard","5":"has-post-thumbnail","7":"category-rozrywka","8":"tag-agnieszka_kaczorowska","9":"tag-agnieszka_kaczorowska_pela","10":"tag-dzieci_gwiazd","11":"tag-entertainment","12":"tag-maciej_pela","13":"tag-nat_styl","14":"tag-newsy","15":"tag-omp","16":"tag-pl","17":"tag-poland","18":"tag-polish","19":"tag-polska","20":"tag-polski","21":"tag-rebrand_ai_tst0","22":"tag-rozrywka","23":"tag-screening_general"},"share_on_mastodon":{"url":"https:\/\/pubeurope.com\/@pl\/115731153190022921","error":""},"_links":{"self":[{"href":"https:\/\/www.europesays.com\/pl\/wp-json\/wp\/v2\/posts\/154743","targetHints":{"allow":["GET"]}}],"collection":[{"href":"https:\/\/www.europesays.com\/pl\/wp-json\/wp\/v2\/posts"}],"about":[{"href":"https:\/\/www.europesays.com\/pl\/wp-json\/wp\/v2\/types\/post"}],"author":[{"embeddable":true,"href":"https:\/\/www.europesays.com\/pl\/wp-json\/wp\/v2\/users\/2"}],"replies":[{"embeddable":true,"href":"https:\/\/www.europesays.com\/pl\/wp-json\/wp\/v2\/comments?post=154743"}],"version-history":[{"count":0,"href":"https:\/\/www.europesays.com\/pl\/wp-json\/wp\/v2\/posts\/154743\/revisions"}],"wp:featuredmedia":[{"embeddable":true,"href":"https:\/\/www.europesays.com\/pl\/wp-json\/wp\/v2\/media\/154744"}],"wp:attachment":[{"href":"https:\/\/www.europesays.com\/pl\/wp-json\/wp\/v2\/media?parent=154743"}],"wp:term":[{"taxonomy":"category","embeddable":true,"href":"https:\/\/www.europesays.com\/pl\/wp-json\/wp\/v2\/categories?post=154743"},{"taxonomy":"post_tag","embeddable":true,"href":"https:\/\/www.europesays.com\/pl\/wp-json\/wp\/v2\/tags?post=154743"}],"curies":[{"name":"wp","href":"https:\/\/api.w.org\/{rel}","templated":true}]}}