{"id":154749,"date":"2025-12-16T20:35:07","date_gmt":"2025-12-16T20:35:07","guid":{"rendered":"https:\/\/www.europesays.com\/pl\/154749\/"},"modified":"2025-12-16T20:35:07","modified_gmt":"2025-12-16T20:35:07","slug":"chiny-zalewaja-europe-unia-wlacza-system-wczesnego-ostrzegania","status":"publish","type":"post","link":"https:\/\/www.europesays.com\/pl\/154749\/","title":{"rendered":"Chiny zalewaj\u0105 Europ\u0119. Unia w\u0142\u0105cza &#8222;system wczesnego ostrzegania&#8221;"},"content":{"rendered":"<p>\t<a href=\"https:\/\/www.trends.eecpoland.eu\/pl\/\" target=\"_blank\" class=\"eec-promo-banner\" slot=\"banner-0\" rel=\"nofollow noopener\"><\/p>\n<p>\t                Wielow\u0105tkowa, intensywna debata o polskiej gospodarce w gronie przedstawicieli \u015bwiata biznesu, polityki oraz nauki i \u015brodowiska eksperckiego odb\u0119dzie si\u0119 9 lutego 2026 r. w Warszawie. Zapraszamy na EEC Trends. Rejestracja dost\u0119pna na stronie wydarzenia.<\/p>\n<p>\t<\/a><\/p>\n<ul>&#13;<\/p>\n<li>Wida\u0107 g\u0142\u0119bok\u0105 zmian\u0119 w globalnym handlu: chi\u0144scy eksporterzy, napotykaj\u0105c bariery w USA, masowo przekierowuj\u0105 towary do Europy.<\/li>\n<p>&#13;<\/p>\n<li>Nap\u0142yw towar\u00f3w budzi obawy o stabilno\u015b\u0107 unijnego rynku i kondycj\u0119 europejskich producent\u00f3w, dlatego Komisja Europejska uruchomi\u0142a specjaln\u0105 grup\u0119 zadaniow\u0105 i system wczesnego ostrzegania.<\/li>\n<p>&#13;<\/p>\n<li>Analizy pokazuj\u0105, \u017ce sygna\u0142y zagro\u017ce\u0144 pojawiaj\u0105 si\u0119 w niemal wszystkich badanych bran\u017cach, szczeg\u00f3lnie w sektorach urz\u0105dze\u0144 elektrycznych, motoryzacji oraz maszyn i urz\u0105dze\u0144.<\/li>\n<p>&#13;\n<\/ul>\n<p>W cytowanym przez money.pl raporcie Credit Agricole czytamy, \u017ce mamy do czynienia z fundamentaln\u0105 zmian\u0105 w strukturze \u015bwiatowego handlu, kt\u00f3ra uderza w gospodark\u0119 Unii Europejskiej.<\/p>\n<blockquote><p>&#13;<\/p>\n<p>Chi\u0144scy eksporterzy, napotykaj\u0105c mur celny i regulacyjny w USA, nie ograniczyli produkcji, lecz dokonali skutecznej reorientacji geograficznej swojego zbytu. Mniejszy eksport za ocean jest z nawi\u0105zk\u0105 rekompensowany przez agresywn\u0105 ekspansj\u0119 na inne rynki, ze szczeg\u00f3lnym uwzgl\u0119dnieniem Starego Kontynentu &#8211; czytamy.<\/p>\n<p>&#13;\n<\/p><\/blockquote>\n<p>W listopadzie 2025 roku\u00a0<a href=\"https:\/\/www.wnp.pl\/rynki\/wazna-decyzja-chin-chodzi-o-eksport-kluczowych-surowcow,1002065.html\" target=\"_blank\" rel=\"nofollow noopener\">eksport Chin do Unii Europejskiej<\/a> zwi\u0119kszy\u0142 si\u0119 rok do roku a\u017c o 14,8 proc., podczas gdy jeszcze w pa\u017adzierniku tempo wzrostu wynosi\u0142o jedynie 0,9 proc. Tak nag\u0142a zmiana w ci\u0105gu jednego miesi\u0105ca wskazuje na masowe przekierowanie strumieni handlowych.<\/p>\n<p>Chiny zalewaj\u0105 Europ\u0119. Unia w\u0142\u0105cza &#8222;system wczesnego ostrzegania&#8221;<\/p>\n<p>Analitycy Credit Agricole w raporcie wskazuj\u0105 na mechanizm polegaj\u0105cy na masowym przekierowywaniu do Europy towar\u00f3w, kt\u00f3re pierwotnie mia\u0142y trafi\u0107 na rynek ameryka\u0144ski. Zjawisko to budzi uzasadnione obawy o stabilno\u015b\u0107 unijnego rynku wewn\u0119trznego oraz sytuacj\u0119 europejskich producent\u00f3w, zmuszonych mierzy\u0107 si\u0119 z nap\u0142ywem importu oferowanego cz\u0119sto po zani\u017conych cenach.<\/p>\n<p>Komisja Europejska, dostrzegaj\u0105c narastaj\u0105ce ryzyko, podejmuje zdecydowane dzia\u0142ania.<\/p>\n<blockquote><p>&#13;<\/p>\n<p>W kwietniu powo\u0142ano specjaln\u0105 grup\u0119 zadaniow\u0105 do spraw nadzoru nad importem, tak zwan\u0105 import &#8222;surveillance task force&#8221;. Jej zadaniem nie jest jednak r\u0119czne przegl\u0105danie tysi\u0119cy dokument\u00f3w przewozowych, lecz obs\u0142uga i analiza danych dostarczanych przez nowatorskie, zautomatyzowane narz\u0119dzie oparte o statystyki celne &#8211; czytamy.<\/p>\n<p>&#13;\n<\/p><\/blockquote>\n<p>Rozwi\u0105zanie to nie ma na celu natychmiastowego zast\u0105pienia tradycyjnych instrument\u00f3w ochronnych, takich jak\u00a0<a href=\"https:\/\/www.wnp.pl\/rynki\/chiny-obnizyly-antydumpingowe-cla-na-wieprzowine-z-ue,1014417.html\" target=\"_blank\" rel=\"nofollow noopener\">c\u0142a antydumpingowe<\/a> czy post\u0119powania kontrolne, lecz ma pe\u0142ni\u0107 rol\u0119 skutecznego systemu wczesnego ostrzegania.<\/p>\n<p>Unia w\u0142\u0105cza &#8222;system wczesnego ostrzegania&#8221;. Chiny zalewaj\u0105 Europ\u0119<\/p>\n<p>Rezultaty monitoringu prowadzonego przez grup\u0119 zadaniow\u0105 przedstawiane s\u0105 w postaci tzw. mapy cieplnej, kt\u00f3ra umo\u017cliwia decydentom szybkie oszacowanie skali potencjalnych sygna\u0142\u00f3w przekierowania handlu.<\/p>\n<p>Spo\u015br\u00f3d pi\u0119tnastu szczeg\u00f3\u0142owo analizowanych sektor\u00f3w tylko w jednym nie zidentyfikowano \u017cadnych zagro\u017conych kod\u00f3w CN &#8211; dotyczy to obszaru dostaw wody, gospodarki \u015bciekowej i odpadami oraz rekultywacji. Pozosta\u0142e czterna\u015bcie bran\u017c wykazuje co najmniej pojedyncze sygna\u0142y ostrzegawcze, co potwierdza, \u017ce zjawisko ma charakter powszechny.<\/p>\n<p>Najwi\u0119cej zagro\u017conych kod\u00f3w CN, je\u015bli chodzi o warto\u015b\u0107 eksportu, nale\u017cy do kategorii:<\/p>\n<ul>&#13;<\/p>\n<li>produkcja urz\u0105dze\u0144 elektrycznych,<\/li>\n<p>&#13;<\/p>\n<li>sektor motoryzacyjny,<\/li>\n<p>&#13;<\/p>\n<li>produkcja maszyn i urz\u0105dze\u0144.<\/li>\n<p>&#13;\n<\/ul>\n<p>&#8222;Mniej znacz\u0105ce, cho\u0107 wci\u0105\u017c istotne dzia\u0142y PKD, do kt\u00f3rych mo\u017cna zaliczy\u0107 zagro\u017cone kody CN, to produkcja wyrob\u00f3w tekstylnych, odzie\u017cy i wyrob\u00f3w ze sk\u00f3ry, produkcja komputer\u00f3w i wyrob\u00f3w elektronicznych oraz produkcja chemikali\u00f3w (4,1 proc.)&#8221; &#8211; czytamy.<\/p>\n<p>    \u00a9<\/p>\n<p>        Materia\u0142 chroniony prawem autorskim &#8211; zasady przedruk\u00f3w okre\u015bla<br \/>\n        <a href=\"https:\/\/www.wnp.pl\/korzystanie-z-serwisu\/\" rel=\"nofollow noopener\" target=\"_blank\">regulamin<\/a><\/p>\n","protected":false},"excerpt":{"rendered":"Wielow\u0105tkowa, intensywna debata o polskiej gospodarce w gronie przedstawicieli \u015bwiata biznesu, polityki oraz nauki i \u015brodowiska eksperckiego odb\u0119dzie&hellip;\n","protected":false},"author":2,"featured_media":154750,"comment_status":"","ping_status":"","sticky":false,"template":"","format":"standard","meta":{"footnotes":""},"categories":[14],"tags":[32,33,27,34,35,28,31,25,40,41,80,29,30,26,82,83,84],"class_list":{"0":"post-154749","1":"post","2":"type-post","3":"status-publish","4":"format-standard","5":"has-post-thumbnail","7":"category-swiat","8":"tag-breaking-news","9":"tag-breakingnews","10":"tag-headlines","11":"tag-latest-news","12":"tag-latestnews","13":"tag-naglowki","14":"tag-najwazniejsze-artykuly","15":"tag-news","16":"tag-polish","17":"tag-polski","18":"tag-swiat","19":"tag-top-stories","20":"tag-topstories","21":"tag-wiadomosci","22":"tag-world","23":"tag-world-news","24":"tag-worldnews"},"share_on_mastodon":{"url":"https:\/\/pubeurope.com\/@pl\/115731164516748477","error":""},"_links":{"self":[{"href":"https:\/\/www.europesays.com\/pl\/wp-json\/wp\/v2\/posts\/154749","targetHints":{"allow":["GET"]}}],"collection":[{"href":"https:\/\/www.europesays.com\/pl\/wp-json\/wp\/v2\/posts"}],"about":[{"href":"https:\/\/www.europesays.com\/pl\/wp-json\/wp\/v2\/types\/post"}],"author":[{"embeddable":true,"href":"https:\/\/www.europesays.com\/pl\/wp-json\/wp\/v2\/users\/2"}],"replies":[{"embeddable":true,"href":"https:\/\/www.europesays.com\/pl\/wp-json\/wp\/v2\/comments?post=154749"}],"version-history":[{"count":0,"href":"https:\/\/www.europesays.com\/pl\/wp-json\/wp\/v2\/posts\/154749\/revisions"}],"wp:featuredmedia":[{"embeddable":true,"href":"https:\/\/www.europesays.com\/pl\/wp-json\/wp\/v2\/media\/154750"}],"wp:attachment":[{"href":"https:\/\/www.europesays.com\/pl\/wp-json\/wp\/v2\/media?parent=154749"}],"wp:term":[{"taxonomy":"category","embeddable":true,"href":"https:\/\/www.europesays.com\/pl\/wp-json\/wp\/v2\/categories?post=154749"},{"taxonomy":"post_tag","embeddable":true,"href":"https:\/\/www.europesays.com\/pl\/wp-json\/wp\/v2\/tags?post=154749"}],"curies":[{"name":"wp","href":"https:\/\/api.w.org\/{rel}","templated":true}]}}