{"id":154755,"date":"2025-12-16T20:38:11","date_gmt":"2025-12-16T20:38:11","guid":{"rendered":"https:\/\/www.europesays.com\/pl\/154755\/"},"modified":"2025-12-16T20:38:11","modified_gmt":"2025-12-16T20:38:11","slug":"zmiana-warty-w-radomiu-nowy-trener-ogloszony-sportowefakty","status":"publish","type":"post","link":"https:\/\/www.europesays.com\/pl\/154755\/","title":{"rendered":"Zmiana warty w Radomiu. Nowy trener og\u0142oszony &#8211; SportoweFakty"},"content":{"rendered":"<ol>\n<li><a href=\"https:\/\/news.google.com\/rss\/articles\/CBMilAFBVV95cUxNbmlXbjNCSGwtOGpXUjlYN0UxV2ZNSzAtdFJXMlpRcVgxRjdwZFFTV0YxV1dWekpmMEpRNDQ1SXZPbU45UXVFa0VCdmJfMDg2a256VkFOWjVXUnphQUV6b29hbi1qc3ZnZmRMdEhVUG04ZnMzb1RYc1ZId19yQ3V6U2NYcUhISjA2S2xQdU13VHdSN1Ay?oc=5\" target=\"_blank\" rel=\"nofollow noopener\">Zmiana warty w Radomiu. Nowy trener og\u0142oszony<\/a>&nbsp;&nbsp;SportoweFakty<\/li>\n<li><a href=\"https:\/\/news.google.com\/rss\/articles\/CBMiwgFBVV95cUxNbkdxQmF3TnJwelh1N1RsYmdpRnAzWXJuQkczallfb25weGJfb2JaSF9jT3hlRGYtY3BPTzk5WHNxbkVKZ05VVEJZZGdJM24tWEFhR3YtX2Y4MFVXSmNwS192RjY5cWJ1c2RLY3BmMTNiNGlkLTJwT0NEWEkxVER6NUEySlJMZWZFb2tkLUFuNWxQdHZsYW5WQjBWMXZrVXRIOVFYSndTLW5HRVktbDEtTU1rc0Nrdjk0LVk1TWlRSHMxZw?oc=5\" target=\"_blank\" rel=\"nofollow noopener\">Radomka ma nowego trenera. Musi zatrzyma\u0107 katastrof\u0119<\/a>&nbsp;&nbsp;Przegl\u0105d Sportowy Onet<\/li>\n<li><a href=\"https:\/\/news.google.com\/rss\/articles\/CBMiggFBVV95cUxPRElxYTlsazRvUjhuclRwc3F0LWtpS0VxYjFWbzRGdE50cXZicGxlWmx2Q0w2NDNHMkZZOEJrVEJrSlZMNlN2OF9VU1dSWC1QdjRxalBWaDZEeEYwaUxOS3l2U2VlRXhZMS1mcmc2eV93ZGtfR3dZTFlxRnBmcE5LV0hB?oc=5\" target=\"_blank\" rel=\"nofollow noopener\">Klub z Tauron Ligi bez trenera<\/a>&nbsp;&nbsp;SportoweFakty<\/li>\n<li><a href=\"https:\/\/news.google.com\/rss\/articles\/CBMiywFBVV95cUxPWG5YcXFEclhjTkNDT1VoS0pTUFNpTHpIY1R0UkloTXNFb29HN1gwbVBNMUdwZGt4NkcwT0RCcUczclBVTjkzWXNlV1dtQzU4Q2F4bDRSMERzdGVqZXI4clhMSHZSMmZDak9rVDNiRzJFUkZpbGRrMlBndHA5VFdPcEFsWG40NW55MEFrUnlRYjVfTkhnbm1rQndOTWUtZ21LeGR3MXhWU1pZU3dwUEprVUZPOHM5MVpuZGx0MUdjdkxodnVLYTJzSWVDTQ?oc=5\" target=\"_blank\" rel=\"nofollow noopener\">Trz\u0119sienie ziemi w polskim klubie. Siatkarki w\u0142a\u015bnie si\u0119 dowiedzia\u0142y<\/a>&nbsp;&nbsp;Sport w INTERIA.PL<\/li>\n<li><a href=\"https:\/\/news.google.com\/rss\/articles\/CBMisgFBVV95cUxNRjVBeVdrdDQ3MHZjQjNWQ0NfSDVoTVBxc2lHdXEwaXpLQjBwNzJabk1IdENCTTQxbzM4ZkdJR3FkX3NxclhjcmxNWDNWM05SNGxjelFTa3dQcDFKeGlDNkc3dlFrbmtHZjZHdGx2NlE3MERyLWRHUHV1NVVLRG9TWTVqOW5ydDU3QzA3S3JZYlo5TmUwYXFRcnNzN2EzOV9WT2lzVVRwTE1kcS1IT3FYM1pR?oc=5\" target=\"_blank\" rel=\"nofollow noopener\">Szybko posz\u0142o. Polski klub siatkarski ju\u017c znalaz\u0142 nowego trenera<\/a>&nbsp;&nbsp;www.polsatsport.pl<\/li>\n<\/ol>\n","protected":false},"excerpt":{"rendered":"Zmiana warty w Radomiu. Nowy trener og\u0142oszony&nbsp;&nbsp;SportoweFakty Radomka ma nowego trenera. Musi zatrzyma\u0107 katastrof\u0119&nbsp;&nbsp;Przegl\u0105d Sportowy Onet Klub z&hellip;\n","protected":false},"author":2,"featured_media":154756,"comment_status":"","ping_status":"","sticky":false,"template":"","format":"standard","meta":{"footnotes":""},"categories":[24],"tags":[30932,30933,30934,42,38,40,39,41,131,127,126,17094],"class_list":{"0":"post-154755","1":"post","2":"type-post","3":"status-publish","4":"format-standard","5":"has-post-thumbnail","7":"category-sport","8":"tag-jakub-gluszak","9":"tag-moya-radomka-radom","10":"tag-piotr-filipowicz","11":"tag-pl","12":"tag-poland","13":"tag-polish","14":"tag-polska","15":"tag-polski","16":"tag-siatkowka","17":"tag-sport","18":"tag-sports","19":"tag-tauron-liga"},"share_on_mastodon":{"url":"https:\/\/pubeurope.com\/@pl\/115731176261349556","error":""},"_links":{"self":[{"href":"https:\/\/www.europesays.com\/pl\/wp-json\/wp\/v2\/posts\/154755","targetHints":{"allow":["GET"]}}],"collection":[{"href":"https:\/\/www.europesays.com\/pl\/wp-json\/wp\/v2\/posts"}],"about":[{"href":"https:\/\/www.europesays.com\/pl\/wp-json\/wp\/v2\/types\/post"}],"author":[{"embeddable":true,"href":"https:\/\/www.europesays.com\/pl\/wp-json\/wp\/v2\/users\/2"}],"replies":[{"embeddable":true,"href":"https:\/\/www.europesays.com\/pl\/wp-json\/wp\/v2\/comments?post=154755"}],"version-history":[{"count":0,"href":"https:\/\/www.europesays.com\/pl\/wp-json\/wp\/v2\/posts\/154755\/revisions"}],"wp:featuredmedia":[{"embeddable":true,"href":"https:\/\/www.europesays.com\/pl\/wp-json\/wp\/v2\/media\/154756"}],"wp:attachment":[{"href":"https:\/\/www.europesays.com\/pl\/wp-json\/wp\/v2\/media?parent=154755"}],"wp:term":[{"taxonomy":"category","embeddable":true,"href":"https:\/\/www.europesays.com\/pl\/wp-json\/wp\/v2\/categories?post=154755"},{"taxonomy":"post_tag","embeddable":true,"href":"https:\/\/www.europesays.com\/pl\/wp-json\/wp\/v2\/tags?post=154755"}],"curies":[{"name":"wp","href":"https:\/\/api.w.org\/{rel}","templated":true}]}}