{"id":154777,"date":"2025-12-16T20:49:14","date_gmt":"2025-12-16T20:49:14","guid":{"rendered":"https:\/\/www.europesays.com\/pl\/154777\/"},"modified":"2025-12-16T20:49:14","modified_gmt":"2025-12-16T20:49:14","slug":"ekspert-ostrzega-przed-planem-trumpa-polska-ma-zwiazane-rece","status":"publish","type":"post","link":"https:\/\/www.europesays.com\/pl\/154777\/","title":{"rendered":"Ekspert ostrzega przed planem Trumpa. &#8222;Polska ma zwi\u0105zane r\u0119ce&#8221;"},"content":{"rendered":"<p>Plan pokojowy maj\u0105cy zako\u0144czy\u0107 dzia\u0142ania wojenne na linii Rosja-Ukraina wci\u0105\u017c jest tematem numer jeden w mi\u0119dzynarodowych dyskusjach. <a href=\"https:\/\/wiadomosci.onet.pl\/swiat\/plan-pokojowy-co-wiemy-na-ten-moment\/ncvhqqg\" id=\"091ef68a-312b-4b7a-b4bd-1432bc8c24b9\" rel=\"nofollow noopener\" target=\"_blank\">Dotychczas powsta\u0142o kilka jego wersji <\/a>\u2014 jednak \u017cadna z nich nie uzyska\u0142a aprobaty wszystkich zainteresowanych stron.<\/p>\n<p>O komentarz w tej sprawie poprosili\u015bmy dr hab. Macieja Milczanowskiego, uczestnika misji wojskowej w Iraku, a obecnie zast\u0119pc\u0119 dyrektora Instytutu Nauk o Polityce w Uniwersytecie Rzeszowskim.<\/p>\n<p class=\"ods-c-paragraph \">\u2014<a href=\"https:\/\/www.onet.pl\/informacje\/onetwiadomosci\/plan-pokojowy-czy-kapitulacja-28-punktow-ktore-moga-zmienic-europe\/2kp296z,79cfc278\" id=\"95a711c9-4056-44de-b466-cad7746fbfbf\" rel=\"nofollow noopener\" target=\"_blank\"> Ta pierwotna, 28-punktowa ameryka\u0144ska propozycja<\/a>, nie jest planem pokojowym, tylko planem kapitulacji Ukrainy. To zosta\u0142o tak zaprojektowane, \u017ceby Ukraina najpierw pozby\u0142a si\u0119 swoich terytori\u00f3w, a potem przeprowadzi\u0142a wybory, w kt\u00f3rych \u2014 dzi\u0119ki precyzyjnie zorganizowanej propagandzie rosyjskiej \u2014 mia\u0142by wygra\u0107 teoretycznie &#8222;umiarkowany&#8221;, cho\u0107 tak naprawd\u0119 prorosyjski kandydat \u2014 przekonuje ekspert.<\/p>\n<p class=\"ods-c-paragraph \">\u2014 Ukraina jest w tej chwili przekazywana Rosji, bo Trump czeka na podpisanie um\u00f3w z Rosj\u0105 i wej\u015bcie na rosyjski rynek. Ukraina mu w tym zwyczajnie przeszkadza. Natomiast ten projekt planu pokojowego wypracowany we wsp\u00f3\u0142pracy z Europ\u0105 jest przez Trumpa totalnie ignorowany. On ca\u0142y czas powtarza, \u017ce Ze\u0142enski nie odpowiedzia\u0142 na plan, maj\u0105c na my\u015bli ten pierwszy, 28-punktowy, a nie ten wypracowany przez Europ\u0119 \u2014 argumentuje.<\/p>\n<p class=\"ods-c-paragraph \">\u2014 To jest gra, w kt\u00f3rej Ukraina broni si\u0119 przed Rosj\u0105 militarnie, a przed Stanami Zjednoczonymi dyplomatycznie, bo jedna i druga si\u0142a chce wprowadzi\u0107 Ukrain\u0119 w stref\u0119 wp\u0142yw\u00f3w rosyjskich \u2014 zaznacza.<\/p>\n<p>Dalszy ci\u0105g artyku\u0142u pod materia\u0142em wideo<br \/>\n&#8222;Polska ma zwi\u0105zane r\u0119ce&#8221;<\/p>\n<p class=\"ods-c-paragraph \">Jak\u0105 rol\u0119 Europa w takim razie mo\u017ce odegra\u0107 w tej sytuacji? Zdaniem dr hab. Macieja Milczanowskiego niewielk\u0105 \u2014 chyba \u017ce poka\u017ce si\u0142\u0119, kt\u00f3rej nie b\u0119d\u0105 mogli ignorowa\u0107 zar\u00f3wno Amerykanie, jak i Rosjanie.<\/p>\n<p class=\"ods-c-paragraph \">\u2014 <a href=\"https:\/\/www.onet.pl\/informacje\/onetwiadomosci\/to-moze-byc-decydujacy-tydzien-dla-ukrainy-katastrofalne\/bw33tsc,79cfc278\" id=\"a5c817f5-91e9-4810-b2b6-ba304bfe1668\" rel=\"nofollow noopener\" target=\"_blank\">Europa jest w trudnej sytuacji<\/a>, dlatego \u017ce nie ma dzisiaj &#8222;hard power&#8221;, a w tej zglobalizowanej rzeczywisto\u015bci &#8222;soft power&#8221; liczy si\u0119 du\u017co mniej, ni\u017c wcze\u015bniej. W zwi\u0105zku z tym, bez budowania wsp\u00f3lnotowego potencja\u0142u obronnego, Europa niestety b\u0119dzie znaczy\u0142a coraz mniej w tych wszystkich rozmowach. Ten problem b\u0119dzie si\u0119 powi\u0119ksza\u0142, je\u015bli Europa ci\u0105gle b\u0119dzie si\u0119 budzi\u0142a, jak to si\u0119 cz\u0119sto m\u00f3wi, ale si\u0119 nie przebudzi \u2014 wyja\u015bnia.<\/p>\n<p class=\"ods-c-paragraph \">\u2014 Jestem coraz wi\u0119kszym pesymist\u0105 nie tylko, je\u015bli chodzi o Ukrain\u0119, USA i Rosj\u0119, ale te\u017c, je\u015bli chodzi o Polsk\u0119. Bo by\u0107 mo\u017ce dojdziemy do takiego momentu, w kt\u00f3rym Rosjanie nie b\u0119d\u0105 musieli w og\u00f3le walczy\u0107, gdy\u017c znajd\u0105 si\u0119 tacy, kt\u00f3rzy ch\u0119tnie przyjm\u0105 ich u nas z otwartymi ramionami \u2014 dodaje.<\/p>\n<p class=\"ods-c-paragraph \">\u2014 Mo\u017ce jest to zbyt du\u017cy pesymizm, ale nie mog\u0119 oprze\u0107 si\u0119 wra\u017ceniu, \u017ce w tej wojnie hybrydowej Rosja odnosi coraz wi\u0119ksze sukcesy, a Polska ma w du\u017cej mierze zwi\u0105zane r\u0119ce. Prosz\u0119 zwr\u00f3ci\u0107 uwag\u0119, \u017ce w najnowszej strategii Stan\u00f3w Zjednoczonych jest wyra\u017anie napisane, \u017ce wszelkie pr\u00f3by ograniczania swobody wypowiedzi spotkaj\u0105 si\u0119 ze sprzeciwem USA. Czyli de facto propaganda rosyjska b\u0119dzie strze\u017cona i nie mo\u017cna w \u017caden spos\u00f3b jej przeciwdzia\u0142a\u0107 \u2014 przekonuje.<\/p>\n<p>   &#8222;Jest to dla nas skrajnie niebezpieczne&#8221;<\/p>\n<p class=\"ods-c-paragraph \">Wed\u0142ug eksperta Europa musi si\u0119 zbroi\u0107, ale nie mo\u017ce si\u0119 to ogranicza\u0107 do kupowania sprz\u0119tu wojskowego.<\/p>\n<p class=\"ods-c-paragraph \">\u2014 Nie chodzi tylko o to, \u017ceby kupi\u0107 czo\u0142gi i samoloty, tylko \u017ceby zbudowa\u0107 wsp\u00f3lny system obronny. Bo to, \u017ce mamy odpowiedni\u0105 ilo\u015b\u0107 czo\u0142g\u00f3w, samolot\u00f3w i artylerii, to jest jasne. Tylko co z tego, je\u017celi ten sprz\u0119t jest porozdzielany indywidualnie po r\u00f3\u017cnych krajach. Oczywi\u015bcie \u0142\u0105czy\u0142 go w pewien spos\u00f3b system NATO-wski. Ale w tej formie, jaka by\u0142a do tej pory, gdzie Amerykanie dowodzili i koordynowali dzia\u0142aniami, to ju\u017c nie ma racji bytu \u2014 t\u0142umaczy.<\/p>\n<p class=\"ods-c-paragraph \">\u2014 My musimy zbudowa\u0107 europejskie NATO, nawet z tymi samymi schematami i wzorami dzia\u0142ania, przynajmniej w\u015br\u00f3d tych kraj\u00f3w, kt\u00f3re podobnie jak my widz\u0105 zagro\u017cenie ze strony Federacji Rosyjskiej. Mam tu na my\u015bli Wielk\u0105 Brytani\u0119, pa\u0144stwa skandynawskie, kraje ba\u0142tyckie oraz Francj\u0119 i Niemcy \u2014 chocia\u017c nie wiem, czy to si\u0119 w przysz\u0142o\u015bci nie zmieni. Natomiast najwi\u0119kszym problemem s\u0105 tu r\u00f3\u017cne przeszkody organizacyjne, biurokratyczne oraz oddzia\u0142ywanie Stan\u00f3w Zjednoczonych i Rosji, kt\u00f3re robi\u0105 wszystko, aby do takiej wsp\u00f3\u0142pracy nie dosz\u0142o \u2014 argumentuje.<\/p>\n<p class=\"ods-c-paragraph \">Dr hab. Maciej Milczanowski odni\u00f3s\u0142 si\u0119 te\u017c do <a href=\"https:\/\/www.onet.pl\/informacje\/onetwiadomosci\/media-jest-druga-wersja-strategii-bezpieczenstwa-usa-mowa-w-niej-o-polsce\/y7kq7pv,79cfc278\" id=\"40ecb8f2-b72b-4bc5-9c6d-ca79a2fc8224\" rel=\"nofollow noopener\" target=\"_blank\">nowej Strategii Bezpiecze\u0144stwa Narodowego USA. <\/a>Polska, Austria, W\u0119gry i W\u0142ochy zosta\u0142y wymienione w niej jako kraje, z kt\u00f3rymi USA &#8222;powinny bli\u017cej wsp\u00f3\u0142pracowa\u0107 w celu odci\u0105gni\u0119cia ich od Unii Europejskiej&#8221;.<\/p>\n<p class=\"ods-c-paragraph \">\u2014 Ca\u0142\u0105 istot\u0105 polityki ameryka\u0144skiej jest rozbijanie Unii Europejskiej, bo nad pojedynczymi pa\u0144stwami Stany Zjednoczone maj\u0105 olbrzymi\u0105 przewag\u0119 gospodarcz\u0105, militarna i ka\u017cd\u0105 inn\u0105. Problem w tym, \u017ce warunki Europie zaczyna dyktowa\u0107 ju\u017c nie tylko Waszyngton, ale r\u00f3wnie\u017c Moskwa \u2014 zauwa\u017ca.<\/p>\n<p class=\"ods-c-paragraph \">\u2014 To wygl\u0105da jak d\u0105\u017cenie do stworzenia nowej strefy wp\u0142yw\u00f3w, w kt\u00f3rej Europa jest podzielona na pojedyncze pa\u0144stwa narodowe, bez \u017cadnych organizacyjnych struktur. Moim zdaniem jest to dla nas skrajnie niekorzystne i niebezpieczne. Tymczasem w Polsce jest wiele si\u0142, kt\u00f3re ch\u0119tnie taki scenariusz natychmiast by wprowadzi\u0142o \u2014 podkre\u015bla.<\/p>\n<p>   <img decoding=\"async\" src=\"https:\/\/www.europesays.com\/pl\/wp-content\/uploads\/2025\/12\/_tEk9lBaHR0cHM6Ly9vY2RuLmV1L3B1bHNjbXMvTURBXy8wZjc1MDdiODZiZTEzNzc3MjBmZTc5NDFhY2JjYTU4ZC5qcGeRlQLNB.jpeg\" height=\"596\" width=\"940\" alt=\"W\u0142adimir Putin i Donald Trump\" loading=\"lazy\" class=\"ods-c-image__img ods-c-image__img--viewport-width\"\/><\/p>\n<p>W\u0142adimir Putin i Donald TrumpPAP\/Newscom \/ PAP<\/p>\n<p> &#8222;Obawiam si\u0119 przechy\u0142u prezydenta w stron\u0119 Konfederacji&#8221;<\/p>\n<p class=\"ods-c-paragraph \">Jednocze\u015bnie ekspert przekonuje, \u017ce zar\u00f3wno Polska, jak i ca\u0142a Europa, powinny zrobi\u0107 wszystko, aby jak najd\u0142u\u017cej utrzymywa\u0107 poprawne stosunki z Waszyngtonem.<\/p>\n<p class=\"ods-c-paragraph \">\u2014 Pami\u0119tajmy, \u017ce Ameryka to nie jest tylko Donald Trump i MAGA. Tam s\u0105 r\u00f3\u017cne si\u0142y polityczne i ten radykalny kurs USA mo\u017ce si\u0119 zmieni\u0107. Nie wiem, jak szybko, ale musimy dzia\u0142a\u0107 w taki spos\u00f3b, \u017ceby z jednej strony utrzymywa\u0107 jak najlepsze stosunki ze Stanami Zjednoczonymi, a z drugiej budowa\u0107 w Europie realne struktury obronne \u2014 wyja\u015bnia.<\/p>\n<p class=\"ods-c-paragraph \">\u2014 W przypadku tej pierwszej kwestii widz\u0119, \u017ce w Europie panuje zgodno\u015b\u0107, bo wszyscy pr\u00f3buj\u0105 ob\u0142askawia\u0107 Trumpa, wszyscy go chwal\u0105 i daj\u0105 mu prezenty. Mo\u017cna si\u0119 z tego \u015bmia\u0107, ale na tym niestety polega dzisiaj polityka wzgl\u0119dem USA. Natomiast w przypadku tego drugiego tematu, to uwa\u017cam, \u017ce pa\u0144stwa europejskie robi\u0105 za ma\u0142o, \u017ceby ujednolici\u0107 przemys\u0142 zbrojeniowy \u2014 dodaje.<\/p>\n<p class=\"ods-c-paragraph \">\u2014 Tutaj przyda\u0142oby si\u0119 wi\u0119cej wsp\u00f3\u0142pracy typowo wojskowej na poziomie szef\u00f3w sztab\u00f3w, czy dow\u00f3dc\u00f3w wojsk operacyjnych, kt\u00f3rzy powinni ze sob\u0105 rozmawia\u0107 i budowa\u0107 realn\u0105 si\u0142\u0119 obronn\u0105 w Europie, a nie tylko m\u00f3wi\u0107 o mobilizacji i planach na przysz\u0142o\u015b\u0107 \u2014 zaznacza.<\/p>\n<p class=\"ods-c-paragraph \">Na ko\u0144cu dr hab. Maciej Milczanowski odni\u00f3s\u0142 si\u0119 do<a href=\"https:\/\/wiadomosci.onet.pl\/kraj\/karol-nawrocki-o-ukrainie-i-spotkaniu-z-wolodymyrem-zelenskim-nie-zgodze-sie\/yl3p4tz\" id=\"ff1f135b-9b6d-4d45-912c-ae70e94d7e9d\" rel=\"nofollow noopener\" target=\"_blank\"> pi\u0105tkowego spotkania Karola Nawrockiego z Wo\u0142odymyrem Ze\u0142enskim<\/a>, kt\u00f3re odb\u0119dzie si\u0119 w Warszawie.<\/p>\n<p class=\"ods-c-paragraph \">\u2014 Ja si\u0119 obawiam takiego przechy\u0142u prezydenta w stron\u0119 skrajnej Konfederacji. Oby do tego nie dosz\u0142o, dlatego ciesz\u0119 si\u0119, \u017ce takie spotkanie w og\u00f3le si\u0119 odb\u0119dzie. Ju\u017c nie oczekuj\u0105, \u017ce dojdzie do niego w Ukrainie i prezydent pokusi si\u0119 o tak\u0105 wizyt\u0119, ale dobrze, \u017ce co\u015b konkretnego si\u0119 w tej sprawie zadzia\u0142o \u2014 m\u00f3wi ekspert.<\/p>\n<p class=\"ods-c-paragraph \">\u2014 Wbrew pozorom w polityce wa\u017cne s\u0105 kontakty osobiste i licz\u0119 na to, \u017ce to spotkanie spowoduje, i\u017c pan prezydent Karol Nawrocki zbli\u017cy si\u0119 jednak w swojej wizji polityki zagranicznej do poprzedniego prezydenta, a nie b\u0119dzie dryfowa\u0142 w stron\u0119 Brauna, czy innych tego typu indywidu\u00f3w w naszym kraju \u2014 konkluduje.<\/p>\n","protected":false},"excerpt":{"rendered":"Plan pokojowy maj\u0105cy zako\u0144czy\u0107 dzia\u0142ania wojenne na linii Rosja-Ukraina wci\u0105\u017c jest tematem numer jeden w mi\u0119dzynarodowych dyskusjach. Dotychczas&hellip;\n","protected":false},"author":2,"featured_media":154778,"comment_status":"","ping_status":"","sticky":false,"template":"","format":"standard","meta":{"footnotes":""},"categories":[14],"tags":[56,32,33,44,27,34,35,28,31,48,160,25,46,40,41,87,47,80,29,30,341,415,86,26,408,309,82,83,84],"class_list":{"0":"post-154777","1":"post","2":"type-post","3":"status-publish","4":"format-standard","5":"has-post-thumbnail","7":"category-swiat","8":"tag-article_premium","9":"tag-breaking-news","10":"tag-breakingnews","11":"tag-donald_trump","12":"tag-headlines","13":"tag-latest-news","14":"tag-latestnews","15":"tag-naglowki","16":"tag-najwazniejsze-artykuly","17":"tag-nat_styl","18":"tag-nato","19":"tag-news","20":"tag-omp","21":"tag-polish","22":"tag-polski","23":"tag-rosja","24":"tag-screening_general","25":"tag-swiat","26":"tag-top-stories","27":"tag-topstories","28":"tag-tylko_w_onecie","29":"tag-ukraina","30":"tag-unia_europejska","31":"tag-wiadomosci","32":"tag-wladimir_putin","33":"tag-wolodymyr_zelenski","34":"tag-world","35":"tag-world-news","36":"tag-worldnews"},"share_on_mastodon":{"url":"https:\/\/pubeurope.com\/@pl\/115731219621404482","error":""},"_links":{"self":[{"href":"https:\/\/www.europesays.com\/pl\/wp-json\/wp\/v2\/posts\/154777","targetHints":{"allow":["GET"]}}],"collection":[{"href":"https:\/\/www.europesays.com\/pl\/wp-json\/wp\/v2\/posts"}],"about":[{"href":"https:\/\/www.europesays.com\/pl\/wp-json\/wp\/v2\/types\/post"}],"author":[{"embeddable":true,"href":"https:\/\/www.europesays.com\/pl\/wp-json\/wp\/v2\/users\/2"}],"replies":[{"embeddable":true,"href":"https:\/\/www.europesays.com\/pl\/wp-json\/wp\/v2\/comments?post=154777"}],"version-history":[{"count":0,"href":"https:\/\/www.europesays.com\/pl\/wp-json\/wp\/v2\/posts\/154777\/revisions"}],"wp:featuredmedia":[{"embeddable":true,"href":"https:\/\/www.europesays.com\/pl\/wp-json\/wp\/v2\/media\/154778"}],"wp:attachment":[{"href":"https:\/\/www.europesays.com\/pl\/wp-json\/wp\/v2\/media?parent=154777"}],"wp:term":[{"taxonomy":"category","embeddable":true,"href":"https:\/\/www.europesays.com\/pl\/wp-json\/wp\/v2\/categories?post=154777"},{"taxonomy":"post_tag","embeddable":true,"href":"https:\/\/www.europesays.com\/pl\/wp-json\/wp\/v2\/tags?post=154777"}],"curies":[{"name":"wp","href":"https:\/\/api.w.org\/{rel}","templated":true}]}}