{"id":154821,"date":"2025-12-16T21:13:07","date_gmt":"2025-12-16T21:13:07","guid":{"rendered":"https:\/\/www.europesays.com\/pl\/154821\/"},"modified":"2025-12-16T21:13:07","modified_gmt":"2025-12-16T21:13:07","slug":"puchar-krola-wystep-wojciecha-szczesnego-pod-znakiem-zapytania-hiszpanie-prezentuja-rozne-mozliwosci-sport-tvp-pl","status":"publish","type":"post","link":"https:\/\/www.europesays.com\/pl\/154821\/","title":{"rendered":"Puchar Kr\u00f3la. Wyst\u0119p Wojciecha Szcz\u0119snego pod znakiem zapytania. Hiszpanie prezentuj\u0105 r\u00f3\u017cne mo\u017cliwo\u015bci &#8211; sport.tvp.pl"},"content":{"rendered":"<ol>\n<li><a href=\"https:\/\/news.google.com\/rss\/articles\/CBMixgFBVV95cUxOZ0FITXNmRmZOWWIzNUtZS3Jqc0VETHhWM1VpUjVqWDhkdEpsaHlqRlBwd0hVV1VlRmx2ZTg1SWVPdlkwTk5ISXRfOG0taDY5d3k4YVd0MUJxM3BfekZXaFUtbkZNeFhQMnZld050Nk9vNzY2dGZMblBXS0RNUWZJWE1UMjZrU3R2Si05YzJvaEhMTUcxc2hGcDFpelRiZk9lemZvWV9yV0Y4a2tyNG9sZmpHb0xqSUxIMUF4NXN5Q09ZTUFHYUHSAcsBQVVfeXFMUGRINGlEM291WXpvV2RuUHFhQjk4WDFTNy1ORm4xUnVFTnZ1emNqWDF5cllhQ0NDWVI3N3hNTXgtSjU5bXNXMWozNUdYUXE2dUFLa1hBZWl3VHMyTUtodmpzRVU1QXJsUEVCUExtT3ljVDJ3bmdRS2ZHMVJFaVNfT0d1cFNMSmFvLThSelphTW5LM1lMSFZnTndTQ294em5NTGFsN1RURmtaZVVHcDFvSDU3NU51b2ZGYTdSeFY2cUZ5emVWOEotRW1hXzA?oc=5\" target=\"_blank\" rel=\"nofollow noopener\">Puchar Kr\u00f3la. Wyst\u0119p Wojciecha Szcz\u0119snego pod znakiem zapytania. Hiszpanie prezentuj\u0105 r\u00f3\u017cne mo\u017cliwo\u015bci<\/a>&nbsp;&nbsp;sport.tvp.pl<\/li>\n<li><a href=\"https:\/\/news.google.com\/rss\/articles\/CBMiwAFBVV95cUxNYXRyLThhTGZXYWNRNVMtUXRUYUdISWxGVWQ0ZHNvWjdEaEZyUmRaQmpwSlRXRld5cGIxc3Rac1JUYlJjZ1U4SEp1TXhjYXdGUUlLN2NLdEx4am52Z2hPdnE0LUhsWkR6WWhEb29FSUZaSFEydlFiRlNScnBDZnM1cjJZaUg5NXVpdnVBMGYzc2xhcDZRN1h1TU84WW05UWF2VDZ1UXpOS3B0NHg0MFNvcHQtai1hY041b28tMFNtUlc?oc=5\" target=\"_blank\" rel=\"nofollow noopener\">Trener FC Barcelony zamiesza\u0142. Hiszpa\u0144skie media spud\u0142owa\u0142y w sprawie Polaka<\/a>&nbsp;&nbsp;SportoweFakty<\/li>\n<li><a href=\"https:\/\/news.google.com\/rss\/articles\/CBMirwFBVV95cUxOYm5CVVVicndQQmthRllFalNDWU9ZVFJPWEpUSzM2aG95TDcybGVtSXU2RHZTa2lsMkJjU09Ma1BZaEVQUFljSFdTUTkzYzg0SXpPXzRaWEFPbVZMNlBvS1dLbWVDQlp0N2VyWm1RNGdTSUk1dWkyd1BXZFZrdEVPb29XZHBPY0ZTVV9saFN0QXlpYVlRbmlVSjlSZG81RjBnVzh5Qkl1bTB5SVJZOGow?oc=5\" target=\"_blank\" rel=\"nofollow noopener\">Flick wypali\u0142 ws. Ter Stegena. Nie pozostawi\u0142 mu \u017cadnych z\u0142udze\u0144<\/a>&nbsp;&nbsp;Meczyki.pl<\/li>\n<li><a href=\"https:\/\/news.google.com\/rss\/articles\/CBMivgFBVV95cUxQR0lYd1dOOGZzNE1lZDYxRzFfTWtYY3V0TkVoeDU0aGRrbzlUZzdxejRJbTgtcHdDLTFyeGRXSnNucmpTbXZmQ1FzU2VSalYwTlRkbDE3c1lXYmF2WWRrYWJOVzhmTjBRVHdNQ2lsQjFCSHRVVEJoLVNxbzd5Rng5UzRpMlZMOGVfTVRtbDhaTElVc3JCZ0RjdFNjRUw5eGx6TUhYOGt1UG9OMHppaGhBVzBJU2hZd2VBZmJHVUN3?oc=5\" target=\"_blank\" rel=\"nofollow noopener\">Barcelona og\u0142asza! Pilne wie\u015bci w sprawie Wojciecha Szcz\u0119snego<\/a>&nbsp;&nbsp;Przegl\u0105d Sportowy Onet<\/li>\n<li><a href=\"https:\/\/news.google.com\/rss\/articles\/CBMisAFBVV95cUxPWUsyZGpxVVpjSGV6MmVxajBmVlVxRWJJZVMzS2o5XzljbDZDUVQ2b3I3RnVDclNwOC1QT05HSEVrYVNIcHlMQ3QxcjJGVFhXRXIyV251WDRhVVRCQ3JOOE5wYVpMMmxsWWZlT2Fic0NxMElIMUVrRzJnWTVZOHlXSTgyLS05VmZHUlVSOFl4ZXFuQWdyRHAtT053dnZvYkY0RS11elNDdDBvQXlFaE5xbA?oc=5\" target=\"_blank\" rel=\"nofollow noopener\">Sensacyjna decyzja Flicka! Oto kto stanie w bramce FC Barcelony<\/a>&nbsp;&nbsp;Sport.pl<\/li>\n<\/ol>\n","protected":false},"excerpt":{"rendered":"Puchar Kr\u00f3la. Wyst\u0119p Wojciecha Szcz\u0119snego pod znakiem zapytania. Hiszpanie prezentuj\u0105 r\u00f3\u017cne mo\u017cliwo\u015bci&nbsp;&nbsp;sport.tvp.pl Trener FC Barcelony zamiesza\u0142. Hiszpa\u0144skie media&hellip;\n","protected":false},"author":2,"featured_media":154822,"comment_status":"","ping_status":"","sticky":false,"template":"","format":"standard","meta":{"footnotes":""},"categories":[24],"tags":[272,2600,269,42,38,40,39,41,30677,127,334,126,1876],"class_list":{"0":"post-154821","1":"post","2":"type-post","3":"status-publish","4":"format-standard","5":"has-post-thumbnail","7":"category-sport","8":"tag-fc-barcelona","9":"tag-hansi-flick","10":"tag-pilka-nozna","11":"tag-pl","12":"tag-poland","13":"tag-polish","14":"tag-polska","15":"tag-polski","16":"tag-puchar-krla","17":"tag-sport","18":"tag-sport-tvp-pl","19":"tag-sports","20":"tag-wojciech-szczesny"},"share_on_mastodon":{"url":"","error":""},"_links":{"self":[{"href":"https:\/\/www.europesays.com\/pl\/wp-json\/wp\/v2\/posts\/154821","targetHints":{"allow":["GET"]}}],"collection":[{"href":"https:\/\/www.europesays.com\/pl\/wp-json\/wp\/v2\/posts"}],"about":[{"href":"https:\/\/www.europesays.com\/pl\/wp-json\/wp\/v2\/types\/post"}],"author":[{"embeddable":true,"href":"https:\/\/www.europesays.com\/pl\/wp-json\/wp\/v2\/users\/2"}],"replies":[{"embeddable":true,"href":"https:\/\/www.europesays.com\/pl\/wp-json\/wp\/v2\/comments?post=154821"}],"version-history":[{"count":0,"href":"https:\/\/www.europesays.com\/pl\/wp-json\/wp\/v2\/posts\/154821\/revisions"}],"wp:featuredmedia":[{"embeddable":true,"href":"https:\/\/www.europesays.com\/pl\/wp-json\/wp\/v2\/media\/154822"}],"wp:attachment":[{"href":"https:\/\/www.europesays.com\/pl\/wp-json\/wp\/v2\/media?parent=154821"}],"wp:term":[{"taxonomy":"category","embeddable":true,"href":"https:\/\/www.europesays.com\/pl\/wp-json\/wp\/v2\/categories?post=154821"},{"taxonomy":"post_tag","embeddable":true,"href":"https:\/\/www.europesays.com\/pl\/wp-json\/wp\/v2\/tags?post=154821"}],"curies":[{"name":"wp","href":"https:\/\/api.w.org\/{rel}","templated":true}]}}