{"id":154827,"date":"2025-12-16T21:17:12","date_gmt":"2025-12-16T21:17:12","guid":{"rendered":"https:\/\/www.europesays.com\/pl\/154827\/"},"modified":"2025-12-16T21:17:12","modified_gmt":"2025-12-16T21:17:12","slug":"gwozdz-do-trumny-europejskiego-czolgu-przyszlosci-opinia","status":"publish","type":"post","link":"https:\/\/www.europesays.com\/pl\/154827\/","title":{"rendered":"Gw\u00f3\u017ad\u017a do trumny europejskiego czo\u0142gu przysz\u0142o\u015bci? [OPINIA]"},"content":{"rendered":"\n<ul class=\"article-header__labels list-inline\">\n<li>\n            WIADOMO\u015aCI\n          <\/li>\n<li>\n            KOMENTARZ\n          <\/li>\n<li>\n            OPINIA\n          <\/li>\n<\/ul>\n<p>  <a href=\"https:\/\/defence24.pl\/strona-autora\/damian-ratka\" target=\"_self\" class=\"article-author__wrap\" rel=\"nofollow noopener\"><img loading=\"lazy\" decoding=\"async\" src=\"https:\/\/www.europesays.com\/pl\/wp-content\/uploads\/2025\/11\/rwrdUieYw4b6dMpWTTEdg5SwfcIAL75HyxBaGNnQ.xzix.jpg\" alt=\"\"  width=\"100\" height=\"100\" author=\"Defence24\/Robert Suchy\" caption=\"\" fullscreen=\"https:\/\/cdn.defence24.pl\/2025\/11\/05\/1920xpx\/rwrdUieYw4b6dMpWTTEdg5SwfcIAL75HyxBaGNnQ.6dpk.jpg\" class=\"img article-author__avatar img-avatar\"\/><br \/>\n          Damian Ratka<br \/>\n        <\/a>  <\/p>\n<p>Wygl\u0105da na to, \u017ce francusko-niemiecki program czo\u0142gu przysz\u0142o\u015bci o nazwie Main Ground Combat System (MGCS) jest martwy. Wskazuje na to decyzja, kt\u00f3ra niedawno zapad\u0142a w Berlinie.<\/p>\n<p>  <img decoding=\"async\" src=\"https:\/\/www.europesays.com\/pl\/wp-content\/uploads\/2025\/12\/4eAzsRkJPzOVPFnn1UNpEwHDQPIV1sitzw0ESill.vctm.jpg\" alt=\"\"  width=\"800\" height=\"450\" author=\"KNDS\" fetchpriority=\"high\" class=\"img image-with-caption__image\"\/><br \/>\n        Autor. KNDS<\/p>\n<p class=\"paragraph-module\">Niemiecki Federalny Urz\u0105d Antymonopolowy zatwierdzi\u0142 rozszerzenie zakresu dzia\u0142alno\u015bci przedsi\u0119biorstwa PSM Projekt System &amp; Management GmbH. Jest to sp\u00f3\u0142ka celowa za\u0142o\u017cona przez Rheinmetall Landsysteme i KNDS Deutschland. Pierwotnym celem PSM by\u0142o opracowanie i produkcja <a href=\"https:\/\/defence24.pl\/przemysl\/niemcy-kupia-wiecej-bojowych-wozow-piechoty\" rel=\"nofollow noopener\" target=\"_blank\">bojowego wozu piechoty Puma<\/a>, jednej z podstawowych platform g\u0105sienicowych wojsk l\u0105dowych Republiki Federalnej Niemiec (niem. Heer).<\/p>\n<p class=\"paragraph-module\">Zmiana formalnych ram\u00f3w dzia\u0142alno\u015bci ma na celu opracowanie nowego niemieckiego czo\u0142gu podstawowego. Oficjalnie \u00f3w pojazd ma uzupe\u0142ni\u0107 flot\u0119 Leopard\u00f3w 2, stanowi\u0105c rozwi\u0105zanie przej\u015bciowe do <a href=\"https:\/\/defence24.pl\/przemysl\/koniec-marzen-o-europejskim-czolgu-przyszlosci\" rel=\"nofollow noopener\" target=\"_blank\">Main Ground Combat System<\/a> (MGCS), czyli francusko-niemieckiej platformy g\u0105sienicowej nowej generacji. Prace nad tym ostatnim projektem prowadzi \u2013 czy raczej mia\u0142a prowadzi\u0107 \u2013 sp\u00f3\u0142ka KNDS. Przedsi\u0119biorstwo to powsta\u0142o z po\u0142\u0105czenia dw\u00f3ch podmiot\u00f3w: <a href=\"https:\/\/defence24.pl\/sily-zbrojne\/dania-kupuje-niemieckie-mosty-na-czeskich-ciezarowkach\" rel=\"nofollow noopener\" target=\"_blank\">KNDS Deutschland<\/a> (dawny Krauss-Maffei Wegmann) i <a href=\"https:\/\/defence24.pl\/sily-zbrojne\/francuskie-uzbrojenie-kupione-za-pieniadze-z-safe\" rel=\"nofollow noopener\" target=\"_blank\">KNDS France<\/a> (niegdy\u015b Nexter, wcze\u015bniej GIAT).<\/p>\n<blockquote class=\"twitter-tweet\">\n<p lang=\"de\" dir=\"ltr\">\ud83d\udd0e Genehmigt: Gemeinschaftsprojekt im Bereich Kampfpanzer von Rheinmetall und KNDS<\/p>\n<p>\u2705 Das bestehende Gemeinschaftsunternehmen von Rheinmetall und KNDS (PSM Projekt System &amp; Management GmbH), das urspr\u00fcnglich zur Abwicklung eines Auftrags zur Lieferung des Sch\u00fctzenpanzers Puma\u2026<\/p>\n<p>\u2014 Bundeskartellamt (@Kartellamt) <a href=\"https:\/\/twitter.com\/Kartellamt\/status\/2000508531699560587?ref_src=twsrc%5Etfw\" rel=\"nofollow noopener\" target=\"_blank\">December 15, 2025<\/a><\/p><\/blockquote>\n<p class=\"paragraph-module\">Jak g\u0142osi m\u0105dro\u015b\u0107 ludowa, tymczasowe rozwi\u0105zania zwykle okazuj\u0105 si\u0119 najtrwalsze. Jaki sens b\u0119dzie mia\u0142a kontynuacja programu MGCS mi\u0119dzy Francj\u0105 i Niemcami po wprowadzeniu do produkcji seryjnej i s\u0142u\u017cby czo\u0142gu nowej generacji opracowanego przez PSM? Projekt KNDS Deutschland i <a href=\"https:\/\/defence24.pl\/sily-zbrojne\/niemiecki-system-antydronowy-dla-polski-mon-odpowiada\" rel=\"nofollow noopener\" target=\"_blank\">Rheinmetall<\/a> znajdzie si\u0119 pod pe\u0142n\u0105 kontrol\u0105 niemieckiego rz\u0105du i przemys\u0142u. To uniezale\u017cni Berlin od decyzji podejmowanych w Pary\u017cu, a tak\u017ce da konstruktorom woln\u0105 r\u0119k\u0119 w produkcji wszystkich najwa\u017cniejszych podzespo\u0142\u00f3w nad Renem, a nie Sekwan\u0105.<\/p>\n<p>  <img  alt=\"Wizja platformy MGCS.\" width=\"780\" author=\"BAAINBw\" class=\"img image-with-caption__image\"\/><br \/>\n        Wizja platformy MGCS.<br \/>\n       <br \/>Autor. BAAINBw<\/p>\n<p class=\"paragraph-module\">Dlatego te\u017c mo\u017cna postawi\u0107 tez\u0119, \u017ce projekt PSMde facto stanowi gw\u00f3\u017ad\u017a do trumny programu MGCS. Nowy niemiecki czo\u0142g jest wprowadzany bocznymi drzwiami i po cichu, aby odsun\u0105\u0107 w czasie wysoce prawdopodobne zako\u0144czenie jednego z flagowych europejskich (czytaj: francusko-niemieckich) projekt\u00f3w obronnych. Warto w tym miejscu odnotowa\u0107, \u017ce niedawno przemys\u0142 obronny W\u0142och nawi\u0105za\u0142 wsp\u00f3\u0142prac\u0119 z Rheinmetallem, by opracowa\u0107 i wdro\u017cy\u0107 dwie nowe platformy g\u0105sienicowe dla si\u0142 zbrojnych tego pa\u0144stwa: <a href=\"https:\/\/defence24.pl\/przemysl\/niemcy-i-wlochy-z-czolgiem-przyszlosci-zielone-swiatlo\" rel=\"nofollow noopener\" target=\"_blank\">czo\u0142g podstawowy<\/a> oraz <a href=\"https:\/\/defence24.pl\/przemysl\/wlochy-i-niemcy-ruszaja-z-produkcja-bwp-docelowo-ponad-1000\" rel=\"nofollow noopener\" target=\"_blank\">bojowy w\u00f3z piechoty<\/a>.<\/p>\n<p class=\"paragraph-module\">Po 8 latach od rozpocz\u0119cia projekt MGCS nie przyni\u00f3s\u0142 \u017cadnych praktycznych rezultat\u00f3w. Nie ma zatwierdzonych za\u0142o\u017ce\u0144 taktyczno-technicznych, faktycznego projektu, ani nawet jego zarysu. Powsta\u0142y jedynie grafiki koncepcyjne. Pierwotne priorytety programu mo\u017cna okre\u015bli\u0107 jako typowy <a href=\"https:\/\/defence24.pl\/przemysl\/gwiazda-smierci-europejski-czolg-przyszlosci-a-sprawa-polska\" rel=\"nofollow noopener\" target=\"_blank\">\u201esyndrom Gwiazdy \u015amierci\u201d<\/a>. Naturalnie spory polityczno-przemys\u0142owe oraz ambitne za\u0142o\u017cenia techniczne utrudni\u0142y realizacj\u0119 tego projektu.<\/p>\n<p>  <img  alt=\"Demonstrator technologii KF51-U.\" width=\"780\" author=\"Damian Ratka\/Defence24\" class=\"img image-with-caption__image\"\/><br \/>\n        Demonstrator technologii KF51-U.<br \/>\n       <br \/>Autor. Damian Ratka\/Defence24<\/p>\n<p class=\"paragraph-module\">Zreszt\u0105 na podobne bol\u0105czki cierpi program francusko-niemieckiego wielozadaniowego samolotu bojowego nowej generacji <a href=\"https:\/\/defence24.pl\/przemysl\/ostatnia-szansa-europejskiego-mysliwca-przyszlosci\" rel=\"nofollow noopener\" target=\"_blank\">SCAF<\/a> (fr. Syst\u00e8me de Combat A\u00e9rien Futur), okre\u015blany te\u017c skr\u00f3towcem <a href=\"https:\/\/defence24.pl\/przemysl\/koniec-europejskiego-mysliwca-przyszlosci-warunki-paryza\" rel=\"nofollow noopener\" target=\"_blank\">FCAS<\/a> (ang. Future Combat Air System). Tak\u017ce w tym projekcie dosz\u0142o do konfliktu pomi\u0119dzy stron\u0105 francusk\u0105 a niemieck\u0105. W sp\u00f3r zaanga\u017cowa\u0142y si\u0119 najwy\u017csze czynniki polityczne w obu pa\u0144stwach.<\/p>\n<p class=\"paragraph-module\">Tak naprawd\u0119 oba programy cierpi\u0105 na ten sam systemowy problem, kt\u00f3ry w \u015bwietle ambicji Francji i Niemiec jest niemo\u017cliwy do rozwi\u0105zania. Ani MGCS, ani SCAF\/FCAS nie maj\u0105 <a href=\"https:\/\/defence24.pl\/przemysl\/mysliwiec-szostej-generacji-francja-przygotowana-na-wlasna-inicjatywe\" rel=\"nofollow noopener\" target=\"_blank\">faktycznego lidera<\/a>. Ka\u017cdy z uczestnik\u00f3w chcia\u0142by przewodniczy\u0107 i mie\u0107 decyduj\u0105ce s\u0142owo w obu programach. Jednocze\u015bnie \u017cadna ze stron nie chce ust\u0105pi\u0107.<\/p>\n<p>  <img  alt=\"Demonstrator technologii EMBT.\" width=\"580\" author=\"Fot. Maksymilian Dura, J\u0119drzej Graf\/Defence24.pl\" class=\"img image-with-caption__image\"\/><br \/>\n        Demonstrator technologii EMBT.<br \/>\n       <br \/>Autor. Fot. Maksymilian Dura, J\u0119drzej Graf\/Defence24.pl<\/p>\n<p class=\"paragraph-module\">W przesz\u0142o\u015bci w Europie prowadzono <a href=\"https:\/\/defence24.pl\/przemysl\/polska-a-europejski-czolg-przyszlosci-historia-nie-pozostawia-zludzen-opinia\" rel=\"nofollow noopener\" target=\"_blank\">wiele program\u00f3w<\/a> podobnych do MGCS. Wszystkie zako\u0144czy\u0142y si\u0119 fiaskiem ze zbli\u017conych powod\u00f3w: braku jednoznacznego lidera projektu, ambicji uczestnik\u00f3w oraz nierealistycznych za\u0142o\u017ce\u0144 taktyczno-technicznych. Podobnie jak w programie MGCS przez lata nie udawa\u0142o si\u0119 osi\u0105gn\u0105\u0107 wymiernych rezultat\u00f3w, a szumne polityczne zapowiedzi okazywa\u0142y si\u0119 pust\u0105 retoryk\u0105.<\/p>\n<p class=\"paragraph-module\">Dla Rheinmetall wsp\u00f3\u0142praca z KNDS Deutschland to tak\u017ce du\u017ca szansa. Sp\u00f3\u0142ka z siedzib\u0105 w D\u00fcsseldorfie prowadzi projekt czo\u0142gu nowej generacji <a href=\"https:\/\/defence24.pl\/sily-zbrojne\/wlochy-odbuduja-swoje-wojska-pancerne\" rel=\"nofollow noopener\" target=\"_blank\">KF51 Panther<\/a>, cho\u0107 dot\u0105d nie opracowa\u0142a dla\u0144 odpowiedniego podwozia. W demonstratorach technologii KF51 Rheinmetall musia\u0142 ratowa\u0107 si\u0119 wykorzystaniem kad\u0142ub\u00f3w starych czo\u0142g\u00f3w Leopard 2A4 jako tymczasowych nosicieli dla swoich system\u00f3w wie\u017cowych. Teraz Rheinmetall ma szans\u0119 wykorzysta\u0107 nowsze rozwi\u0105zania od KNDS.<\/p>\n<p>  <img  alt=\"Francusko-niemiecki czo\u0142g EMBT z armat\u0105 ASCALON 140 kal. 140 mm.\" width=\"780\" author=\"Damian Ratka\/Defence24\" class=\"img image-with-caption__image\"\/><br \/>\n        Francusko-niemiecki czo\u0142g EMBT z armat\u0105 ASCALON 140 kal. 140 mm.<br \/>\n       <br \/>Autor. Damian Ratka\/Defence24<\/p>\n<p class=\"paragraph-module\">Rheinmetall dot\u0105d zak\u0142ada\u0142 opracowanie w\u0142asnego podwozia poprzez modyfikacj\u0119 kad\u0142uba wozu zabezpieczenia technicznego <a href=\"https:\/\/defence24.pl\/przemysl\/problem-bundeswehry-z-wozami-zabezpieczenia-technicznego\" rel=\"nofollow noopener\" target=\"_blank\">Bergepanzer 3 B\u00fcffel<\/a>. Za\u0142o\u017cenie to wynik\u0142o z faktu, \u017ce Rheinmetall nie posiada praw w\u0142asno\u015bci intelektualnej do korpusu kad\u0142uba Leoparda 2, a jedynie do WZT Bergepanzer 3. Realistyczne wydaje si\u0119 wi\u0119c za\u0142o\u017cenie, \u017ce w ramach konsorcjum PSM Rheinmetall odpowiada\u0107 b\u0119dzie za wie\u017c\u0119, a KNDS Deutschland za kad\u0142ub.<\/p>\n<p class=\"paragraph-module\">Wsp\u00f3\u0142praca Rheinmetall i KNDS Deutschland w ramach PSM mo\u017ce oznacza\u0107 powa\u017cne k\u0142opoty dla KNDS France. Sami Francuzi komunikuj\u0105, \u017ce zmarnowali mn\u00f3stwo czasu. Przemys\u0142 nad Sekwan\u0105 utraci\u0142 kluczowe kompetencje w wielu obszarach, cho\u0107by w produkcji zespo\u0142\u00f3w nap\u0119dowych. Si\u0142y Zbrojne Francji b\u0119d\u0105 mia\u0142y problem z utrzymaniem czo\u0142g\u00f3w <a href=\"https:\/\/defence24.pl\/sily-zbrojne\/pancerna-duma-francji-amx-leclerc-cz-1-czolgiem\" rel=\"nofollow noopener\" target=\"_blank\">Leclerc F1<\/a> w d\u0142ugim terminie. Potrzebuj\u0105 wi\u0119c projektu nowego <a href=\"https:\/\/defence24.pl\/sily-zbrojne\/pancerna-duma-francji-amx-leclerc-cz-2-czolgiem\" rel=\"nofollow noopener\" target=\"_blank\">czo\u0142gu podstawowego<\/a>, kt\u00f3ry przyni\u00f3s\u0142by pierwsze owoce w postaci prototypu w perspektywie oko\u0142o dekady.<\/p>\n<p>  <img  alt=\"Prototypowy czo\u0142g podstawowy KF51.\" width=\"580\" author=\"Rheinmetall\" class=\"img image-with-caption__image\"\/><br \/>\n        Prototypowy czo\u0142g podstawowy KF51.<br \/>\n       <br \/>Autor. Rheinmetall<\/p>\n<p class=\"paragraph-module\">Kropk\u0119 nad \u201ei\u201d stanowi fakt, \u017ce w Stanach Zjednoczonych u\u017cytkownikowi dostarczono ju\u017c pierwszy prototyp <a href=\"https:\/\/defence24.pl\/sily-zbrojne\/ausa-2025-abrams-nowej-generacji-przyspiesza\" rel=\"nofollow noopener\" target=\"_blank\">czo\u0142gu nowej generacji<\/a>. Kolejne zostan\u0105 przekazane do test\u00f3w w 2026 roku, cho\u0107 formalnie USA rozpocz\u0119\u0142y sw\u00f3j najnowszy program pancerny o wiele p\u00f3\u017aniej, bo w 2023 roku, czyli 6 lat po tym, gdy Niemcy i Francja uruchomi\u0142y projekt MGCS. Tak\u017ce Chiny znacznie przyspieszy\u0142y tempo prac nad <a href=\"https:\/\/defence24.pl\/przemysl\/nowy-chinski-czolg-i-bwp-beda-zdobywac-tajwan\" rel=\"nofollow noopener\" target=\"_blank\">platformami g\u0105sienicowymi<\/a> nowej generacji. Plotki o \u015bmierci czo\u0142gu podstawowego po raz kolejny okaza\u0142y si\u0119 przesadzone.<\/p>\n<p>    <script async src=\"https:\/\/platform.twitter.com\/widgets.js\" charset=\"utf-8\"><\/script><\/p>\n","protected":false},"excerpt":{"rendered":"WIADOMO\u015aCI KOMENTARZ OPINIA Damian Ratka Wygl\u0105da na to, \u017ce francusko-niemiecki program czo\u0142gu przysz\u0142o\u015bci o nazwie Main Ground Combat&hellip;\n","protected":false},"author":2,"featured_media":154828,"comment_status":"","ping_status":"","sticky":false,"template":"","format":"standard","meta":{"footnotes":""},"categories":[14],"tags":[30952,2762,32,33,30948,30941,189,5261,96,27,30951,30936,30957,30942,30937,30955,30944,34,35,30947,30946,30945,28,31,25,30943,295,895,30958,40,41,30956,12115,30953,80,29,30,26,82,83,84,30950,30949,30954],"class_list":{"0":"post-154827","1":"post","2":"type-post","3":"status-publish","4":"format-standard","5":"has-post-thumbnail","7":"category-swiat","8":"tag-bergepanzer-3","9":"tag-berlin","10":"tag-breaking-news","11":"tag-breakingnews","12":"tag-czolg-podstawowy","13":"tag-czolgi-podstawowe","14":"tag-europa","15":"tag-fcas","16":"tag-francja","17":"tag-headlines","18":"tag-kf41-lynx","19":"tag-kf51-panther","20":"tag-kf51-u-panther","21":"tag-kmw","22":"tag-knds-deutschland","23":"tag-knds-france","24":"tag-krauss-maffei-wegmann","25":"tag-latest-news","26":"tag-latestnews","27":"tag-leclerc","28":"tag-leopard-2","29":"tag-mgcs","30":"tag-naglowki","31":"tag-najwazniejsze-artykuly","32":"tag-news","33":"tag-nexter","34":"tag-niemcy","35":"tag-paryz","36":"tag-platforma-gasienicowa","37":"tag-polish","38":"tag-polski","39":"tag-psm-projekt-system-management","40":"tag-rheinmetall","41":"tag-scaf","42":"tag-swiat","43":"tag-top-stories","44":"tag-topstories","45":"tag-wiadomosci","46":"tag-world","47":"tag-world-news","48":"tag-worldnews","49":"tag-wspolpraca-obronna","50":"tag-wspolpraca-przemyslowa","51":"tag-wspolpraca-zbrojeniowa"},"share_on_mastodon":{"url":"","error":"Validation failed: Text character limit of 500 exceeded"},"_links":{"self":[{"href":"https:\/\/www.europesays.com\/pl\/wp-json\/wp\/v2\/posts\/154827","targetHints":{"allow":["GET"]}}],"collection":[{"href":"https:\/\/www.europesays.com\/pl\/wp-json\/wp\/v2\/posts"}],"about":[{"href":"https:\/\/www.europesays.com\/pl\/wp-json\/wp\/v2\/types\/post"}],"author":[{"embeddable":true,"href":"https:\/\/www.europesays.com\/pl\/wp-json\/wp\/v2\/users\/2"}],"replies":[{"embeddable":true,"href":"https:\/\/www.europesays.com\/pl\/wp-json\/wp\/v2\/comments?post=154827"}],"version-history":[{"count":0,"href":"https:\/\/www.europesays.com\/pl\/wp-json\/wp\/v2\/posts\/154827\/revisions"}],"wp:featuredmedia":[{"embeddable":true,"href":"https:\/\/www.europesays.com\/pl\/wp-json\/wp\/v2\/media\/154828"}],"wp:attachment":[{"href":"https:\/\/www.europesays.com\/pl\/wp-json\/wp\/v2\/media?parent=154827"}],"wp:term":[{"taxonomy":"category","embeddable":true,"href":"https:\/\/www.europesays.com\/pl\/wp-json\/wp\/v2\/categories?post=154827"},{"taxonomy":"post_tag","embeddable":true,"href":"https:\/\/www.europesays.com\/pl\/wp-json\/wp\/v2\/tags?post=154827"}],"curies":[{"name":"wp","href":"https:\/\/api.w.org\/{rel}","templated":true}]}}