{"id":154829,"date":"2025-12-16T21:18:15","date_gmt":"2025-12-16T21:18:15","guid":{"rendered":"https:\/\/www.europesays.com\/pl\/154829\/"},"modified":"2025-12-16T21:18:15","modified_gmt":"2025-12-16T21:18:15","slug":"sprawa-ginekolog-gizeli-jagielskiej-i-prezes-sadu-najwyzszego-interweniuje-2","status":"publish","type":"post","link":"https:\/\/www.europesays.com\/pl\/154829\/","title":{"rendered":"Sprawa ginekolog Gizeli Jagielskiej. I prezes S\u0105du Najwy\u017cszego interweniuje"},"content":{"rendered":"<p class=\"Paragraph_desktopParagraph__U31Gm\">Rzeczniczka Prokuratury Okr\u0119gowej we Wroc\u0142awiu prok. Karolina Stocka-Mycek powiedzia\u0142 PAP, \u017ce I prezes SN Ma\u0142gorzata Manowska z\u0142o\u017cy\u0142a do Prokuratury Rejonowej w Ole\u015bnicy wniosek o odpis decyzji o umorzeniu \u015bledztwa w sprawie ginekolog Gizeli Jagielski oraz za\u017calenie na t\u0119 decyzj\u0119. \u2014 Wniosek i za\u017calenie nie zosta\u0142y jeszcze rozpatrzone \u2014 powiedzia\u0142a PAP prok. Stocka-Mycek.<\/p>\n<p class=\"VideoPlayerText_videoPlayerText__iDwyz\">Dalszy ci\u0105g materia\u0142u pod wideo<\/p>\n<ul class=\"OchatFollowUps_wrapper__1ry7X\">\n<li class=\"OchatFollowUps_item__Dhyly OchatFollowUps_itemDesktop__R6aBv\">Jakie decyzje podj\u0119\u0142a I prezes S\u0105du Najwy\u017cszego w sprawie Gizeli Jagielskiej?<\/li>\n<li class=\"OchatFollowUps_item__Dhyly OchatFollowUps_itemDesktop__R6aBv\">Co zawiera\u0142o za\u017calenie I prezes SN?<\/li>\n<li class=\"OchatFollowUps_item__Dhyly OchatFollowUps_itemDesktop__R6aBv\">Jakie zarzuty postawiono Grzegorzowi Braunowi?<\/li>\n<li class=\"OchatFollowUps_item__Dhyly OchatFollowUps_itemDesktop__R6aBv\">Kiedy rozpocz\u0119to \u015bledztwo w sprawie ginekolog Gizeli Jagielskiej?<\/li>\n<\/ul>\n<p>\u015aledztwo w sprawie ginekolog i g\u0142o\u015bna &#8222;zatrzymanie obywatelskie&#8221; <\/p>\n<p class=\"Paragraph_desktopParagraph__U31Gm\">Post\u0119powanie prowadzone przez Prokuratur\u0119 Rejonow\u0105 w Ole\u015bnicy w sprawie ginekolog z tamtejszego szpitala zosta\u0142o wszcz\u0119te na pocz\u0105tku roku. Podj\u0119to je po doniesieniach medialnych, w kt\u00f3rych podnoszono, \u017ce w szpitalu w Ole\u015bnicy dosz\u0142o do sprzecznego z prawem przeprowadzenia zabiegu przerwania ci\u0105\u017cy \u2014 przypomnia\u0142a prok. Stocka-Mycek. W zwi\u0105zku z tymi informacjami 16 kwietnia europose\u0142 Grzegorz Braun pr\u00f3bowa\u0142 w szpitalu w Ole\u015bnicy dokona\u0107 &#8222;zatrzymania obywatelskiego&#8221; pracuj\u0105cej tam ginekolo\u017cki Gizeli Jagielskiej.<\/p>\n<p class=\"Paragraph_desktopParagraph__U31Gm\"><a href=\"https:\/\/www.fakt.pl\/wydarzenia\/polska\/wroclaw\/sledztwo-ws-aborcji-w-9-miesiacu-ciazy-prokuratura-podjela-decyzje\/5v30zf7\" id=\"06e5150c-5ad1-4a01-b5e9-9ce4702bc66b\" rel=\"nofollow noopener\" target=\"_blank\">W ubieg\u0142ym tygodniu rzecznika Prokuratury Okr\u0119gowej we Wroc\u0142awiu poinformowa\u0142a, \u017ce \u015bledztwo w sprawie przeprowadzenia w ole\u015bnickim szpitalu aborcji z naruszeniem prawa przez lekark\u0119 Gizel\u0119 Jagielsk\u0105 zosta\u0142o umorzone<\/a>. Wed\u0142ug prokuratury przerwanie ci\u0105\u017cy przez lekark\u0119 29 pa\u017adziernika 2024 r. w Powiatowym Zespole Szpitali w Ole\u015bnicy oraz inne jej dzia\u0142ania zwi\u0105zane z t\u0105 procedur\u0105 nie mia\u0142y &#8222;znamion czynu zabronionego&#8221;.<\/p>\n<p class=\"Paragraph_desktopParagraph__U31Gm\">W sprawie Grzegorza Brauna i jego pr\u00f3by &#8222;zatrzymania obywatelskiego&#8221; prowadzone jest \u015bledztwo w Prokuraturze Okr\u0119gowej we Wroc\u0142awiu. W listopadzie tego roku Braunowi zosta\u0142 uchylony przez PE immunitet, co otwiera prokuraturze drog\u0119 do postawienia mu zarzut\u00f3w.<\/p>\n<p class=\"Paragraph_desktopParagraph__U31Gm\">Zarzuty prokuratury wobec Brauna maj\u0105 dotyczy\u0107 m.in. bezprawnego pozbawienia wolno\u015bci lekarki w szpitalu w Ole\u015bnicy, naruszenia jej nietykalno\u015bci cielesnej (poprzez popychanie i przytrzymywanie r\u0119koma), zniewa\u017cenia s\u0142ownego podczas wykonywania przez ni\u0105 obowi\u0105zk\u00f3w s\u0142u\u017cbowych, a tak\u017ce pom\u00f3wienia jej o dzia\u0142ania mog\u0105ce podwa\u017cy\u0107 zaufanie do zawodu lekarza.<\/p>\n<p>Afera z udzia\u0142em Grzegorza Brauna <\/p>\n<p class=\"Paragraph_desktopParagraph__U31Gm\">16 kwietnia Grzegorz Braun wtargn\u0105\u0142 do Powiatowego Zespo\u0142u Szpitala w Ole\u015bnicy i pr\u00f3bowa\u0142 uniemo\u017cliwi\u0107 prac\u0119 ginekolo\u017cce Gizeli Jagielskiej, kt\u00f3ra przeprowadzi\u0142a &#8222;indukcj\u0119 asystolii p\u0142odu&#8221; (wbicie ig\u0142y do serca z podaniem chlorku potasu). Jak m\u00f3wi\u0142, dokonywa\u0142 &#8222;obywatelskiego zatrzymania&#8221;. Lekarka, relacjonuj\u0105c PAP, co wydarzy\u0142o si\u0119 w ole\u015bnickim szpitalu, powiedzia\u0142a m.in., \u017ce Braun wtargn\u0105\u0142 do dzia\u0142u administracyjnego, zagrodzi\u0142 jej drog\u0119 i zamkn\u0105\u0142 w pomieszczeniu administracyjnym.<\/p>\n<p class=\"Paragraph_desktopParagraph__U31Gm\">W \u015bledztwie prowadzonym przez wroc\u0142awsk\u0105 prokuratur\u0119 do tej pory postawiono zarzuty dzia\u0142aczce Konfederacji Korony Polskiej Marcie Cz. Odpowie ona za pozbawienie wolno\u015bci lekarki Gizeli Jagielskiej, poprzez uniemo\u017cliwienie jej opuszczenia gabinetu lekarskiego w szpitalu w Ole\u015bnicy podczas &#8222;obywatelskiego zatrzymania&#8221; dokonywanego przez Brauna. \u015aledczy zarzucaj\u0105 r\u00f3wnie\u017c dzia\u0142aczce Konfederacji Korony Polskiej, \u017ce naruszy\u0142a nietykalno\u015b\u0107 cielesn\u0105 lekarki poprzez jej przytrzymywanie r\u0119kami, podczas i w zwi\u0105zku z pe\u0142nieniem przez ni\u0105 obowi\u0105zk\u00f3w s\u0142u\u017cbowych lekarza.<\/p>\n<p class=\"Paragraph_desktopParagraph__U31Gm\">O tym, \u017ce I prezes S\u0105du Najwy\u017cszego z\u0142o\u017cy\u0142a za\u017calenie nad decyzj\u0119 ole\u015bnickiej prokuratury o umorzeniu \u015bledztwa w sprawie Gizeli Jagielskiej, pierwsze poinformowa\u0142o Radio WNET.<\/p>\n","protected":false},"excerpt":{"rendered":"Rzeczniczka Prokuratury Okr\u0119gowej we Wroc\u0142awiu prok. Karolina Stocka-Mycek powiedzia\u0142 PAP, \u017ce I prezes SN Ma\u0142gorzata Manowska z\u0142o\u017cy\u0142a do&hellip;\n","protected":false},"author":2,"featured_media":154830,"comment_status":"","ping_status":"","sticky":false,"template":"","format":"standard","meta":{"footnotes":""},"categories":[12],"tags":[10123,32,33,36,37,7514,27,67,34,35,790,28,31,53,25,6854,52,68,51,55,42,38,40,39,41,47,29,30,65,50,26],"class_list":{"0":"post-154829","1":"post","2":"type-post","3":"status-publish","4":"format-standard","5":"has-post-thumbnail","7":"category-polska","8":"tag-aborcja_usuwanie_ciazy","9":"tag-breaking-news","10":"tag-breakingnews","11":"tag-featured-news","12":"tag-featurednews","13":"tag-grzegorz_braun_polityk_rezyser","14":"tag-headlines","15":"tag-intextvideo_splayer","16":"tag-latest-news","17":"tag-latestnews","18":"tag-malgorzata_manowska","19":"tag-naglowki","20":"tag-najwazniejsze-artykuly","21":"tag-new_header","22":"tag-news","23":"tag-olesnica","24":"tag-onet3","25":"tag-onet3d","26":"tag-onet3d_2i","27":"tag-phx","28":"tag-pl","29":"tag-poland","30":"tag-polish","31":"tag-polska","32":"tag-polski","33":"tag-screening_general","34":"tag-top-stories","35":"tag-topstories","36":"tag-update_me","37":"tag-v2021","38":"tag-wiadomosci"},"share_on_mastodon":{"url":"","error":""},"_links":{"self":[{"href":"https:\/\/www.europesays.com\/pl\/wp-json\/wp\/v2\/posts\/154829","targetHints":{"allow":["GET"]}}],"collection":[{"href":"https:\/\/www.europesays.com\/pl\/wp-json\/wp\/v2\/posts"}],"about":[{"href":"https:\/\/www.europesays.com\/pl\/wp-json\/wp\/v2\/types\/post"}],"author":[{"embeddable":true,"href":"https:\/\/www.europesays.com\/pl\/wp-json\/wp\/v2\/users\/2"}],"replies":[{"embeddable":true,"href":"https:\/\/www.europesays.com\/pl\/wp-json\/wp\/v2\/comments?post=154829"}],"version-history":[{"count":0,"href":"https:\/\/www.europesays.com\/pl\/wp-json\/wp\/v2\/posts\/154829\/revisions"}],"wp:featuredmedia":[{"embeddable":true,"href":"https:\/\/www.europesays.com\/pl\/wp-json\/wp\/v2\/media\/154830"}],"wp:attachment":[{"href":"https:\/\/www.europesays.com\/pl\/wp-json\/wp\/v2\/media?parent=154829"}],"wp:term":[{"taxonomy":"category","embeddable":true,"href":"https:\/\/www.europesays.com\/pl\/wp-json\/wp\/v2\/categories?post=154829"},{"taxonomy":"post_tag","embeddable":true,"href":"https:\/\/www.europesays.com\/pl\/wp-json\/wp\/v2\/tags?post=154829"}],"curies":[{"name":"wp","href":"https:\/\/api.w.org\/{rel}","templated":true}]}}