{"id":154834,"date":"2025-12-16T21:21:12","date_gmt":"2025-12-16T21:21:12","guid":{"rendered":"https:\/\/www.europesays.com\/pl\/154834\/"},"modified":"2025-12-16T21:21:12","modified_gmt":"2025-12-16T21:21:12","slug":"sandra-kubicka-zmienia-miejsce-zamieszkania-nikt-nikogo-nie-wyrzucil","status":"publish","type":"post","link":"https:\/\/www.europesays.com\/pl\/154834\/","title":{"rendered":"Sandra Kubicka zmienia miejsce zamieszkania. &#8222;Nikt nikogo nie wyrzuci\u0142&#8221;"},"content":{"rendered":"<p class=\"ods-c-paragraph \">10 grudnia media obieg\u0142a wiadomo\u015b\u0107, \u017ce w listopadzie do jednego z warszawskich s\u0105d\u00f3w wp\u0142yn\u0105\u0142 kolejny pozew rozwodowy <a href=\"https:\/\/plejada.pl\/temat\/sandra-kubicka\/cdfldwm\" id=\"387081cf-258c-4f13-a50d-179cfccf2361\" rel=\"nofollow noopener\" target=\"_blank\">Sandry Kubickiej<\/a> i <a href=\"https:\/\/plejada.pl\/temat\/aleksander-milwiw-baron\/gl690tt\" id=\"1e752e6f-665f-401b-8f2e-99466fdef16b\" rel=\"nofollow noopener\" target=\"_blank\">Aleksandra Milwiw-Barona<\/a>. Mimo wcze\u015bniejszych pr\u00f3b ratowania ma\u0142\u017ce\u0144stwa i wycofania jednego wniosku celebrytka postanowi\u0142a z\u0142o\u017cy\u0107 kolejny. <a href=\"https:\/\/plejada.pl\/newsy\/gruchnely-wiadomosci-o-rozwodzie-sandry-kubickiej-i-barona-gwiazda-zabrala-glos\/cjnz1jv\" id=\"1e3f3aa8-3cb6-494b-ba87-8a2704ca9ebe\" rel=\"nofollow noopener\" target=\"_blank\">Sama niekoniecznie publicznie chce komentowa\u0107 \u017cyciowe rewolucje.<\/a><\/p>\n<p>Dalszy ci\u0105g artyku\u0142u pod materia\u0142em wideo<\/p>\n<p> Dlaczego Sandra Kubicka si\u0119 przeprowadza? <\/p>\n<p> Czy Sandra Kubicka i Aleksander Milwiw-Baron s\u0105 w\u0142a\u015bcicielami swojego domu? <\/p>\n<p> Jakie zmiany Sandra Kubicka planuje w nowym mieszkaniu? <\/p>\n<p> Czy przeprowadzka Sandry Kubickiej ma zwi\u0105zek z rozwodem? <\/p>\n<p>  Sandra Kubicka si\u0119 przeprowadza<\/p>\n<p class=\"ods-c-paragraph \">Co ciekawe, trzy dni p\u00f3\u017aniej Baron obchodzi\u0142 42. urodziny. Z tej okazji Kubicka publicznie z\u0142o\u017cy\u0142a mu \u017cyczenia, a <a href=\"https:\/\/plejada.pl\/newsy\/baron-zaskoczyl-kolejnym-wpisem-po-plotkach-o-rozwodzie-tak-obecnie-sie-czuje\/rjl4h3h\" id=\"7be00eb2-c77e-4944-8d5f-5c159dc4517e\" rel=\"nofollow noopener\" target=\"_blank\">on pokaza\u0142, jak rodzinnie sp\u0119dzaj\u0105 ten wyj\u0105tkowy czas<\/a>. Tymczasem celebrytka poinformowa\u0142a w swoich mediach spo\u0142eczno\u015bciowych, \u017ce opuszcza dom, w kt\u00f3rym mieszka\u0142a z m\u0119\u017cem oraz dzieckiem i przenosi si\u0119 do mieszkania.<\/p>\n<blockquote class=\"ods-o-quota\">\n<p class=\"ods-o-quota__paragraph\">&#8222;Pewnie si\u0119 domy\u015blacie, widzicie, \u017ce otoczenie si\u0119 zmieni\u0142o. B\u0119d\u0119 nagrywa\u0107 wsp\u00f3\u0142prace reklamowe cz\u0119\u015bciej st\u0105d. To jest moje nowe mieszkanie. Nikt nikogo nie wyrzuci\u0142, od razu tutaj ucinam wszystkie spekulacje, jakie\u015b wymys\u0142y, Wszystko jest okej. Nadal jeste\u015bmy w\u0142a\u015bcicielami domu&#8221;<\/p>\n<\/blockquote>\n<p class=\"ods-c-paragraph \">\u2014 powiedzia\u0142a na InstaStories.<\/p>\n<p><img decoding=\"async\" src=\"https:\/\/www.europesays.com\/pl\/wp-content\/uploads\/2025\/12\/sU6k9lBaHR0cHM6Ly9vY2RuLmV1L3B1bHNjbXMvTURBXy9iNDlkOGNhMTUxYmMwMDQ2NmUxNDE0ODgwYzBkNWEwNS5qcGeRlQLNA.jpeg\" height=\"529\" width=\"940\" alt=\"Sandra Kubicka\" loading=\"lazy\" class=\"ods-c-image__img ods-c-image__img--vertical\"\/><\/p>\n<p>Sandra KubickaMW Media<\/p>\n<p class=\"ods-c-paragraph \">Jak te\u017c doda\u0142a, na razie kursuje mi\u0119dzy domem a mieszkaniem, kt\u00f3re jeszcze wymaga dopracowania niekt\u00f3rych szczeg\u00f3\u0142\u00f3w. Kubicka podkre\u015bli\u0142a te\u017c, \u017ce to ona podj\u0119\u0142a decyzj\u0119 o przeprowadzce i zdradzi\u0142a dlaczego.<\/p>\n<blockquote class=\"ods-o-quota\">\n<p class=\"ods-o-quota__paragraph\">&#8222;Ja tam je\u017cd\u017c\u0119, kursuj\u0119, sobie powoli przygotowuj\u0119 to mieszkanie, bo dopiero jest \u015bwie\u017ce po remoncie, jeszcze pachnie farb\u0105. Robi\u0119 pok\u00f3j Leosiowi, musz\u0119 tapet\u0119 mu tam naklei\u0107, rozpakowuj\u0119, przygotowuj\u0119 garderob\u0119, nie \u015bpieszy mi si\u0119. Natomiast b\u0119dziecie widzie\u0107 wsp\u00f3\u0142prac\u0119 st\u0105d, to jest normalne. No, ale nikt nikogo nie wyrzuci\u0142, nic si\u0119 nie dzieje. To by\u0142a moja decyzja, \u017ce chc\u0119 na \u015bwie\u017co&#8221;<\/p>\n<\/blockquote>\n<p class=\"ods-c-paragraph \">\u2014 doda\u0142a na instagramowej relacji.<\/p>\n<p><img decoding=\"async\" src=\"https:\/\/www.europesays.com\/pl\/wp-content\/uploads\/2025\/12\/USQk9lBaHR0cHM6Ly9vY2RuLmV1L3B1bHNjbXMvTURBXy8zNWFhYTU4MDRlYzE3NWQzYzA3ZTg0YTRlY2I1MzgzNS5wbmeRlQLNA.jpeg\" height=\"529\" width=\"940\" alt=\"Sandra Kubicka przeprowadza si\u0119\" loading=\"lazy\" class=\"ods-c-image__img ods-c-image__img--vertical\"\/><\/p>\n<p>Sandra Kubicka przeprowadza si\u0119instagram.com\/sandrakubicka\/ \/ Matria\u0142y &#8222;Na prawach cytatu&#8221;<\/p>\n<p> <img decoding=\"async\" src=\"https:\/\/www.europesays.com\/pl\/wp-content\/uploads\/2025\/12\/-7vk9lBaHR0cHM6Ly9vY2RuLmV1L3B1bHNjbXMvTURBXy8wNGU5NThjODU5YzcwZDY4MjliOTI0YjMyZDljYjU3MC5wbmeSlQMAA.jpeg\" height=\"529\" width=\"940\" alt=\"Sandra Kubicka o powodach przeprowadzki\" loading=\"lazy\" class=\"ods-c-image__img ods-c-image__img--vertical\"\/><\/p>\n<p>Sandra Kubicka o powodach przeprowadzkiinstagram.com\/sandrakubicka\/ \/ Matria\u0142y &#8222;Na prawach cytatu&#8221;<\/p>\n<p class=\"ods-c-paragraph \">Dzi\u0119kujemy, \u017ce przeczyta\u0142a\u015b\/e\u015b nasz artyku\u0142 do ko\u0144ca. W serwisie Plejada.pl ka\u017cdego dnia piszemy o najwa\u017cniejszych wydarzeniach show-biznesowych. B\u0105d\u017a na bie\u017c\u0105co! <a rel=\"nofollow noopener\" href=\"https:\/\/news.google.com\/publications\/CAAiEF0PeAlb7W1llpV_mwV2rL4qFAgKIhBdD3gJW-1tZZaVf5sFdqy-?hl=pl&amp;gl=PL&amp;ceid=PL%3Apl\" id=\"8f263f44-721d-427e-b487-b511702b6369\" target=\"_blank\">Obserwuj<\/a> Plejad\u0119 w Wiadomo\u015bciach Google. Odwied\u017a nas tak\u017ce na <a rel=\"nofollow noopener\" href=\"https:\/\/www.facebook.com\/plejadapl\" id=\"75de8a00-dba0-4776-91c5-f73fca6cfd8b\" target=\"_blank\">Facebooku<\/a>, <a rel=\"nofollow noopener\" href=\"https:\/\/www.instagram.com\/plejadapl\/\" id=\"81cca82d-8ce8-4b99-88a3-fb0ae556c8ad\" target=\"_blank\">Instagramie<\/a>, <a rel=\"nofollow noopener\" href=\"https:\/\/www.youtube.com\/c\/plejada\" id=\"a7ce42a5-e2b4-423e-89ff-c67e10e48967\" target=\"_blank\">YouTubie<\/a> oraz <a rel=\"nofollow noopener\" href=\"https:\/\/www.tiktok.com\/@plejada_pl\" id=\"3bb760f2-1a1c-4528-9e25-dc0013b0f910\" target=\"_blank\">TikToku<\/a>.<\/p>\n<p class=\"ods-c-paragraph \">Chcesz podzieli\u0107 si\u0119 ciekawym newsem lub zaproponowa\u0107 temat? Skontaktuj si\u0119 z nami, pisz\u0105c maila na adres: <a rel=\"nofollow noopener\" href=\"https:\/\/plejada.pl\/newsy\/sandra-kubicka-zmienia-miejsce-zamieszkania-nikt-nikogo-nie-wyrzucil\/mailto:plejada@redakcjaonet.pl\" id=\"1e29e68e-3956-4dee-8d3e-bfdfba4fea14\" target=\"_blank\">plejada@redakcjaonet.pl<\/a>.<\/p>\n<p><script async src=\"\/\/www.instagram.com\/embed.js\"><\/script><script async src=\"\/\/www.tiktok.com\/embed.js\"><\/script><\/p>\n","protected":false},"excerpt":{"rendered":"10 grudnia media obieg\u0142a wiadomo\u015b\u0107, \u017ce w listopadzie do jednego z warszawskich s\u0105d\u00f3w wp\u0142yn\u0105\u0142 kolejny pozew rozwodowy Sandry&hellip;\n","protected":false},"author":2,"featured_media":154835,"comment_status":"","ping_status":"","sticky":false,"template":"","format":"standard","meta":{"footnotes":""},"categories":[22],"tags":[2993,122,48,125,46,42,38,40,39,41,25865,123,2992,47],"class_list":{"0":"post-154834","1":"post","2":"type-post","3":"status-publish","4":"format-standard","5":"has-post-thumbnail","7":"category-rozrywka","8":"tag-aleksander_milwiw_baron","9":"tag-entertainment","10":"tag-nat_styl","11":"tag-newsy","12":"tag-omp","13":"tag-pl","14":"tag-poland","15":"tag-polish","16":"tag-polska","17":"tag-polski","18":"tag-rebrand_ai_tst0","19":"tag-rozrywka","20":"tag-sandra_kubicka","21":"tag-screening_general"},"share_on_mastodon":{"url":"https:\/\/pubeurope.com\/@pl\/115731345183671248","error":""},"_links":{"self":[{"href":"https:\/\/www.europesays.com\/pl\/wp-json\/wp\/v2\/posts\/154834","targetHints":{"allow":["GET"]}}],"collection":[{"href":"https:\/\/www.europesays.com\/pl\/wp-json\/wp\/v2\/posts"}],"about":[{"href":"https:\/\/www.europesays.com\/pl\/wp-json\/wp\/v2\/types\/post"}],"author":[{"embeddable":true,"href":"https:\/\/www.europesays.com\/pl\/wp-json\/wp\/v2\/users\/2"}],"replies":[{"embeddable":true,"href":"https:\/\/www.europesays.com\/pl\/wp-json\/wp\/v2\/comments?post=154834"}],"version-history":[{"count":0,"href":"https:\/\/www.europesays.com\/pl\/wp-json\/wp\/v2\/posts\/154834\/revisions"}],"wp:featuredmedia":[{"embeddable":true,"href":"https:\/\/www.europesays.com\/pl\/wp-json\/wp\/v2\/media\/154835"}],"wp:attachment":[{"href":"https:\/\/www.europesays.com\/pl\/wp-json\/wp\/v2\/media?parent=154834"}],"wp:term":[{"taxonomy":"category","embeddable":true,"href":"https:\/\/www.europesays.com\/pl\/wp-json\/wp\/v2\/categories?post=154834"},{"taxonomy":"post_tag","embeddable":true,"href":"https:\/\/www.europesays.com\/pl\/wp-json\/wp\/v2\/tags?post=154834"}],"curies":[{"name":"wp","href":"https:\/\/api.w.org\/{rel}","templated":true}]}}