{"id":154838,"date":"2025-12-16T21:24:08","date_gmt":"2025-12-16T21:24:08","guid":{"rendered":"https:\/\/www.europesays.com\/pl\/154838\/"},"modified":"2025-12-16T21:24:08","modified_gmt":"2025-12-16T21:24:08","slug":"zamykala-meza-w-kojcu-dla-psow-i-polewala-wrzatkiem","status":"publish","type":"post","link":"https:\/\/www.europesays.com\/pl\/154838\/","title":{"rendered":"Zamyka\u0142a m\u0119\u017ca w kojcu dla ps\u00f3w i polewa\u0142a wrz\u0105tkiem"},"content":{"rendered":"<p class=\"Paragraph_desktopParagraph__U31Gm\">Ta historia zacz\u0119\u0142a si\u0119 niewinnie. 47-letnia Belgijka Anna V., kt\u00f3ra od lat mieszka\u0142a w male\u0144kim Bouwel i by\u0142a dobrze znana s\u0105siadom, by\u0142a w zwi\u0105zku z 48-letnim Belgiem (jego dane zosta\u0142y utajnione), tak\u017ce pochodz\u0105cym z tych okolic. Kobieta zajmowa\u0142a si\u0119 hodowl\u0105 kosztownych piesk\u00f3w rasy chihuahua. M\u0119\u017cczyzna by\u0142 bezrobotny, mia\u0142 d\u0142ugi, jego sytuacj\u0119 na rynku pracy pogarsza\u0142 brak wykszta\u0142cenia i prawie analfabetyzm. Para by\u0142a ze sob\u0105 na tyle szcz\u0119\u015bliwa, \u017ce postanowili si\u0119 pobra\u0107. Zostali ma\u0142\u017ce\u0144stwem w sierpniu 2024 r. Zamieszkali w domu Anny V. Ich plan na \u017cycie przewidywa\u0142 utrzymywanie si\u0119 z hodowli piesk\u00f3w, kt\u00f3rymi mia\u0142 si\u0119 opiekowa\u0107 przede wszystkim m\u0105\u017c.<\/p>\n<ul class=\"OchatFollowUps_wrapper__1ry7X\">\n<li class=\"OchatFollowUps_item__Dhyly OchatFollowUps_itemDesktop__R6aBv\">Co si\u0119 sta\u0142o z m\u0119\u017cem Anny V. po jego ucieczce?<\/li>\n<li class=\"OchatFollowUps_item__Dhyly OchatFollowUps_itemDesktop__R6aBv\">Jakie tortury znosi\u0142 m\u0105\u017c Anny V.?<\/li>\n<li class=\"OchatFollowUps_item__Dhyly OchatFollowUps_itemDesktop__R6aBv\">Ile ps\u00f3w mia\u0142a para w swojej hodowli?<\/li>\n<li class=\"OchatFollowUps_item__Dhyly OchatFollowUps_itemDesktop__R6aBv\">Jaki wyrok wnioskowany jest dla Anny V.?<\/li>\n<\/ul>\n<p class=\"Paragraph_desktopParagraph__U31Gm\">Jeszcze rok temu para posiada\u0142a 10 sztuk chihuahua, przede wszystkim suczek. Suczka powinna mie\u0107 uko\u0144czony co najmniej rok, a najlepiej dwa-trzy lata, aby by\u0142a w pe\u0142ni dojrza\u0142a i wydawa\u0142a na \u015bwiat zdrowe pieski. Ci\u0105\u017ca u malutkich chihuahua trwa \u015brednio 58-70 dni, czyli oko\u0142o dw\u00f3ch miesi\u0119cy. W miocie bywa od jednego do pi\u0119ciu szczeni\u0105t. Por\u00f3d u tego pieska miniaturki bywa bardzo trudny, trwa nawet do 36 godzin, wymaga asysty, aby suczka i jej szczeni\u0119ta prze\u017cy\u0142y. Potem pieski tak\u017ce wymagaj\u0105 ci\u0105g\u0142ej opieki i piel\u0119gnacji, s\u0105 bardzo delikatne.<\/p>\n<p class=\"Paragraph_desktopParagraph__U31Gm\">Tymczasem ju\u017c podczas miesi\u0105ca miodowego m\u0105\u017c pope\u0142ni\u0142 powa\u017cne b\u0142\u0119dy przy piel\u0119gnacji, czym doprowadzi\u0142 \u017con\u0119 do w\u015bciek\u0142o\u015bci. Cho\u0107 by\u0142 to postawny m\u0119\u017cczyzn\u0105, kobieta ogarni\u0119ta furi\u0105 zdo\u0142a\u0142a go pobi\u0107, zamkn\u0105\u0107 w kojcu dla zwierz\u0105t i pola\u0107 wrz\u0105tkiem. To by\u0142 pocz\u0105tek horroru. Do obowi\u0105zk\u00f3w m\u0119\u017ca nale\u017ca\u0142a dba\u0142o\u015b\u0107 o czysto\u015b\u0107 w psich klatkach, czesanie ka\u017cdego pieska, usuwanie odchod\u00f3w, a potem szorowanie zabrudzonych powierzchni \u015brodkami \u017cr\u0105cymi, aby zabi\u0107 ewentualne wirusy i bakterie.<\/p>\n<p class=\"Paragraph_desktopParagraph__U31Gm\">Hodowla szybko si\u0119 rozrasta\u0142a, a m\u0119\u017cczyzna nie potrafi\u0142 podo\u0142a\u0107 spoczywaj\u0105cej na nim odpowiedzialno\u015bci. \u017bona coraz cz\u0119\u015bciej wpada\u0142a w z\u0142o\u015b\u0107, bo im wi\u0119cej by\u0142o ps\u00f3w, tym koszty utrzymania bardziej ros\u0142y. Nie by\u0142o natomiast ch\u0119tnych kupuj\u0105cych. Anna V. by\u0142a coraz bardziej sfrustrowana, a m\u0105\u017c coraz cz\u0119\u015bciej pope\u0142nia\u0142 b\u0142\u0119dy i by\u0142 za nie surowo karany. \u017bona zabra\u0142a mu buty, chodzi\u0142 bosymi stopami po pod\u0142odze czyszczonej \u017cr\u0105cymi substancjami. Mia\u0142 poranion\u0105 sk\u00f3r\u0119 na podeszwach st\u00f3p. Kobieta odci\u0119\u0142a go od dw\u00f3ch jego c\u00f3rek, zabrania\u0142a wychodzi\u0107 na zewn\u0105trz, zamyka\u0142a za &#8222;kar\u0119&#8221; w klatce. W ko\u0144cu \u017cy\u0142 jak zwierz\u0119, gorzej ni\u017c psy.<\/p>\n<p>Ucieczka niewolnika <\/p>\n<p class=\"Paragraph_desktopParagraph__U31Gm\">2 marca 2025 r. hodowla chihuahua osi\u0105gn\u0119\u0142a ju\u017c liczb\u0119 60 sztuk. Dwa psy zdech\u0142y, \u017cona obwini\u0142a za to m\u0119\u017ca. Zn\u00f3w wymierzy\u0142a kar\u0119 \u2014 zamkn\u0119\u0142a go za kar\u0119 w klatce i ponownie obla\u0142a wrz\u0105tkiem. Prze\u0142om nast\u0105pi\u0142 18 marca 2025 r. Pewna rodzina w Bouwel przygotowywa\u0142a w\u0142a\u015bnie posi\u0142ek, gdy nagle zaskoczy\u0142 ich przera\u017caj\u0105cy widok. Wyg\u0142odzony i ci\u0119\u017cko ranny m\u0119\u017cczyzna, bez but\u00f3w, spodni, tylko w koszuli i bieli\u017anie, puka\u0142 w ich kuchenne okno. Wo\u0142a\u0142 pomocy. To by\u0142 moment, gdy m\u0119\u017cowi Anny uda\u0142o si\u0119 wydosta\u0107 z kojca i zbiec z domu prze\u015bladowczyni.<\/p>\n<p class=\"Paragraph_desktopParagraph__U31Gm\">Z powodu ci\u0105g\u0142ych tortur, uwi\u0119zienia, przemocy oraz pozbawienia po\u017cywienia i opieki zdrowotnej m\u0119\u017cczyzna by\u0142 zaledwie cieniem dawnego siebie.<\/p>\n<p class=\"Paragraph_desktopParagraph__U31Gm\">\u2014 Zdj\u0119cia pokazuj\u0105, \u017ce na pocz\u0105tku zwi\u0105zku by\u0142 silnym, zdrowym cz\u0142owiekiem. Na fotografiach zrobionych po incydencie widzimy poraniony szkielet. Z ofiary niewiele zosta\u0142o \u2014 opisywa\u0142a ofiar\u0119 prokurator Hanne Hendrickx.<\/p>\n<p class=\"Paragraph_desktopParagraph__U31Gm\">Gdy pod dom s\u0105siad\u00f3w, u kt\u00f3rych pomocy szuka\u0142 zbieg\u0142y m\u0105\u017c, przyjecha\u0142a karetka pogotowia, zrobi\u0142o si\u0119 zamieszanie. Prze\u015bladowczyni szybko zorientowa\u0142a si\u0119, \u017ce jej zbrodnia zaraz mo\u017ce ujrze\u0107 \u015bwiat\u0142o dzienne. Natychmiast wkroczy\u0142a do akcji. Jeszcze wtedy, gdy zmaltretowany m\u0105\u017c by\u0142 umieszczany w karetce pogotowia, a na miejscu zjawi\u0142a si\u0119 policja, pr\u00f3bowa\u0142a ukry\u0107 i zmanipulowa\u0107 sytuacj\u0119. <\/p>\n<p class=\"Paragraph_desktopParagraph__U31Gm\">Zacz\u0119\u0142a wmawia\u0107 wszystkim obecnym, \u017ce jej m\u0105\u017c od miesi\u0119cy cierpi na depresj\u0119 i sam doprowadzi\u0142 si\u0119 do takiego stanu. Twierdzi\u0142a, \u017ce jego blizny i rany powsta\u0142y na skutek samookalecze\u0144. By\u0142a bardzo przekonuj\u0105ca, przez chwil\u0119 wszyscy jej uwierzyli, a nawet wsp\u00f3\u0142czuli. Ma\u0142o tego, pozwolono oprawczyni usi\u0105\u015b\u0107 z ofiar\u0105 w karetce. Kobieta wykorzysta\u0142a moment i wyszepta\u0142a do ucha m\u0119\u017ca: &#8222;Musisz by\u0107 cicho&#8221;. Ale mia\u0142a pecha, bo te s\u0142owa us\u0142ysza\u0142 ratownik medyczny, kt\u00f3ry dostrzeg\u0142 parali\u017cuj\u0105cy strach u pacjenta i zrozumia\u0142, \u017ce co\u015b jest tu bardzo nie tak.<\/p>\n<p>Koniec gry <\/p>\n<p class=\"Paragraph_desktopParagraph__U31Gm\">Do\u015bwiadczony ratownik natychmiast zareagowa\u0142, od razu kaza\u0142 kobiecie opu\u015bci\u0107 ambulans. Da\u0142 zna\u0107 policji, a funkcjonariusze tak\u017ce zrozumieli, co mog\u0142o mie\u0107 w\u0142a\u015bnie miejsce i bez wahania za\u0142o\u017cyli \u017conie kajdanki. Rozdzielili ofiar\u0119 i sprawczyni\u0119. Sytuacja uleg\u0142a diametralnej zmianie. Przemocowa ma\u0142\u017conka trafi\u0142a do aresztu.<\/p>\n<p class=\"Paragraph_desktopParagraph__U31Gm\">Co ciekawe, odratowany m\u0119\u017cczyzna podczas wst\u0119pnego przes\u0142uchania nie chcia\u0142 oskar\u017cy\u0107 \u017cony, by\u0142 wobec niej lojalny. Twierdzi\u0142 nawet, \u017ce to, co go spotka\u0142o, to jego wina, poniewa\u017c nie dba\u0142 o porz\u0105dek w domu. Po rozmowach z funkcjonariuszami i wsparciu ze strony pracownik\u00f3w szpitala w ko\u0144cu zrozumia\u0142, \u017ce jego prze\u017cycia i przemoc, kt\u00f3rej do\u015bwiadczy\u0142, to nie jest normalna rzecz. Zacz\u0105\u0142 m\u00f3wi\u0107.<\/p>\n<p class=\"Paragraph_desktopParagraph__U31Gm\">\u2014 Ofiara by\u0142a bita pi\u0119\u015bciami i wszystkim, co oskar\u017cona mog\u0142a znale\u017a\u0107 pod r\u0119k\u0105: krzes\u0142em, mopem, garnkiem\u2026 Gdy tylko pada\u0142 na pod\u0142og\u0119, by\u0142 deptany \u2014 relacjonowa\u0142a prokurator Hanne Hendrickx. \u2014 Musia\u0142 sprz\u0105ta\u0107 nieczysto\u015bci 60 ps\u00f3w przy u\u017cyciu wybielacza. Zwykle musia\u0142 to robi\u0107 boso, jego buty by\u0142y ukrywane, a ma\u0142\u017conka, by mie\u0107 pe\u0142n\u0105 kontrol\u0119 nad m\u0119\u017cem, zainstalowa\u0142a kamer\u0119. To by\u0142o czyste niewolnictwo. Nie do zniesienia.<\/p>\n<p class=\"Paragraph_desktopParagraph__U31Gm\">Lista tortur, jakich dozna\u0142 ten cz\u0142owiek, by\u0142a d\u0142u\u017csza. Dla przyk\u0142adu by\u0142 trzykrotnie uwi\u0119ziony w altanie ogrodowej, raz trafi\u0142 do piwnicy, gdzie nie mia\u0142 o\u015bwietlenia i dost\u0119pu do wody oraz jedzenia.<\/p>\n<p class=\"Paragraph_desktopParagraph__U31Gm\">W trakcie \u015bledztwa znaleziono kilka nagra\u0144, na kt\u00f3rych by\u0142o wida\u0107, jak \u017cona upokarza\u0142a i \u015bmia\u0142a si\u0119 z m\u0119\u017ca i jego bezradno\u015bci. Na jednym z film\u00f3w wida\u0107 scen\u0119, podczas kt\u00f3rej m\u0119\u017cczyzna jest tak wycie\u0144czony, \u017ce nie ma nawet si\u0142y za\u0142o\u017cy\u0107 kurtki.<\/p>\n<p class=\"Paragraph_desktopParagraph__U31Gm\">\u2014 M\u00f3j klient cudem unikn\u0105\u0142 \u015bmierci. Przez rok znosi\u0142 straszne cierpienia \u2014 m\u00f3wi\u0142 Freddy Mols, adwokat ofiary. Teraz poszkodowany domaga si\u0119 odszkodowania w wysoko\u015bci 10 tys. euro. Kwota mo\u017ce wzrosn\u0105\u0107 w przysz\u0142o\u015bci, ofiara mo\u017ce wymaga\u0107 wieloletniej terapii, by odzyska\u0107 zdrowie.<\/p>\n<p class=\"Paragraph_desktopParagraph__U31Gm\">Prokurator wnioskuje o osiem lat wi\u0119zienia dla Anny V., kt\u00f3ra przyzna\u0142a si\u0119 do winy.<\/p>\n<p class=\"Paragraph_desktopParagraph__U31Gm\">\u2014 Nie mia\u0142a wyboru. Obra\u017cenia m\u00f3wi\u0142y same za siebie. Ale ona umniejsza wag\u0119 oskar\u017ce\u0144, pr\u00f3buje usprawiedliwi\u0107 swoje czyny \u2014 podsumowuje Hanne Hendrickx.<\/p>\n<p class=\"Paragraph_desktopParagraph__U31Gm\">Wed\u0142ug adwokat oskar\u017conej to, \u017ce dosz\u0142o do tej tragedii, cz\u0119\u015bciowo spowodowa\u0142y problemy finansowe ma\u0142\u017ce\u0144stwa. Nie radzili sobie ani narastaj\u0105cymi d\u0142ugami, ani z niekontrolowanym przyrostem naturalnym w ich hodowli. Prawniczka oskar\u017conej broni Anny V twierdz\u0105c, \u017ce ta by\u0142a we wczesnej fazie menopauzy, co oznacza\u0142o, \u017ce nie potrafi\u0142a si\u0119 kontrolowa\u0107.<\/p>\n<p class=\"Paragraph_desktopParagraph__U31Gm\">Podczas wst\u0119pnej rozprawy by\u0142y ju\u017c m\u0105\u017c, bo para wzi\u0119\u0142a rozw\u00f3d, nie pojawi\u0142 si\u0119 na sali s\u0105dowej. G\u0142os zabra\u0142a Anna V.<\/p>\n<p class=\"Paragraph_desktopParagraph__U31Gm\">\u2014 By\u0142am tak zm\u0119czona. Nie mog\u0142am ju\u017c tego znie\u015b\u0107 i wy\u0142adowa\u0142am si\u0119 na nim. Teraz zdaj\u0119 sobie spraw\u0119, co mu zrobi\u0142am. To nigdy nie powinno si\u0119 by\u0142o wydarzy\u0107 \u2014 o\u015bwiadczy\u0142a.<\/p>\n<p class=\"Paragraph_desktopParagraph__U31Gm\">Wyrok ma zapa\u015b\u0107 na pocz\u0105tku stycznia 2026 r.<\/p>\n<p class=\"Paragraph_desktopParagraph__U31Gm\">\u0179r\u00f3d\u0142a:<\/p>\n<ul class=\"UnorderedList_container__nmfSl\">\n<li class=\"UnorderedList_listElement__Py7xi UnorderedList_listElementDefault__oEOOV\">https:\/\/www.nieuwsblad.be\/binnenland\/vrouw-foltert-partner-jaar-lang-in-huis-met-60-chihuahuas-de-gruwelijkste-feiten-van-geweld-tussen-partners-die-ik-in-al-die-jaren-gezien-heb\/109801612.html<\/li>\n<li class=\"UnorderedList_listElement__Py7xi UnorderedList_listElementDefault__oEOOV\">https:\/\/www.dailymail.co.uk\/news\/article-15349029\/Sadistic-wife-tortured-husband-year-forcing-clean-SIXTY-Chihuahuas-round-clock-locking-kennel.html<\/li>\n<li class=\"UnorderedList_listElement__Py7xi UnorderedList_listElementDefault__oEOOV\">https:\/\/www.20min.ch\/fr\/story\/belgique-elle-torturait-son-mari-et-le-forcait-a-soigner-ses-60-chihuahuas-103463499<\/li>\n<\/ul>\n","protected":false},"excerpt":{"rendered":"Ta historia zacz\u0119\u0142a si\u0119 niewinnie. 47-letnia Belgijka Anna V., kt\u00f3ra od lat mieszka\u0142a w male\u0144kim Bouwel i by\u0142a&hellip;\n","protected":false},"author":2,"featured_media":154839,"comment_status":"","ping_status":"","sticky":false,"template":"","format":"standard","meta":{"footnotes":""},"categories":[14],"tags":[32,33,27,9398,34,35,1816,28,31,53,25,52,68,51,55,40,41,47,80,29,30,50,26,82,83,84],"class_list":{"0":"post-154838","1":"post","2":"type-post","3":"status-publish","4":"format-standard","5":"has-post-thumbnail","7":"category-swiat","8":"tag-breaking-news","9":"tag-breakingnews","10":"tag-headlines","11":"tag-kobietaxl","12":"tag-latest-news","13":"tag-latestnews","14":"tag-mm","15":"tag-naglowki","16":"tag-najwazniejsze-artykuly","17":"tag-new_header","18":"tag-news","19":"tag-onet3","20":"tag-onet3d","21":"tag-onet3d_2i","22":"tag-phx","23":"tag-polish","24":"tag-polski","25":"tag-screening_general","26":"tag-swiat","27":"tag-top-stories","28":"tag-topstories","29":"tag-v2021","30":"tag-wiadomosci","31":"tag-world","32":"tag-world-news","33":"tag-worldnews"},"share_on_mastodon":{"url":"https:\/\/pubeurope.com\/@pl\/115731356939435558","error":""},"_links":{"self":[{"href":"https:\/\/www.europesays.com\/pl\/wp-json\/wp\/v2\/posts\/154838","targetHints":{"allow":["GET"]}}],"collection":[{"href":"https:\/\/www.europesays.com\/pl\/wp-json\/wp\/v2\/posts"}],"about":[{"href":"https:\/\/www.europesays.com\/pl\/wp-json\/wp\/v2\/types\/post"}],"author":[{"embeddable":true,"href":"https:\/\/www.europesays.com\/pl\/wp-json\/wp\/v2\/users\/2"}],"replies":[{"embeddable":true,"href":"https:\/\/www.europesays.com\/pl\/wp-json\/wp\/v2\/comments?post=154838"}],"version-history":[{"count":0,"href":"https:\/\/www.europesays.com\/pl\/wp-json\/wp\/v2\/posts\/154838\/revisions"}],"wp:featuredmedia":[{"embeddable":true,"href":"https:\/\/www.europesays.com\/pl\/wp-json\/wp\/v2\/media\/154839"}],"wp:attachment":[{"href":"https:\/\/www.europesays.com\/pl\/wp-json\/wp\/v2\/media?parent=154838"}],"wp:term":[{"taxonomy":"category","embeddable":true,"href":"https:\/\/www.europesays.com\/pl\/wp-json\/wp\/v2\/categories?post=154838"},{"taxonomy":"post_tag","embeddable":true,"href":"https:\/\/www.europesays.com\/pl\/wp-json\/wp\/v2\/tags?post=154838"}],"curies":[{"name":"wp","href":"https:\/\/api.w.org\/{rel}","templated":true}]}}