{"id":154842,"date":"2025-12-16T21:26:24","date_gmt":"2025-12-16T21:26:24","guid":{"rendered":"https:\/\/www.europesays.com\/pl\/154842\/"},"modified":"2025-12-16T21:26:24","modified_gmt":"2025-12-16T21:26:24","slug":"gizela-jagielska-odchodzi-z-olesnickiego-szpitala-wbila-mi-noz-w-plecy","status":"publish","type":"post","link":"https:\/\/www.europesays.com\/pl\/154842\/","title":{"rendered":"Gizela Jagielska odchodzi z ole\u015bnickiego szpitala. &#8222;Wbi\u0142a mi n\u00f3\u017c w plecy&#8221;"},"content":{"rendered":"<p>SPIS TRE\u015aCI<\/p>\n<ol class=\"ods-a-table-of-content__items\">\n<li class=\"ods-a-table-of-content__item\"><a href=\"#toc-zmiany-w-konkursie-i-propozycja-dla-jagielskiej\" class=\"ods-a-table-of-content__link\">Zmiany w konkursie i propozycja dla Jagielskiej<\/a><\/li>\n<li class=\"ods-a-table-of-content__item\"><a href=\"#toc-kulisy-odejscia-i-atmosfera-w-szpitalu\" class=\"ods-a-table-of-content__link\">Kulisy odej\u015bcia i atmosfera w szpitalu<\/a><\/li>\n<li class=\"ods-a-table-of-content__item\"><a href=\"#toc-kontrowersje-wokol-aborcji-i-presja-spoleczna\" class=\"ods-a-table-of-content__link\">Kontrowersje wok\u00f3\u0142 aborcji i presja spo\u0142eczna<\/a><\/li>\n<\/ol>\n<p class=\"ods-c-paragraph \">Szpital w Ole\u015bnicy poinformowa\u0142 w komunikacie, \u017ce spo\u015br\u00f3d dw\u00f3ch z\u0142o\u017conych ofert wybrano t\u0119 korzystniejsz\u0105. Ostatecznie umow\u0119 podpisano z dotychczasowymi zast\u0119pcami Jagielskich \u2014 nowym kierownikiem oddzia\u0142u ginekologii oraz now\u0105 koordynatork\u0105 bloku porodowego. Jagielska podkre\u015bla, \u017ce wraz z m\u0119\u017cem od podstaw tworzyli oddzia\u0142 po\u0142o\u017cniczo-ginekologiczny w Ole\u015bnicy i szkolili swoich nast\u0119pc\u00f3w.<\/p>\n<p class=\"ods-c-paragraph \">W rozmowie z &#8222;Wyborcz\u0105&#8221; lekarka wyrazi\u0142a sprzeciw wobec rozstrzygni\u0119cia konkursu. Zwr\u00f3ci\u0142a uwag\u0119, \u017ce po raz pierwszy zmieniono kryteria, umo\u017cliwiaj\u0105c obj\u0119cie stanowiska kierownika osobie bez specjalizacji z ginekologii onkologicznej. Jej zdaniem, kobiety z powiatu ole\u015bnickiego straci\u0142y przez to mo\u017cliwo\u015b\u0107 leczenia na miejscu.<\/p>\n<p>Dalszy ci\u0105g artyku\u0142u pod materia\u0142em wideo<\/p>\n<p> Dlaczego Gizela Jagielska odchodzi ze szpitala? <\/p>\n<p> Jakie by\u0142y powody krytyki Jagielskiej wobec zarz\u0105dzenia konkursu? <\/p>\n<p> Czym jest kontrowersyjna dzia\u0142alno\u015b\u0107 Jagielskiej w zakresie aborcji? <\/p>\n<p> Jakie zmiany w kryteriach konkursu mia\u0142y miejsce? <\/p>\n<p>  Zmiany w konkursie i propozycja dla Jagielskiej<\/p>\n<p class=\"ods-c-paragraph \">Jagielska ujawnia, \u017ce otrzyma\u0142a propozycj\u0119 pozostania w szpitalu, ale na stanowisku zast\u0119pczyni nowej szefowej. Wyja\u015bnia, \u017ce nie mog\u0142a przyj\u0105\u0107 tej oferty, poniewa\u017c nie wyobra\u017ca\u0142a sobie pracy pod kierownictwem osoby, kt\u00f3ra \u2014 jak twierdzi \u2014 &#8222;wbi\u0142a jej n\u00f3\u017c w plecy&#8221;. Wed\u0142ug lekarki, szpital chcia\u0142 w ten spos\u00f3b zachowa\u0107 wizerunek plac\u00f3wki przyjaznej kobietom, jednocze\u015bnie pozbywaj\u0105c si\u0119 jej.<\/p>\n<p class=\"ods-c-paragraph \">Ginekolo\u017cka podkre\u015bla, \u017ce kryteria konkursu zosta\u0142y obni\u017cone tak\u017ce w przypadku jej stanowiska. Zaznacza, \u017ce wymagania by\u0142y niemal identyczne dla ka\u017cdego lekarza oddzia\u0142u, a na stanowiska kierownicze nie by\u0142o konieczno\u015bci posiadania do\u015bwiadczenia w zarz\u0105dzaniu. Jagielska zapowiada odwo\u0142anie od decyzji, podkre\u015blaj\u0105c, \u017ce sprawa zosta\u0142a rozstrzygni\u0119ta za jej plecami, a wynik konkursu by\u0142 znany od dawna. Dowiedzia\u0142a si\u0119, \u017ce jej zast\u0119pcy ju\u017c kilka miesi\u0119cy wcze\u015bniej otrzymali propozycj\u0119 z\u0142o\u017cenia ofert i przej\u0119cia jej obowi\u0105zk\u00f3w.<\/p>\n<p>   Kulisy odej\u015bcia i atmosfera w szpitalu<\/p>\n<p class=\"ods-c-paragraph \">Jagielska przyznaje, \u017ce pod koniec czerwca ograniczy\u0142a sw\u00f3j wymiar pracy, a kierowanie oddzia\u0142em powierzy\u0142a zast\u0119pczyni, kt\u00f3ra \u2014 wed\u0142ug niej \u2014 nie poradzi\u0142a sobie z nowymi obowi\u0105zkami. W efekcie na oddziale zapanowa\u0142 chaos, a pacjentki zacz\u0119\u0142y zg\u0142asza\u0107 skargi. Lekarka uwa\u017ca, \u017ce jej zast\u0119pcy wykorzystali sytuacj\u0119, by przej\u0105\u0107 oddzia\u0142 i przekona\u0107 dyrekcj\u0119 do zmiany na stanowisku kierowniczym. Zwraca uwag\u0119, \u017ce by\u0142a wymagaj\u0105c\u0105 szefow\u0105, co mog\u0142o nie wszystkim odpowiada\u0107, ale zale\u017ca\u0142o jej na utrzymaniu wysokich standard\u00f3w.<\/p>\n<p class=\"ods-c-paragraph \">Wed\u0142ug Jagielskiej, o jej odej\u015bciu zdecydowa\u0142y zar\u00f3wno kwestie ambicjonalne, jak i wewn\u0119trzne konflikty, kt\u00f3re by\u0142y na r\u0119k\u0119 dyrekcji. Plac\u00f3wka chcia\u0142a zachowa\u0107 wizerunek szpitala przyjaznego kobietom, a jednocze\u015bnie unikn\u0105\u0107 protest\u00f3w zwi\u0105zanych z jej osob\u0105.<\/p>\n<p><a href=\"https:\/\/csr.onet.pl\/1746213\/trk\/adclick\/das,1824309,0?CS=tracking\" title=\"MedonetPRO OnetPremium\" data-astro-prefetch=\"tap\" rel=\"nofollow noopener\" target=\"_blank\"> <img decoding=\"async\" src=\"https:\/\/www.europesays.com\/pl\/wp-content\/uploads\/2025\/10\/1760947870_673_9xOk9lBaHR0cHM6Ly9vY2RuLmV1L3B1bHNjbXMvTURBXy9hMGY5NWNmMDcwYzA5MjFiZDc2NTFlYzU4MDEzNGIzNy5wbmeSlQMAA.jpeg\" height=\"200\" width=\"840\" alt=\"MedonetPRO OnetPremium\" loading=\"lazy\" class=\"ods-c-image__img ods-c-image__img--viewport-width\"\/> <\/a><\/p>\n<p>MedonetPRO OnetPremiumMedonet<\/p>\n<p> Kontrowersje wok\u00f3\u0142 aborcji i presja spo\u0142eczna<\/p>\n<p class=\"ods-c-paragraph \">Gizela Jagielska jest jedyn\u0105 ginekolo\u017ck\u0105 w Polsce, kt\u00f3ra otwarcie pomaga kobietom w legalnej aborcji i nie ukrywa tego publicznie. Przed szpitalem w Ole\u015bnicy regularnie protestuj\u0105 tzw. obro\u0144cy \u017cycia. <a href=\"https:\/\/www.medonet.pl\/medica-2020\/newsy,olesnica--braun-chcial-zatrzymac-lekarke--ktora-przeprowadzila-zabieg-legalnej-aborcji,artykul,26681207.html\" id=\"238051c0-4363-4112-897d-f6d4bb15eeb2\" rel=\"nofollow noopener\" target=\"_blank\">W kwietniu na oddzia\u0142 wszed\u0142 skrajnie prawicowy europose\u0142 Grzegorz Braun, kt\u00f3ry osaczy\u0142 lekark\u0119<\/a>.<\/p>\n<p class=\"ods-c-paragraph \">Odej\u015bcie Jagielskiej zbieg\u0142o si\u0119 w czasie z decyzj\u0105 prokuratury, kt\u00f3ra uzna\u0142a, \u017ce lekarka nie z\u0142ama\u0142a prawa, wykonuj\u0105c p\u00f3\u017an\u0105 aborcj\u0119 u pani Anity \u2014 bohaterki reporta\u017cu &#8222;Wyborczej&#8221;. W opinii psychiatr\u00f3w \u017cyciu lub zdrowiu kobiety zagra\u017ca\u0142o niebezpiecze\u0144stwo. Jagielska uwa\u017ca, \u017ce ta sprawa mia\u0142a wp\u0142yw na jej sytuacj\u0119 zawodow\u0105 i gdyby nie ona, nie dosz\u0142oby do obecnych wydarze\u0144. Lekarka dodaje, \u017ce nawet inni lekarze zacz\u0119li obawia\u0107 si\u0119 wykonywania aborcji w Ole\u015bnicy.<\/p>\n<p> Tre\u015bci z serwisu Medonet maj\u0105 na celu polepszenie, a nie zast\u0105pienie, kontaktu pomi\u0119dzy U\u017cytkownikiem a jego lekarzem. Serwis ma charakter wy\u0142\u0105cznie informacyjno-edukacyjny. Przed zastosowaniem si\u0119 do porad z zakresu wiedzy specjalistycznej, w szczeg\u00f3lno\u015bci medycznych, zawartych w Serwisie nale\u017cy bezwzgl\u0119dnie skonsultowa\u0107 si\u0119 z lekarzem. <\/p>\n","protected":false},"excerpt":{"rendered":"SPIS TRE\u015aCI Zmiany w konkursie i propozycja dla Jagielskiej Kulisy odej\u015bcia i atmosfera w szpitalu Kontrowersje wok\u00f3\u0142 aborcji&hellip;\n","protected":false},"author":2,"featured_media":154843,"comment_status":"","ping_status":"","sticky":false,"template":"","format":"standard","meta":{"footnotes":""},"categories":[5],"tags":[4434,32,33,36,37,7689,27,34,35,28,31,48,25,6854,46,42,38,40,39,41,47,5602,29,30,26],"class_list":{"0":"post-154842","1":"post","2":"type-post","3":"status-publish","4":"format-standard","5":"has-post-thumbnail","7":"category-naglowki","8":"tag-aborcja","9":"tag-breaking-news","10":"tag-breakingnews","11":"tag-featured-news","12":"tag-featurednews","13":"tag-ginekologia","14":"tag-headlines","15":"tag-latest-news","16":"tag-latestnews","17":"tag-naglowki","18":"tag-najwazniejsze-artykuly","19":"tag-nat_styl","20":"tag-news","21":"tag-olesnica","22":"tag-omp","23":"tag-pl","24":"tag-poland","25":"tag-polish","26":"tag-polska","27":"tag-polski","28":"tag-screening_general","29":"tag-szpital","30":"tag-top-stories","31":"tag-topstories","32":"tag-wiadomosci"},"share_on_mastodon":{"url":"https:\/\/pubeurope.com\/@pl\/115731365128837329","error":""},"_links":{"self":[{"href":"https:\/\/www.europesays.com\/pl\/wp-json\/wp\/v2\/posts\/154842","targetHints":{"allow":["GET"]}}],"collection":[{"href":"https:\/\/www.europesays.com\/pl\/wp-json\/wp\/v2\/posts"}],"about":[{"href":"https:\/\/www.europesays.com\/pl\/wp-json\/wp\/v2\/types\/post"}],"author":[{"embeddable":true,"href":"https:\/\/www.europesays.com\/pl\/wp-json\/wp\/v2\/users\/2"}],"replies":[{"embeddable":true,"href":"https:\/\/www.europesays.com\/pl\/wp-json\/wp\/v2\/comments?post=154842"}],"version-history":[{"count":0,"href":"https:\/\/www.europesays.com\/pl\/wp-json\/wp\/v2\/posts\/154842\/revisions"}],"wp:featuredmedia":[{"embeddable":true,"href":"https:\/\/www.europesays.com\/pl\/wp-json\/wp\/v2\/media\/154843"}],"wp:attachment":[{"href":"https:\/\/www.europesays.com\/pl\/wp-json\/wp\/v2\/media?parent=154842"}],"wp:term":[{"taxonomy":"category","embeddable":true,"href":"https:\/\/www.europesays.com\/pl\/wp-json\/wp\/v2\/categories?post=154842"},{"taxonomy":"post_tag","embeddable":true,"href":"https:\/\/www.europesays.com\/pl\/wp-json\/wp\/v2\/tags?post=154842"}],"curies":[{"name":"wp","href":"https:\/\/api.w.org\/{rel}","templated":true}]}}