{"id":154846,"date":"2025-12-16T21:28:12","date_gmt":"2025-12-16T21:28:12","guid":{"rendered":"https:\/\/www.europesays.com\/pl\/154846\/"},"modified":"2025-12-16T21:28:12","modified_gmt":"2025-12-16T21:28:12","slug":"adam-sztaba-opublikowal-zdjecia-z-zona-wow-para-z-zurnala","status":"publish","type":"post","link":"https:\/\/www.europesays.com\/pl\/154846\/","title":{"rendered":"Adam Sztaba opublikowa\u0142 zdj\u0119cia z \u017con\u0105. &#8222;Wow! Para z \u017curnala&#8221;"},"content":{"rendered":"<p class=\"ods-c-paragraph \"><a href=\"https:\/\/plejada.pl\/temat\/adam-sztaba\/2nwq4g2\" id=\"c9f0a9ec-f57f-456f-8dd1-637efc7c33a5\" rel=\"nofollow noopener\" target=\"_blank\">Adam Sztaba<\/a> od wielu lat jest jednym z najwybitniejszych i zarazem najbardziej popularnych dyrygent\u00f3w na polskiej scenie muzycznej. Jego kompozycje mogli\u015bmy us\u0142ysze\u0107 w Teatrze Muzycznym w Gdyni, Teatrze Wielkim w Warszawie, podczas koncert\u00f3w na Sopot Festival oraz w programach rozrywkowych, takich jak &#8222;Idol&#8221; czy &#8222;Taniec z gwiazdami&#8221;. Przez kilka lat zasiada\u0142 za sto\u0142em jurorskim w talent show &#8222;Must be the Music. Tylko muzyka&#8221;. Sztaba mia\u0142 szans\u0119 pracowa\u0107 z najwi\u0119kszymi s\u0142awami polskiej i zagranicznej muzyki \u2014 ju\u017c w pierwszych latach kariery by\u0142 kierownikiem muzycznym i pianist\u0105 zespo\u0142u Maryli Rodowicz, a nast\u0119pnie Edyty G\u00f3rniak. Dyrygent wsp\u00f3\u0142pracowa\u0142 r\u00f3wnie\u017c z Violett\u0105 Villas, Sewerynem Krajewskim, Grzegorzem Turnauem i Krzysztofem Krawczykiem, a tak\u017ce Michaelem Boltonem i Stingiem. Od 2005 r. prowadzi w\u0142asn\u0105 orkiestr\u0119.<\/p>\n<p>Dalszy ci\u0105g artyku\u0142u pod materia\u0142em wideo<\/p>\n<p> Ile lat Adam Sztaba jest zwi\u0105zany z Agnieszk\u0105 Dranikowsk\u0105? <\/p>\n<p> Jakie zdj\u0119cia Adam Sztaba opublikowa\u0142? <\/p>\n<p> Z kim Adam Sztaba by\u0142 w zwi\u0105zku przed Agnieszk\u0105 Dranikowsk\u0105? <\/p>\n<p> Kiedy odby\u0142 si\u0119 \u015blub ko\u015bcielny Adama Sztaby? <\/p>\n<p>  Adam Sztaba pokaza\u0142 zdj\u0119cia z \u017con\u0105. W sieci lawina komentarzy<\/p>\n<p class=\"ods-c-paragraph \">Agnieszka Dranikowska jest drug\u0105 \u017con\u0105 Adama Sztaby \u2014 wcze\u015bniej przez kilkana\u015bcie lat by\u0142 zwi\u0105zany ze znan\u0105 prowadz\u0105c\u0105 program\u00f3w dekoratorskich, <a href=\"https:\/\/plejada.pl\/dorota-szelagowska\" id=\"5b5debbb-8154-4ec6-9481-486f9695a2be\" rel=\"nofollow noopener\" target=\"_blank\">Dorot\u0105 Szel\u0105gowsk\u0105<\/a>. Para pozostawa\u0142a w nieformalnym zwi\u0105zku ponad dekad\u0119, a\u017c w 2013 r. powiedzieli sobie sakramentalne &#8222;tak&#8221;. Celebryci wychowywali razem syna dekoratorki z poprzedniego zwi\u0105zku, a Antoni przyj\u0105\u0142 nawet nazwisko dyrygenta. Sztaba i Szel\u0105gowska rozwiedli si\u0119 w 2015 r., cho\u0107 w separacji byli ju\u017c znacznie wcze\u015bniej \u2014 rok przed rozwodem kompozytor ju\u017c spotyka\u0142 si\u0119 z Agnieszk\u0105 Dranikowsk\u0105.<\/p>\n<p class=\"ods-c-paragraph \">Cho\u0107 iskra i uczucie pojawi\u0142y si\u0119 dopiero w 2014 r., Adam Sztaba i jego obecna \u017cona dobrze znali si\u0119 ju\u017c du\u017co wcze\u015bniej \u2014 Dranikowska przez kilka lat by\u0142a jego mened\u017cerk\u0105. W 2016 r. dyrygent wzi\u0105\u0142 \u015blub cywilny z ukochan\u0105, jednak z uwagi na fakt, i\u017c oboje s\u0105 bardzo wierz\u0105cy, niezwykle zale\u017ca\u0142o im na \u015blubie ko\u015bcielnym, kt\u00f3ry odby\u0142 si\u0119 dopiero cztery lata temu, gdy Sztaba uzyska\u0142 rozw\u00f3d ko\u015bcielny z Dorot\u0105 Szel\u0105gowsk\u0105. W 2016 r. Dranikowska i dyrygent zostali rodzicami Leopolda.<\/p>\n<p><img decoding=\"async\" src=\"https:\/\/www.europesays.com\/pl\/wp-content\/uploads\/2025\/12\/U0Bk9lBaHR0cHM6Ly9vY2RuLmV1L3B1bHNjbXMvTURBXy82YzJjNDgxMGJlMDJlYmNkNTQ3NDkzMGNlNWFmMGUyYy5wbmeSlQPNA.jpeg\" height=\"529\" width=\"940\" alt=\"Adam Sztaba na Instagramie\" loading=\"lazy\" class=\"ods-c-image__img ods-c-image__img--viewport-width\"\/><\/p>\n<p>Adam Sztaba na Instagramiehttps:\/\/www.instagram.com\/adamsztaba\/<\/p>\n<p> <img decoding=\"async\" src=\"https:\/\/www.europesays.com\/pl\/wp-content\/uploads\/2025\/12\/QTqk9lBaHR0cHM6Ly9vY2RuLmV1L3B1bHNjbXMvTURBXy9hZTY0NzhlMzM0MDk2NWZhZmE3YWEwNTNmYzRiYTJhYi5wbmeSlQPNA.jpeg\" height=\"529\" width=\"940\" alt=\"Adam Sztaba na Instagramie\" loading=\"lazy\" class=\"ods-c-image__img ods-c-image__img--viewport-width\"\/><\/p>\n<p>Adam Sztaba na Instagramiehttps:\/\/www.instagram.com\/adamsztaba\/<\/p>\n<p class=\"ods-c-paragraph \">Adam Sztaba i Agnieszka Dranikowska raczej stroni\u0105 od uwagi medi\u00f3w, rzadko pojawiaj\u0105 si\u0119 r\u00f3wnie\u017c na show-biznesowych imprezach i \u015bciankach. Od czasu do czasu na instagramowym profilu dyrygenta pojawiaj\u0105 si\u0119 zdj\u0119cia z ukochan\u0105. Jedno z nich opublikowa\u0142 w po\u0142owie grudnia.<\/p>\n<p class=\"ods-c-paragraph \">W zwi\u0105zku z tym, \u017ce takie kadry na profilu kompozytora s\u0105 rzadko\u015bci\u0105, jego obserwatorzy nie ukrywali zachwytu.<\/p>\n<p class=\"ods-c-paragraph \">&#8222;Pi\u0119knie razem wygl\u0105dacie. Pi\u0119kni zewn\u0119trznie i o pi\u0119knym wn\u0119trzu&#8221;, &#8222;Wow! Para z \u017curnala&#8221;, &#8222;Jeste\u015bcie pi\u0119kni&#8221;, &#8222;Uwielbiam pa\u0144stwa&#8221; \u2014 czytamy.<\/p>\n<p><img decoding=\"async\" src=\"https:\/\/www.europesays.com\/pl\/wp-content\/uploads\/2025\/12\/m1fk9lBaHR0cHM6Ly9vY2RuLmV1L3B1bHNjbXMvTURBXy9hYTgzNjAzMWE2MTcxZjZlOTczYjRmZjIzNDY3YWYyOC5qcGeRlQLNA.jpeg\" height=\"529\" width=\"940\" alt=\"Adam Sztaba i Agnieszka Dranikowska (2025 r.)\" loading=\"lazy\" class=\"ods-c-image__img ods-c-image__img--vertical\"\/><\/p>\n<p>Adam Sztaba i Agnieszka Dranikowska (2025 r.)Andras Szilagyi \/ MW Media<\/p>\n<p class=\"ods-c-paragraph \">Dzi\u0119kujemy, \u017ce przeczyta\u0142a\u015b\/e\u015b nasz artyku\u0142 do ko\u0144ca. W serwisie Plejada.pl ka\u017cdego dnia piszemy o najwa\u017cniejszych wydarzeniach show-biznesowych. B\u0105d\u017a na bie\u017c\u0105co! <a rel=\"nofollow noopener\" href=\"https:\/\/profile.google.com\/cp\/Cg0vZy8xMWJ6X19wdHBx\" id=\"1879ca67-c98c-4c2e-819b-baafed89dcb4\" target=\"_blank\">Obserwuj<\/a> Plejad\u0119 w Google. Odwied\u017a nas tak\u017ce na <a rel=\"nofollow noopener\" href=\"https:\/\/www.facebook.com\/plejadapl\" id=\"76ea0126-9d67-4a61-b28d-b499d86e0a12\" target=\"_blank\">Facebooku<\/a>, <a rel=\"nofollow noopener\" href=\"https:\/\/www.instagram.com\/plejadapl\/\" id=\"f1115767-aa40-4135-b0d7-962d93ba5046\" target=\"_blank\">Instagramie<\/a>, <a rel=\"nofollow noopener\" href=\"https:\/\/www.youtube.com\/c\/plejada\" id=\"1b117da8-0e38-40cd-82b9-c058d3643b5d\" target=\"_blank\">YouTubie<\/a> oraz <a rel=\"nofollow noopener\" href=\"https:\/\/www.tiktok.com\/@plejada_pl\" id=\"6f8b648e-aba5-48c8-9fbd-7f2a68c7194b\" target=\"_blank\">TikToku<\/a>.<\/p>\n<p class=\"ods-c-paragraph \">Chcesz podzieli\u0107 si\u0119 ciekawym newsem lub zaproponowa\u0107 temat? Skontaktuj si\u0119 z nami, pisz\u0105c maila na adres: <a rel=\"nofollow noopener\" href=\"https:\/\/plejada.pl\/newsy\/adam-sztaba-opublikowal-zdjecia-z-zona-wow-para-z-zurnala\/mailto:plejada@redakcjaonet.pl\" id=\"3d59a8cc-fd0a-47ad-ab26-d4f19793c436\" target=\"_blank\">plejada@redakcjaon<\/a><a href=\"https:\/\/et.pl\" id=\"a2fa1aba-9f1e-45ba-88c5-7ea3f2c7afd8\" rel=\"nofollow noopener\" target=\"_blank\">et.pl<\/a>.<\/p>\n<p><script async src=\"\/\/www.instagram.com\/embed.js\"><\/script><script async src=\"\/\/www.tiktok.com\/embed.js\"><\/script><\/p>\n","protected":false},"excerpt":{"rendered":"Adam Sztaba od wielu lat jest jednym z najwybitniejszych i zarazem najbardziej popularnych dyrygent\u00f3w na polskiej scenie muzycznej.&hellip;\n","protected":false},"author":2,"featured_media":154847,"comment_status":"","ping_status":"","sticky":false,"template":"","format":"standard","meta":{"footnotes":""},"categories":[22],"tags":[14743,30959,3845,122,48,125,46,42,38,40,39,41,25865,123,47,2115],"class_list":{"0":"post-154846","1":"post","2":"type-post","3":"status-publish","4":"format-standard","5":"has-post-thumbnail","7":"category-rozrywka","8":"tag-adam_sztaba","9":"tag-agnieszka_dranikowska","10":"tag-dorota_szelagowska","11":"tag-entertainment","12":"tag-nat_styl","13":"tag-newsy","14":"tag-omp","15":"tag-pl","16":"tag-poland","17":"tag-polish","18":"tag-polska","19":"tag-polski","20":"tag-rebrand_ai_tst0","21":"tag-rozrywka","22":"tag-screening_general","23":"tag-zwiazki_gwiazd"},"share_on_mastodon":{"url":"https:\/\/pubeurope.com\/@pl\/115731373033846863","error":""},"_links":{"self":[{"href":"https:\/\/www.europesays.com\/pl\/wp-json\/wp\/v2\/posts\/154846","targetHints":{"allow":["GET"]}}],"collection":[{"href":"https:\/\/www.europesays.com\/pl\/wp-json\/wp\/v2\/posts"}],"about":[{"href":"https:\/\/www.europesays.com\/pl\/wp-json\/wp\/v2\/types\/post"}],"author":[{"embeddable":true,"href":"https:\/\/www.europesays.com\/pl\/wp-json\/wp\/v2\/users\/2"}],"replies":[{"embeddable":true,"href":"https:\/\/www.europesays.com\/pl\/wp-json\/wp\/v2\/comments?post=154846"}],"version-history":[{"count":0,"href":"https:\/\/www.europesays.com\/pl\/wp-json\/wp\/v2\/posts\/154846\/revisions"}],"wp:featuredmedia":[{"embeddable":true,"href":"https:\/\/www.europesays.com\/pl\/wp-json\/wp\/v2\/media\/154847"}],"wp:attachment":[{"href":"https:\/\/www.europesays.com\/pl\/wp-json\/wp\/v2\/media?parent=154846"}],"wp:term":[{"taxonomy":"category","embeddable":true,"href":"https:\/\/www.europesays.com\/pl\/wp-json\/wp\/v2\/categories?post=154846"},{"taxonomy":"post_tag","embeddable":true,"href":"https:\/\/www.europesays.com\/pl\/wp-json\/wp\/v2\/tags?post=154846"}],"curies":[{"name":"wp","href":"https:\/\/api.w.org\/{rel}","templated":true}]}}