{"id":154848,"date":"2025-12-16T21:30:05","date_gmt":"2025-12-16T21:30:05","guid":{"rendered":"https:\/\/www.europesays.com\/pl\/154848\/"},"modified":"2025-12-16T21:30:05","modified_gmt":"2025-12-16T21:30:05","slug":"wyciek-danych-z-pomaranczowej-platformy-listy-uzytkownikow-zlaczone-z-imieniem-i-nazwiskiem","status":"publish","type":"post","link":"https:\/\/www.europesays.com\/pl\/154848\/","title":{"rendered":"Wyciek danych z pomara\u0144czowej platformy. Listy u\u017cytkownik\u00f3w z\u0142\u0105czone z imieniem i nazwiskiem"},"content":{"rendered":"<p>W sieci pojawi\u0142 si\u0119 g\u0142o\u015bny wyciek danych z pomara\u0144czowej platformy. Problem jest o tyle du\u017cy, \u017ce da si\u0119 powi\u0105za\u0107 loginy i nazwy kont z imieniem i nazwiskiem. Au\u0107.<\/p>\n<p>Niekt\u00f3rym zrobi\u0142o si\u0119 dzisiaj naprawd\u0119 gor\u0105co. Hakerzy doskonale wiedz\u0105, \u017ce ludzie niekoniecznie chc\u0105 dzieli\u0107 si\u0119 ze \u015bwiatem swoj\u0105 histori\u0105 ogl\u0105danych materia\u0142\u00f3w na pomara\u0144czowej platformie, wi\u0119c zanim dane wyciekn\u0105, to prosz\u0105 o kas\u0119.<\/p>\n<p>Ju\u017c teraz publikowane maj\u0105 by\u0107 jednak ca\u0142e listy z nazwami u\u017cytkownik\u00f3w w celu uwierzytelnienia, \u017ce do wycieku dosz\u0142o. Potwierdzono, \u017ce dane u\u017cytkownik\u00f3w pomara\u0144czowej platformy rzeczywi\u015bcie trafi\u0142a w niepowo\u0142ane r\u0119ce. Serwis nawet nie pr\u00f3buje tego ukrywa\u0107.<\/p>\n<p>G\u0142\u00f3wnie dlatego, \u017ce naruszono systemy po\u015brednika, a nie samego serwisu. Nie ma tu wi\u0119c winy samej platformy.<\/p>\n<p>Niekt\u00f3rzy s\u0105 szanta\u017cowani<\/p>\n<p>ShinyHunters, grupa, kt\u00f3ra przyznaje si\u0119 do ataku, ju\u017c rozes\u0142a\u0142a do u\u017cytkownik\u00f3w maile zaczynaj\u0105ce si\u0119 od \u201eWe are ShinyHunters\u201d, w kt\u00f3rych gro\u017c\u0105 publikacj\u0105 danych, je\u015bli nie zostanie zap\u0142acony okup.<\/p>\n<p>Je\u017celi nigdzie nie podawali\u015bcie swojego imienia i nazwiska, ani nie kupowali\u015bcie nigdy statusu Premium, to nic si\u0119 nie powinno dzia\u0107.<\/p>\n<p>Chodzi tu przede wszystkim o konta premium \u2013 wyciek\u0142y nicki, dane osobowe, historia ogl\u0105dania, pobierania. Has\u0142a nadal pozostaj\u0105 bezpieczne. Najwy\u017cej wi\u0119c sko\u0144czy si\u0119 na wstydzie.<\/p>\n<p><a href=\"https:\/\/boop.pl\/img\/#https:\/\/img.boop.pl\/uploads\/2025\/12\/250316479749-wyciek-danych-z-pomaranczowej-platf.jpg?class=full\" data-no-instant=\"\" rel=\"noopener nofollow\" target=\"_blank\"><img decoding=\"async\" loading=\"lazy\" class=\"aligncenter size-full img-395919\"   alt=\"\" width=\"1444\" height=\"645\"\/><\/a><\/p>\n<p>Hakerzy twierdz\u0105, \u017ce wykradziono ponad 94 GB danych zawieraj\u0105cych ponad 200 mln rekord\u00f3w danych osobowych w efekcie ataku na Mixpanel \u2013 platform\u0119 analityczn\u0105, po\u0142\u0105czon\u0105 swego czasu z kontami premium.<\/p>\n<p>Teraz tylko pytanie, komu wierzy\u0107. Mixpanel zaprzecza, \u017ce chodzi o ostatnie w\u0142amanie z listopada. PH uwa\u017ca, \u017ce w\u0142a\u015bnie wtedy dosz\u0142o do przej\u0119cia danych z okresu sprzed 2021 roku. To oznacza, \u017ce mowa o archiwalnych danych \u2013 ale w tym przypadku w\u0142a\u015bnie \u201estare grzechy\u201d staj\u0105 si\u0119 dzi\u015b bardzo wygodnym narz\u0119dziem szanta\u017cu.<\/p>\n<p>Dziwne o tyle, \u017ce do \u0142amania mia\u0142o doj\u015b\u0107 8 listopada. Oficjalne komunikaty pojawi\u0142y si\u0119 natomiast dopiero 12 grudnia i zosta\u0142y one w taki spos\u00f3b stworzone, by nie dotar\u0142y do wi\u0119kszo\u015bci u\u017cytkownik\u00f3w.<\/p>\n","protected":false},"excerpt":{"rendered":"W sieci pojawi\u0142 si\u0119 g\u0142o\u015bny wyciek danych z pomara\u0144czowej platformy. Problem jest o tyle du\u017cy, \u017ce da si\u0119&hellip;\n","protected":false},"author":2,"featured_media":154849,"comment_status":"","ping_status":"","sticky":false,"template":"","format":"standard","meta":{"footnotes":""},"categories":[16],"tags":[113,112,3103,21717,42,38,40,39,41],"class_list":{"0":"post-154848","1":"post","2":"type-post","3":"status-publish","4":"format-standard","5":"has-post-thumbnail","7":"category-biznes","8":"tag-biznes","9":"tag-business","10":"tag-dla-ciebie","11":"tag-oht","12":"tag-pl","13":"tag-poland","14":"tag-polish","15":"tag-polska","16":"tag-polski"},"share_on_mastodon":{"url":"","error":""},"_links":{"self":[{"href":"https:\/\/www.europesays.com\/pl\/wp-json\/wp\/v2\/posts\/154848","targetHints":{"allow":["GET"]}}],"collection":[{"href":"https:\/\/www.europesays.com\/pl\/wp-json\/wp\/v2\/posts"}],"about":[{"href":"https:\/\/www.europesays.com\/pl\/wp-json\/wp\/v2\/types\/post"}],"author":[{"embeddable":true,"href":"https:\/\/www.europesays.com\/pl\/wp-json\/wp\/v2\/users\/2"}],"replies":[{"embeddable":true,"href":"https:\/\/www.europesays.com\/pl\/wp-json\/wp\/v2\/comments?post=154848"}],"version-history":[{"count":0,"href":"https:\/\/www.europesays.com\/pl\/wp-json\/wp\/v2\/posts\/154848\/revisions"}],"wp:featuredmedia":[{"embeddable":true,"href":"https:\/\/www.europesays.com\/pl\/wp-json\/wp\/v2\/media\/154849"}],"wp:attachment":[{"href":"https:\/\/www.europesays.com\/pl\/wp-json\/wp\/v2\/media?parent=154848"}],"wp:term":[{"taxonomy":"category","embeddable":true,"href":"https:\/\/www.europesays.com\/pl\/wp-json\/wp\/v2\/categories?post=154848"},{"taxonomy":"post_tag","embeddable":true,"href":"https:\/\/www.europesays.com\/pl\/wp-json\/wp\/v2\/tags?post=154848"}],"curies":[{"name":"wp","href":"https:\/\/api.w.org\/{rel}","templated":true}]}}