{"id":154915,"date":"2025-12-16T22:10:14","date_gmt":"2025-12-16T22:10:14","guid":{"rendered":"https:\/\/www.europesays.com\/pl\/154915\/"},"modified":"2025-12-16T22:10:14","modified_gmt":"2025-12-16T22:10:14","slug":"donald-trump-wywolal-burze-po-smierci-roba-reinera-ostre-reakcje-znanych-osob-2","status":"publish","type":"post","link":"https:\/\/www.europesays.com\/pl\/154915\/","title":{"rendered":"Donald Trump wywo\u0142a\u0142 burz\u0119 po \u015bmierci Roba Reinera. Ostre reakcje znanych os\u00f3b"},"content":{"rendered":"<p class=\"ods-c-paragraph \">Rob Reiner, maj\u0105cy 78 lat, oraz jego 68-letnia \u017cona Michele zostali znalezieni martwi w swoim domu w Brentwood w Los Angeles w niedziel\u0119. Wkr\u00f3tce po tym wydarzeniu Donald Trump opublikowa\u0142 w mediach spo\u0142eczno\u015bciowych wpis, w kt\u00f3rym okre\u015bli\u0142 Reinera jako osob\u0119 &#8222;um\u0119czon\u0105 i zmagaj\u0105c\u0105 si\u0119 z problemami&#8221;, a tak\u017ce stwierdzi\u0142, \u017ce re\u017cyser zmar\u0142 z powodu &#8222;umys\u0142owo parali\u017cuj\u0105cej choroby znanej jako Trump Derangement Syndrome&#8221;. Nast\u0119pnie prezydent podkre\u015bli\u0142 w\u0142asne osi\u0105gni\u0119cia, twierdz\u0105c, \u017ce jego administracja przynios\u0142a Ameryce &#8222;Z\u0142oty Wiek&#8221;.<\/p>\n<p>Dalszy ci\u0105g artyku\u0142u pod materia\u0142em wideo<\/p>\n<p> Co powiedzia\u0142 Donald Trump o Robie Reinerze? <\/p>\n<p> Jak zareagowali politycy na wypowiedzi Trumpa? <\/p>\n<p> Kim by\u0142a Michele Reiner? <\/p>\n<p> Jakie by\u0142y wcze\u015bniejsze problemy syna Reinera? <\/p>\n<p class=\"ods-c-paragraph \">&#8222;Wcale nie by\u0142em jego fanem, by\u0142 dla Trumpa osob\u0105 szalon\u0105&#8221; \u2014 powt\u00f3rzy\u0142 ameryka\u0144ski przyw\u00f3dca podczas poniedzia\u0142kowego spotkania z dziennikarzami w Bia\u0142ym Domu, drwi\u0105c z Reinera i m\u00f3wi\u0105c o sobie w trzeciej osobie. Prezydent doda\u0142, \u017ce re\u017cyser by\u0142 &#8222;jednym z g\u0142\u00f3wnych propagator\u00f3w&#8221; teorii o jego powi\u0105zaniach z Rosj\u0105, co wed\u0142ug niego zaszkodzi\u0142o Reinerowi zawodowo.<\/p>\n<p class=\"ods-c-paragraph \">Syn pary, 32-letni Nick Reiner, zosta\u0142 zatrzymany przez policj\u0119 Los Angeles pod zarzutem morderstwa rodzic\u00f3w. Kaucja zosta\u0142a ustalona na 4 mln dol.<\/p>\n<p>Politycy i gwiazdy pot\u0119piaj\u0105 s\u0142owa Trumpa<\/p>\n<p class=\"ods-c-paragraph \">Wypowiedzi Donalda Trumpa spotka\u0142y si\u0119 z natychmiastow\u0105 reakcj\u0105 ze strony znanych os\u00f3b oraz polityk\u00f3w z obu g\u0142\u00f3wnych partii. Aktor Patrick Schwarzenegger okre\u015bli\u0142 komentarze prezydenta jako &#8222;obrzydliwe i pod\u0142e&#8221;. Prezenterka i aktorka Whoopi Goldberg, przyjaci\u00f3\u0142ka Reinera, r\u00f3wnie\u017c wyrazi\u0142a swoje oburzenie, podkre\u015blaj\u0105c, \u017ce &#8222;nie rozumie, jak mo\u017cna publikowa\u0107 tak bezduszne s\u0142owa po tragedii&#8221;.<\/p>\n<p class=\"ods-c-paragraph \">Dziennikarka i by\u0142a \u017cona Arnolda Schwarzeneggera, Maria Shriver, napisa\u0142a, \u017ce &#8222;wszyscy powinni\u015bmy by\u0107 przera\u017ceni i zniesmaczeni tym nieludzkim zachowaniem, bo w\u0142a\u015bnie tym ono jest&#8221;. Gubernator Kalifornii Gavin Newsom nazwa\u0142 Trumpa &#8222;chorym cz\u0142owiekiem&#8221;, a kongresmen Maxwell Frost z Florydy okre\u015bli\u0142 jego wypowiedzi jako &#8222;odra\u017caj\u0105ce&#8221;. Senator Chris Murphy z Connecticut stwierdzi\u0142, \u017ce prezydent &#8222;straci\u0142 kontakt z rzeczywisto\u015bci\u0105&#8221;, sugeruj\u0105c, \u017ce Trump obwinia Reinera i jego \u017con\u0119 za w\u0142asn\u0105 \u015bmier\u0107 tylko dlatego, \u017ce nie popierali jego polityki.<\/p>\n<p class=\"ods-c-paragraph \">Kongresmenka Zoe Lofgren z Kalifornii uzna\u0142a komentarze Trumpa za &#8222;nowe dno&#8221; i wezwa\u0142a Parti\u0119 Republika\u0144sk\u0105 do ich pot\u0119pienia. Z kolei Marjorie Taylor Greene, republika\u0144ska kongresmenka z Georgii, podkre\u015bli\u0142a, \u017ce tragedia Reinera to sprawa rodzinna, a nie polityczna, i przypomnia\u0142a o wcze\u015bniejszych problemach Nicka Reinera z uzale\u017cnieniem i bezdomno\u015bci\u0105. Greene zaznaczy\u0142a, \u017ce &#8222;wiele rodzin zmaga si\u0119 z podobnymi trudno\u015bciami i nale\u017cy im okaza\u0107 empati\u0119&#8221;.<\/p>\n<p class=\"ods-c-paragraph \">Republika\u0144ski kongresmen Thomas Massie z Kentucky r\u00f3wnie\u017c skrytykowa\u0142 Trumpa, uznaj\u0105c jego komentarz za &#8222;nieodpowiedni i niegodny wobec osoby, kt\u00f3ra w\u0142a\u015bnie zosta\u0142a zamordowana&#8221;. Massie wyzwa\u0142 cz\u0142onk\u00f3w w\u0142asnej partii, w tym wiceprezydenta JD Vance\u2019a i personel Bia\u0142ego Domu, by spr\u00f3bowali broni\u0107 s\u0142\u00f3w prezydenta.<\/p>\n<p>Reiner \u2014 krytyk Trumpa i obro\u0144ca demokracji<\/p>\n<p class=\"ods-c-paragraph \">Rob Reiner od lat by\u0142 jednym z najbardziej zagorza\u0142ych krytyk\u00f3w Donalda Trumpa. W wywiadzie dla &#8222;Variety&#8221; w 2017 r. stwierdzi\u0142, \u017ce Trump nie jest zdolny do pe\u0142nienia funkcji prezydenta. Ostrzega\u0142 r\u00f3wnie\u017c w rozmowie z brytyjskim &#8222;Guardianem&#8221;, \u017ce je\u015bli Trump ponownie wygra wybory w 2024 r., Stany Zjednoczone mog\u0105 zbli\u017cy\u0107 si\u0119 do autokracji.<\/p>\n<p class=\"ods-c-paragraph \">&#8222;Widzimy, jak autokracja rozprzestrzenia si\u0119 na ca\u0142ym \u015bwiecie. Je\u015bli my si\u0119 rozpadniemy, istnieje niebezpiecze\u0144stwo, \u017ce demokracja rozpadnie si\u0119 na ca\u0142ym \u015bwiecie&#8221; \u2014 ostrzega\u0142 re\u017cyser. Mimo ostrej krytyki wobec Trumpa i skrajnie prawicowych ruch\u00f3w, re\u017cyser stanowczo pot\u0119pia\u0142 przemoc polityczn\u0105, zw\u0142aszcza po zamachu na Charliego Kirka. Reiner m\u00f3wi\u0142 w\u00f3wczas, \u017ce takie wydarzenia s\u0105 niewyobra\u017calne i nie powinny spotyka\u0107 nikogo, niezale\u017cnie od pogl\u0105d\u00f3w politycznych.<\/p>\n<p class=\"ods-c-paragraph \">Michele Reiner, \u017cona re\u017cysera, by\u0142a autork\u0105 zdj\u0119cia na ok\u0142adk\u0119 ksi\u0105\u017cki Donalda Trumpa &#8222;The Art of the Deal&#8221; z 1987 r. Rob Reiner wspomina\u0142 w rozmowie z &#8222;Politico&#8221;, \u017ce jego \u017cona jako profesjonalna fotografka wykona\u0142a zdj\u0119cia na szczycie nowojorskiego wie\u017cowca Trumpa, gdzie prezydent mia\u0142 szczeg\u00f3lne wymagania dotycz\u0105ce fryzury.<\/p>\n","protected":false},"excerpt":{"rendered":"Rob Reiner, maj\u0105cy 78 lat, oraz jego 68-letnia \u017cona Michele zostali znalezieni martwi w swoim domu w Brentwood&hellip;\n","protected":false},"author":2,"featured_media":154916,"comment_status":"","ping_status":"","sticky":false,"template":"","format":"standard","meta":{"footnotes":""},"categories":[22],"tags":[44,122,919,48,46,42,38,40,39,41,30553,123,47,511,26],"class_list":{"0":"post-154915","1":"post","2":"type-post","3":"status-publish","4":"format-standard","5":"has-post-thumbnail","7":"category-rozrywka","8":"tag-donald_trump","9":"tag-entertainment","10":"tag-najnowsze_wiadomosci_kultura","11":"tag-nat_styl","12":"tag-omp","13":"tag-pl","14":"tag-poland","15":"tag-polish","16":"tag-polska","17":"tag-polski","18":"tag-rob_reiner","19":"tag-rozrywka","20":"tag-screening_general","21":"tag-smierc","22":"tag-wiadomosci"},"share_on_mastodon":{"url":"https:\/\/pubeurope.com\/@pl\/115731537804117918","error":""},"_links":{"self":[{"href":"https:\/\/www.europesays.com\/pl\/wp-json\/wp\/v2\/posts\/154915","targetHints":{"allow":["GET"]}}],"collection":[{"href":"https:\/\/www.europesays.com\/pl\/wp-json\/wp\/v2\/posts"}],"about":[{"href":"https:\/\/www.europesays.com\/pl\/wp-json\/wp\/v2\/types\/post"}],"author":[{"embeddable":true,"href":"https:\/\/www.europesays.com\/pl\/wp-json\/wp\/v2\/users\/2"}],"replies":[{"embeddable":true,"href":"https:\/\/www.europesays.com\/pl\/wp-json\/wp\/v2\/comments?post=154915"}],"version-history":[{"count":0,"href":"https:\/\/www.europesays.com\/pl\/wp-json\/wp\/v2\/posts\/154915\/revisions"}],"wp:featuredmedia":[{"embeddable":true,"href":"https:\/\/www.europesays.com\/pl\/wp-json\/wp\/v2\/media\/154916"}],"wp:attachment":[{"href":"https:\/\/www.europesays.com\/pl\/wp-json\/wp\/v2\/media?parent=154915"}],"wp:term":[{"taxonomy":"category","embeddable":true,"href":"https:\/\/www.europesays.com\/pl\/wp-json\/wp\/v2\/categories?post=154915"},{"taxonomy":"post_tag","embeddable":true,"href":"https:\/\/www.europesays.com\/pl\/wp-json\/wp\/v2\/tags?post=154915"}],"curies":[{"name":"wp","href":"https:\/\/api.w.org\/{rel}","templated":true}]}}