{"id":154921,"date":"2025-12-16T22:14:07","date_gmt":"2025-12-16T22:14:07","guid":{"rendered":"https:\/\/www.europesays.com\/pl\/154921\/"},"modified":"2025-12-16T22:14:07","modified_gmt":"2025-12-16T22:14:07","slug":"zaskakujaca-deklaracja-jacka-kurskiego-w-czasie-wigilii-pis-skasuje-moj-wpis","status":"publish","type":"post","link":"https:\/\/www.europesays.com\/pl\/154921\/","title":{"rendered":"Zaskakuj\u0105ca deklaracja Jacka Kurskiego w czasie wigilii PiS. &#8222;Skasuj\u0119 m\u00f3j wpis&#8221;"},"content":{"rendered":"<p class=\"ods-c-paragraph \">&#8222;Za chwil\u0119 skasuj\u0119 m\u00f3j wpis na temat sytuacji na prawicy&#8221; \u2014 og\u0142osi\u0142 Jacek Kurski we wtorkowym po\u015bcie w mediach spo\u0142eczno\u015bciowych zamieszczonym w czasie <a href=\"https:\/\/wiadomosci.onet.pl\/kraj\/jacek-kurski-zapytany-o-mateusza-morawieckiego-zlozyl-mu-zyczenia\/nhsb9x0\" id=\"ff5e3644-70c0-45d4-915c-a460d99f65ba\" rel=\"nofollow noopener\" target=\"_blank\">partyjnego spotkanie wigilijnego w siedzibie PiS przy ul. Nowogrodzkiej w Warszawie<\/a>.<\/p>\n<p class=\"ods-c-paragraph \">By\u0142y prezes TVP stwierdzi\u0142, \u017ce jego <a href=\"https:\/\/wiadomosci.onet.pl\/kraj\/jacek-kurski-uderza-w-mateusza-morawieckiego-prezes-pis-reaguje-niefortunne\/nvq125w\" id=\"46c7aad0-3a25-4cc8-b57d-5634ea45d11d\" rel=\"nofollow noopener\" target=\"_blank\">poniedzia\u0142kowy post o Mateuszu Morawieckim<\/a> &#8222;przyni\u00f3s\u0142 za\u0142o\u017cony skutek&#8221;. Wymieni\u0142 przy tym: &#8222;wzmocnienie przekonania, \u017ce podporz\u0105dkowujemy swoje ambicje dobru obozu patriotycznego, nie chodzimy na rozmowy do fabryk k\u0142amstw o PiS, nie wyrywamy si\u0119 na premiera bez mandatu \u015brodowiska politycznego, nie proponujemy wsp\u00f3lnych rz\u0105d\u00f3w w wielkiej koalicji z Donaldem Tuskiem, nie zapowiadamy abolicji dla rz\u0105d\u00f3w bezprawia, nie odcinamy si\u0119 od koleg\u00f3w z PiS zaszczuwanych i \u015bciganych przez re\u017cim, lecz ich wspieramy&#8221;.<\/p>\n<p>Dalszy ci\u0105g artyku\u0142u pod materia\u0142em wideo<br \/>\nJacek Kurski o sytuacji na prawicy. &#8222;Uznajemy hierarchi\u0119 i autorytet&#8221;<\/p>\n<p class=\"ods-c-paragraph \">Jacek Kurski stwierdzi\u0142 te\u017c, \u017ce &#8222;przede wszystkim uznajemy hierarchi\u0119 i autorytet w obozie zjednoczonej prawicy, stawiamy si\u0119 na zaproszenie prezesa Jaros\u0142awa Kaczy\u0144skiego, nie d\u0105samy si\u0119 i nie urz\u0105dzamy konkurencyjnych imprez&#8221;.<\/p>\n<p class=\"ods-c-paragraph \">&#8222;Tylko wtedy b\u0119dziemy gotowi do wsp\u00f3lnych zwyci\u0119stw dla Polski. Dzi\u0119kuj\u0119 prawie 700 tys. os\u00f3b, kt\u00f3re zapozna\u0142y si\u0119 z tekstem na moim profilu&#8221; \u2014 doda\u0142.<\/p>\n<p> Jacek Kurski zapytany o Mateusza Morawieckiego. Z\u0142o\u017cy\u0142 mu &#8222;\u017cyczenia&#8221;<\/p>\n<p class=\"ods-c-paragraph \">Wcze\u015bniej, przed partyjnym spotkaniem wigilijnym w siedzibie Prawa i Sprawiedliwo\u015bci, Jacek Kurski <a href=\"https:\/\/wiadomosci.onet.pl\/kraj\/jacek-kurski-zapytany-o-mateusza-morawieckiego-zlozyl-mu-zyczenia\/nhsb9x0\" id=\"6a3a2aad-6649-49c4-ab2d-2655cf8c2d64\" rel=\"nofollow noopener\" target=\"_blank\">powt\u00f3rzy\u0142 krytyczne komentarze pod adresem Mateusza Morawieckiego<\/a>. By\u0142y prezes TVP stwierdzi\u0142 tak\u017ce, \u017ce nie wybiera si\u0119 na drug\u0105 Wigili\u0119 organizowan\u0105 przez by\u0142ego premiera i \u017cyczy\u0142 politykowi &#8222;refleksji&#8221;.<\/p>\n<p class=\"ods-c-paragraph \"><a href=\"https:\/\/wiadomosci.onet.pl\/kraj\/jacek-kurski-uderza-w-mateusza-morawieckiego-prezes-pis-reaguje-niefortunne\/nvq125w\" id=\"289762c0-b025-4954-a165-7966fc58bdd9\" rel=\"nofollow noopener\" target=\"_blank\">W poniedzia\u0142ek Jacek Kurski skrytykowa\u0142 w mediach spo\u0142eczno\u015bciowych<\/a> &#8222;irracjonalne, nielojalne wobec Jaros\u0142awa Kaczy\u0144skiego zachowania Mateusza Morawieckiego&#8221;. Zapytany od razu o wpis by\u0142ego prezesa TVP prezes PiS oceni\u0142 to jako <a href=\"https:\/\/wiadomosci.onet.pl\/kraj\/jacek-kurski-uderza-w-mateusza-morawieckiego-prezes-pis-reaguje-niefortunne\/nvq125w\" id=\"ed380eca-e538-479f-b020-025cd3db75c8\" rel=\"nofollow noopener\" target=\"_blank\">&#8222;wydarzenie niefortunne&#8221;<\/a>. Wcze\u015bniej pojawi\u0142y si\u0119 doniesienia o tym, \u017ce by\u0142y premier Mateusz Morawiecki organizuje <a href=\"https:\/\/wiadomosci.onet.pl\/kraj\/w-pis-beda-dwie-wigilie-morawiecki-robi-konkurencje-prezesowi\/rdgm2fk\" id=\"a9a02315-5fc8-4725-8d4a-7e1e086b07a5\" rel=\"nofollow noopener\" target=\"_blank\">oddzielne spotkanie wigilijne, po g\u0142\u00f3wnej partyjnej Wigilii w siedzibie PiS<\/a>.<\/p>\n<p class=\"ods-c-paragraph \">Wiceprezes ugrupowania nie w pi\u0105tek na spotkanie Prezydium Komitetu Politycznego partii, na kt\u00f3rym <a href=\"https:\/\/wiadomosci.onet.pl\/rzeszow\/spor-w-pis-mateusz-morawiecki-nie-stawil-sie-w-siedzibie-partii-apeluje-o-jednosc\/409pj67\" id=\"2e0d281f-9659-4148-af3c-ee71f6f9b600\" rel=\"nofollow noopener\" target=\"_blank\">kierownictwo mia\u0142o zdyscyplinowa\u0107 polityk\u00f3w<\/a> wdaj\u0105cych si\u0119 w wewn\u0119trzne k\u0142\u00f3tnie w mediach. W PiS ma trwa\u0107 sp\u00f3r mi\u0119dzy frakcjami Mateusza Morawieckiego, Zbigniewa Ziobry i grup\u0105 skupion\u0105 wok\u00f3\u0142 Patryka Jakiego, Przemys\u0142awa Czarnka, Jacka Sasina i Tobiasza Boche\u0144skiego.<\/p>\n","protected":false},"excerpt":{"rendered":"&#8222;Za chwil\u0119 skasuj\u0119 m\u00f3j wpis na temat sytuacji na prawicy&#8221; \u2014 og\u0142osi\u0142 Jacek Kurski we wtorkowym po\u015bcie w&hellip;\n","protected":false},"author":2,"featured_media":154922,"comment_status":"","ping_status":"","sticky":false,"template":"","format":"standard","meta":{"footnotes":""},"categories":[12],"tags":[23150,32,33,36,37,27,856,49,34,35,3946,28,31,48,25,46,529,42,38,40,39,41,47,29,30,26],"class_list":{"0":"post-154921","1":"post","2":"type-post","3":"status-publish","4":"format-standard","5":"has-post-thumbnail","7":"category-polska","8":"tag-boze_narodzenie_wigilia","9":"tag-breaking-news","10":"tag-breakingnews","11":"tag-featured-news","12":"tag-featurednews","13":"tag-headlines","14":"tag-jacek_kurski","15":"tag-kraj","16":"tag-latest-news","17":"tag-latestnews","18":"tag-mateusz_morawiecki","19":"tag-naglowki","20":"tag-najwazniejsze-artykuly","21":"tag-nat_styl","22":"tag-news","23":"tag-omp","24":"tag-pis","25":"tag-pl","26":"tag-poland","27":"tag-polish","28":"tag-polska","29":"tag-polski","30":"tag-screening_general","31":"tag-top-stories","32":"tag-topstories","33":"tag-wiadomosci"},"share_on_mastodon":{"url":"https:\/\/pubeurope.com\/@pl\/115731553658097459","error":""},"_links":{"self":[{"href":"https:\/\/www.europesays.com\/pl\/wp-json\/wp\/v2\/posts\/154921","targetHints":{"allow":["GET"]}}],"collection":[{"href":"https:\/\/www.europesays.com\/pl\/wp-json\/wp\/v2\/posts"}],"about":[{"href":"https:\/\/www.europesays.com\/pl\/wp-json\/wp\/v2\/types\/post"}],"author":[{"embeddable":true,"href":"https:\/\/www.europesays.com\/pl\/wp-json\/wp\/v2\/users\/2"}],"replies":[{"embeddable":true,"href":"https:\/\/www.europesays.com\/pl\/wp-json\/wp\/v2\/comments?post=154921"}],"version-history":[{"count":0,"href":"https:\/\/www.europesays.com\/pl\/wp-json\/wp\/v2\/posts\/154921\/revisions"}],"wp:featuredmedia":[{"embeddable":true,"href":"https:\/\/www.europesays.com\/pl\/wp-json\/wp\/v2\/media\/154922"}],"wp:attachment":[{"href":"https:\/\/www.europesays.com\/pl\/wp-json\/wp\/v2\/media?parent=154921"}],"wp:term":[{"taxonomy":"category","embeddable":true,"href":"https:\/\/www.europesays.com\/pl\/wp-json\/wp\/v2\/categories?post=154921"},{"taxonomy":"post_tag","embeddable":true,"href":"https:\/\/www.europesays.com\/pl\/wp-json\/wp\/v2\/tags?post=154921"}],"curies":[{"name":"wp","href":"https:\/\/api.w.org\/{rel}","templated":true}]}}