{"id":154927,"date":"2025-12-16T22:17:12","date_gmt":"2025-12-16T22:17:12","guid":{"rendered":"https:\/\/www.europesays.com\/pl\/154927\/"},"modified":"2025-12-16T22:17:12","modified_gmt":"2025-12-16T22:17:12","slug":"swieta-spedzil-w-wiezieniu-maciej-malenczuk-najbardziej-wstrzasajaca-byla-wigilia","status":"publish","type":"post","link":"https:\/\/www.europesays.com\/pl\/154927\/","title":{"rendered":"\u015awi\u0119ta sp\u0119dzi\u0142 w wi\u0119zieniu. Maciej Male\u0144czuk: najbardziej wstrz\u0105saj\u0105ca by\u0142a Wigilia"},"content":{"rendered":"<p class=\"ods-c-paragraph \"><a href=\"https:\/\/plejada.pl\/maciej-malenczuk\" id=\"d45dd3c0-ce1f-4321-b1ac-2a24feec8adc\" rel=\"nofollow noopener\" target=\"_blank\">Maciej Male\u0144czuk<\/a> ju\u017c jako m\u0142ody ch\u0142opak pasjonowa\u0142 si\u0119 muzyk\u0105. W latach 70. zafascynowa\u0142y go brzmienia takich grup jak Led Zeppelin czy The Doors, co p\u00f3\u017aniej odcisn\u0119\u0142o wyra\u017ane pi\u0119tno na jego w\u0142asnym stylu. W 1981 r. odm\u00f3wi\u0142 odbycia obowi\u0105zkowej s\u0142u\u017cby wojskowej, za co trafi\u0142 do wi\u0119zienia. To w\u0142a\u015bnie tam po raz pierwszy zacz\u0105\u0142 gra\u0107 bluesa. Artysta w przesz\u0142o\u015bci zasiada\u0142 przy stole jurorskim w programie &#8222;Idol&#8221;.<\/p>\n<p class=\"ods-c-paragraph \">Polecamy: <a href=\"https:\/\/plejada.pl\/newsy\/maciej-malenczuk-ostro-o-kolegach-z-branzy-w-programach-telewizyjnych-zenuje-mnie\/1q8yxnb\" id=\"777378da-ed0e-4c0a-ab0c-4349921beffc\" rel=\"nofollow noopener\" target=\"_blank\">Maciej Male\u0144czuk ostro o kolegach z bran\u017cy w programach telewizyjnych. &#8222;\u017benuje mnie&#8221;<\/a><\/p>\n<p class=\"ods-c-paragraph \"> W rozmowie z tvn.pl otworzy\u0142 si\u0119 na temat tego, jak wygl\u0105da\u0142y \u015bwi\u0119ta za kratami.<\/p>\n<p>Dalszy ci\u0105g artyku\u0142u pod materia\u0142em wideo<\/p>\n<p> Jakie do\u015bwiadczenia mia\u0142 Maciej Male\u0144czuk w wi\u0119zieniu? <\/p>\n<p> Co szczeg\u00f3lnego dzia\u0142o si\u0119 podczas Wigilii w wi\u0119zieniu? <\/p>\n<p> Jak wygl\u0105da\u0142y \u015bwi\u0119ta w wi\u0119zieniu w opowie\u015bci Male\u0144czuka? <\/p>\n<p> Dlaczego Male\u0144czuk uwa\u017ca\u0142, \u017ce Wigilia by\u0142a wstrz\u0105saj\u0105ca? <\/p>\n<p>  Maciej Male\u0144czuk o \u015bwi\u0119tach w wi\u0119zieniu   <\/p>\n<p class=\"ods-c-paragraph \">Pobyt za kratami okaza\u0142 si\u0119 dla Macieja Male\u0144czuka okresem intensywnej pracy tw\u00f3rczej. W odosobnieniu m\u00f3g\u0142 po\u015bwi\u0119ci\u0107 si\u0119 rozwijaniu umiej\u0119tno\u015bci muzycznych, co z czasem prze\u0142o\u017cy\u0142o si\u0119 na jego p\u00f3\u017aniejsze osi\u0105gni\u0119cia artystyczne. Charakterystyczne, bezkompromisowe teksty artysty wielokrotnie czerpa\u0142y inspiracj\u0119 z prze\u017cy\u0107, kt\u00f3re towarzyszy\u0142y mu w tamtym okresie.<\/p>\n<blockquote class=\"ods-o-quota\">\n<p class=\"ods-o-quota__paragraph\">Najbardziej wstrz\u0105saj\u0105ca i oczywi\u015bcie nigdy tego nie zapomn\u0119, by\u0142a Wigilia i \u015bwi\u0119ta w wi\u0119zieniu. Poniewa\u017c jako\u015b tak si\u0119 z\u0142o\u017cy\u0142o, \u017ce wszyscy dostali\u015bmy paczki i by\u0142o dwunastu ch\u0142opa i pe\u0142no \u017carcia. Tort zrobili\u015bmy i tak dalej. Pami\u0119tam, \u017ce wi\u0119cej tego \u017carcia by\u0142o na stole, ni\u017c kiedykolwiek widzia\u0142em w domu, a to by\u0142o wi\u0119zienie<\/p>\n<\/blockquote>\n<p class=\"ods-c-paragraph \">\u2014 opowiada\u0142.<\/p>\n<p class=\"ods-c-paragraph \">Przeczytaj tak\u017ce: <a href=\"https:\/\/plejada.pl\/newsy\/ralph-kaminski-gorzko-o-zarobkach-artystow-juz-sie-te-czasy-skonczyly\/qf290f4\" id=\"0830b9df-7043-4efc-a594-45b3516fc0e3\" rel=\"nofollow noopener\" target=\"_blank\">Ralph Kaminski gorzko o zarobkach artyst\u00f3w. &#8222;Ju\u017c si\u0119 te czasy sko\u0144czy\u0142y&#8221;<\/a><\/p>\n<p class=\"ods-c-paragraph \">Muzyk postanowi\u0142 podzieli\u0107 si\u0119 tortem ze wszystkimi.<\/p>\n<blockquote class=\"ods-o-quota\">\n<p class=\"ods-o-quota__paragraph\">Rozsy\u0142ali\u015bmy ten tort na wszystkie strony za pomoc\u0105 tak zwanej &#8222;chabety&#8221;. To jest taki kawa\u0142ek kabla, kt\u00f3ry si\u0119 rzuca tak, \u017ceby w innej celi go z\u0142apali i co\u015b tam mo\u017cna by\u0142o przekaza\u0107. I przekazali\u015bmy zaprzyja\u017anionej celi wielki kawa\u0142 tortu. Oni na to: &#8222;to my wam teraz przy\u015blemy nasz tort&#8221;. I przys\u0142ali tak\u0105 such\u0105 pi\u0119tk\u0119 chleba<\/p>\n<\/blockquote>\n<p class=\"ods-c-paragraph \">\u2014 doda\u0142.<\/p>\n<p class=\"ods-c-paragraph \">Artysta przyzna\u0142, \u017ce w\u0142a\u015bnie wtedy dotar\u0142o do niego, i\u017c nie ka\u017cdy osadzony mo\u017ce liczy\u0107 na takie wsparcie i zainteresowanie ze strony bliskich, jakie on sam otrzymywa\u0142.<\/p>\n<blockquote class=\"ods-o-quota\">\n<p class=\"ods-o-quota__paragraph\">Kurcz\u0119, nic tam nie mieli na tej celi. Pami\u0119tam, \u017ce to zrobi\u0142o na mnie du\u017ce wra\u017cenie, bo mi si\u0119 wydawa\u0142o, \u017ce wszyscy tak maj\u0105. \u017be wszystkie cele dosta\u0142y paczki i tak dalej. Wszyscy mamy rodziny. I si\u0119 nagle okaza\u0142o, \u017ce cela numer cztery ma suchy chleb na stole<\/p>\n<\/blockquote>\n<p class=\"ods-c-paragraph \">\u2014 podsumowa\u0142.<\/p>\n<p><img decoding=\"async\" src=\"https:\/\/www.europesays.com\/pl\/wp-content\/uploads\/2025\/12\/Fkdk9lBaHR0cHM6Ly9vY2RuLmV1L3B1bHNjbXMvTURBXy9hNjhkNmQ1ZDkzMTQwOWE0ZTA3MDY1ZmJkYmMwNDRlNS5qcGeRlQLNB.jpeg\" height=\"627\" width=\"940\" alt=\"Maciej Male\u0144czuk\" loading=\"lazy\" class=\"ods-c-image__img ods-c-image__img--viewport-width\"\/><\/p>\n<p>Maciej Male\u0144czukMaciej Kr\u00fcger \/ Onet<\/p>\n<p class=\"ods-c-paragraph \">Dzi\u0119kujemy, \u017ce przeczyta\u0142a\u015b\/e\u015b nasz artyku\u0142 do ko\u0144ca. W serwisie Plejada.pl ka\u017cdego dnia piszemy o najwa\u017cniejszych wydarzeniach show-biznesowych. B\u0105d\u017a na bie\u017c\u0105co! <a rel=\"nofollow noopener\" href=\"https:\/\/profile.google.com\/cp\/Cg0vZy8xMWJ6X19wdHBx\" id=\"3b19d65d-0fed-41f1-a202-278f8fdc0ce5\" target=\"_blank\">Obserwuj<\/a> Plejad\u0119 w Wiadomo\u015bciach Google. Odwied\u017a nas tak\u017ce na <a rel=\"nofollow noopener\" href=\"https:\/\/www.facebook.com\/plejadapl\" id=\"d1a4c552-f855-48ea-8586-02096725df9c\" target=\"_blank\">Facebooku<\/a>, <a rel=\"nofollow noopener\" href=\"https:\/\/www.instagram.com\/plejadapl\/\" id=\"3c9549fc-580c-42b4-ab81-ec78ebdd0696\" target=\"_blank\">Instagramie<\/a>, <a rel=\"nofollow noopener\" href=\"https:\/\/www.youtube.com\/c\/plejada\" id=\"d4beceaf-508f-4d58-901a-e6cf2507efc9\" target=\"_blank\">YouTube<\/a> oraz <a rel=\"nofollow noopener\" href=\"https:\/\/www.tiktok.com\/@plejada_pl\" id=\"059b094f-2c47-4b99-90c5-97515b7f875c\" target=\"_blank\">TikToku<\/a>.<\/p>\n<p class=\"ods-c-paragraph \">Chcesz podzieli\u0107 si\u0119 ciekawym newsem lub zaproponowa\u0107 temat? Skontaktuj si\u0119 z nami, pisz\u0105c e-maila na adres: <a rel=\"nofollow noopener\" href=\"https:\/\/plejada.pl\/newsy\/swieta-spedzil-w-wiezieniu-maciej-malenczuk-najbardziej-wstrzasajaca-byla-wigilia\/mailto:plejada@redakcjaonet.pl\" id=\"4571456b-4ba0-4645-9d11-df55c5623657\" target=\"_blank\">plejada@redakcjaonet.pl<\/a>.<\/p>\n<p><script async src=\"\/\/www.instagram.com\/embed.js\"><\/script><script async src=\"\/\/www.tiktok.com\/embed.js\"><\/script><\/p>\n","protected":false},"excerpt":{"rendered":"Maciej Male\u0144czuk ju\u017c jako m\u0142ody ch\u0142opak pasjonowa\u0142 si\u0119 muzyk\u0105. W latach 70. zafascynowa\u0142y go brzmienia takich grup jak&hellip;\n","protected":false},"author":2,"featured_media":154928,"comment_status":"","ping_status":"","sticky":false,"template":"","format":"standard","meta":{"footnotes":""},"categories":[22],"tags":[122,30966,48,125,46,42,38,40,39,41,25865,123,47],"class_list":{"0":"post-154927","1":"post","2":"type-post","3":"status-publish","4":"format-standard","5":"has-post-thumbnail","7":"category-rozrywka","8":"tag-entertainment","9":"tag-maciej_malenczuk","10":"tag-nat_styl","11":"tag-newsy","12":"tag-omp","13":"tag-pl","14":"tag-poland","15":"tag-polish","16":"tag-polska","17":"tag-polski","18":"tag-rebrand_ai_tst0","19":"tag-rozrywka","20":"tag-screening_general"},"share_on_mastodon":{"url":"https:\/\/pubeurope.com\/@pl\/115731565550153579","error":""},"_links":{"self":[{"href":"https:\/\/www.europesays.com\/pl\/wp-json\/wp\/v2\/posts\/154927","targetHints":{"allow":["GET"]}}],"collection":[{"href":"https:\/\/www.europesays.com\/pl\/wp-json\/wp\/v2\/posts"}],"about":[{"href":"https:\/\/www.europesays.com\/pl\/wp-json\/wp\/v2\/types\/post"}],"author":[{"embeddable":true,"href":"https:\/\/www.europesays.com\/pl\/wp-json\/wp\/v2\/users\/2"}],"replies":[{"embeddable":true,"href":"https:\/\/www.europesays.com\/pl\/wp-json\/wp\/v2\/comments?post=154927"}],"version-history":[{"count":0,"href":"https:\/\/www.europesays.com\/pl\/wp-json\/wp\/v2\/posts\/154927\/revisions"}],"wp:featuredmedia":[{"embeddable":true,"href":"https:\/\/www.europesays.com\/pl\/wp-json\/wp\/v2\/media\/154928"}],"wp:attachment":[{"href":"https:\/\/www.europesays.com\/pl\/wp-json\/wp\/v2\/media?parent=154927"}],"wp:term":[{"taxonomy":"category","embeddable":true,"href":"https:\/\/www.europesays.com\/pl\/wp-json\/wp\/v2\/categories?post=154927"},{"taxonomy":"post_tag","embeddable":true,"href":"https:\/\/www.europesays.com\/pl\/wp-json\/wp\/v2\/tags?post=154927"}],"curies":[{"name":"wp","href":"https:\/\/api.w.org\/{rel}","templated":true}]}}