{"id":154940,"date":"2025-12-16T22:30:11","date_gmt":"2025-12-16T22:30:11","guid":{"rendered":"https:\/\/www.europesays.com\/pl\/154940\/"},"modified":"2025-12-16T22:30:11","modified_gmt":"2025-12-16T22:30:11","slug":"pko-bp-ekstraklasa-rakow-czestochowa-postanowil-skrocic-wypozyczenie-leonardo-rochy-do-zaglebia-lubin-sport-tvp-pl","status":"publish","type":"post","link":"https:\/\/www.europesays.com\/pl\/154940\/","title":{"rendered":"PKO BP Ekstraklasa. Rak\u00f3w Cz\u0119stochowa postanowi\u0142 skr\u00f3ci\u0107 wypo\u017cyczenie Leonardo Rochy do Zag\u0142\u0119bia Lubin &#8211; sport.tvp.pl"},"content":{"rendered":"<ol>\n<li><a href=\"https:\/\/news.google.com\/rss\/articles\/CBMinwFBVV95cUxQQnFOc2l2R1g1ZVFVRWhMdkc5clpvOXVENGxhNXN1NlBuLWtoZzRtQUo2N1NvZjZOc2pIYlJZVU5NTXBkbnJ6clFGSlRFNTZacDBSbm50a1BSZ0xXV1VVQUljVkUzX2JrdXRJQ0xMLVNBSnpXWmZvaGM4WGZKakJSeEplMVFVdHBjWmN4Z0RBRkpjWVQ5S2tVTFM0TFp3VGPSAaQBQVVfeXFMTzA5WlFEdjkxN0pURmVfXzh0amZHRG1JdE5VNVVVSDJtN21PTlZZVlkxSmEyUFpVaVZwX1RPaGJwdWZscU5TTTUxR3k0TlNIZC12YUFJdTZyWDNaYjFxd0x1SmtEb3gtanVOOEJHODRxaFp0aGxIRVRvMGRDWXQybU12WEQySkNLWm1lMlZlVjlPd0JEYmxmY3ZTYWltemZuUDdLX0g?oc=5\" target=\"_blank\" rel=\"nofollow noopener\">PKO BP Ekstraklasa. Rak\u00f3w Cz\u0119stochowa postanowi\u0142 skr\u00f3ci\u0107 wypo\u017cyczenie Leonardo Rochy do Zag\u0142\u0119bia Lubin<\/a>&nbsp;&nbsp;sport.tvp.pl<\/li>\n<li><a href=\"https:\/\/news.google.com\/rss\/articles\/CBMiwwFBVV95cUxQaV9Rd0QtbzFBMThzdTRPNFpUamxwQkluaTBEc2lGZXpYS1BYR3VvdFpGUlRVMkJwYm5zV3o0TGNXNkFRc3VIWW1hMklrTXBwWWFmQUNkZmZjSXV4VFM0OUVHOHBWaEVsS010djd0QkI4Q2dTdS1Vdm1hU1J0NVNseHZZSUlVelRidjJKdFd2VmdHZ0JMWXdWV2ZfblF4T2MtMHFvQXNIM0VZb2JkaTZxTFBqQmI2UGhQeVdpZENENXZYbU0?oc=5\" target=\"_blank\" rel=\"nofollow noopener\">By\u0142o tu\u017c po godz. 16. Nag\u0142y komunikat. Rak\u00f3w oficjalnie og\u0142asza<\/a>&nbsp;&nbsp;Przegl\u0105d Sportowy Onet<\/li>\n<li><a href=\"https:\/\/news.google.com\/rss\/articles\/CBMiqwFBVV95cUxQN2pTcXRWNUw5QnV1YUZIQWtNVmoxMzd0eENLTTZObEFTSy12SU5wNUdjODBRS2VJRVVaOUEyVGlSMlZHcGJpN2p1aVNXcnZLZExKTTV1UUMtOXJfdW12Wk9yYUZ1TjVXRlZnV19WOHJmdHFla1lCcjUtWTNTcmtiNjhtYkhNZmhsaFROdjd0X29qcTRzSFZia29XaVozY01RaXlKRUdCWVFrbm8?oc=5\" target=\"_blank\" rel=\"nofollow noopener\">Szykuje si\u0119 wielki powr\u00f3t do Rakowa? Wszystko przez Papszuna<\/a>&nbsp;&nbsp;SportoweFakty<\/li>\n<li><a href=\"https:\/\/news.google.com\/rss\/articles\/CBMiqgFBVV95cUxNeU9VUFZ5R1NhWWpiN3Z1WnNHWmdkclByajBRSmFKcVZ6WXpsMWZ3VHFMTDY3dTBwWklkZkNjajhOdFVCN3N2RjVuTkxZODlDMFRjOXdtZHFHTjZPTVQ3UFlCTUtQQlBUY05fZ0Nzd1hpeHZaT1o3bUNRZk00TTV4cHdhMjNHZS1GbFRzcGM4WmhnYUxucEhhMlpzNk92akU3VVloWmZXYmVWQQ?oc=5\" target=\"_blank\" rel=\"nofollow noopener\">Papszun go skre\u015bli\u0142, a teraz takie wie\u015bci! Zwrot ws. gwiazdy Ekstraklasy<\/a>&nbsp;&nbsp;Sport.pl<\/li>\n<li><a href=\"https:\/\/news.google.com\/rss\/articles\/CBMi9wFBVV95cUxOMmVpTmF5Q1E2cUllSFNPVVFGYjg4TVBvU1BwU1NUVXVUNlU1Z2FPQUhhNnpHY3lSUWw5elBfc2JDNjY1MlZnSUZ6SHduSzd0NzBVQ1F0aXA2NnhJTHRablM2ejFHUjdyS1k0SklhaXFValY2WjJOemdVLWZCOGtjZi1ydktlUzR3VWtBM0lOS1c3aW9GOThaN25hbllyMzVfeEVPVW9pZlhoMjdpaXlZZzVyZzljck5QWTNVTTZyb0ZJRUlZQ1V3ZTFzYUhQTm9LRTJyR3hhd0N2bTg4ZndEUXpmWWU5NnRTZHlZQzUzczlIVzVCbkJr?oc=5\" target=\"_blank\" rel=\"nofollow noopener\">Leonardo Rocha wraca do Rakowa. Klub skr\u00f3ci\u0142 wypo\u017cyczenie do Lubina, czy Zag\u0142\u0119bie odpowie?<\/a>&nbsp;&nbsp;Flashscore.pl<\/li>\n<\/ol>\n","protected":false},"excerpt":{"rendered":"PKO BP Ekstraklasa. Rak\u00f3w Cz\u0119stochowa postanowi\u0142 skr\u00f3ci\u0107 wypo\u017cyczenie Leonardo Rochy do Zag\u0142\u0119bia Lubin&nbsp;&nbsp;sport.tvp.pl By\u0142o tu\u017c po godz. 16.&hellip;\n","protected":false},"author":2,"featured_media":154941,"comment_status":"","ping_status":"","sticky":false,"template":"","format":"standard","meta":{"footnotes":""},"categories":[24],"tags":[21173,2573,42,38,40,39,41,3177,127,334,126,3363],"class_list":{"0":"post-154940","1":"post","2":"type-post","3":"status-publish","4":"format-standard","5":"has-post-thumbnail","7":"category-sport","8":"tag-leonardo-rocha","9":"tag-pko-bp-ekstraklasa","10":"tag-pl","11":"tag-poland","12":"tag-polish","13":"tag-polska","14":"tag-polski","15":"tag-rakw-czestochowa","16":"tag-sport","17":"tag-sport-tvp-pl","18":"tag-sports","19":"tag-zaglebie-lubin"},"share_on_mastodon":{"url":"https:\/\/pubeurope.com\/@pl\/115731616590805490","error":""},"_links":{"self":[{"href":"https:\/\/www.europesays.com\/pl\/wp-json\/wp\/v2\/posts\/154940","targetHints":{"allow":["GET"]}}],"collection":[{"href":"https:\/\/www.europesays.com\/pl\/wp-json\/wp\/v2\/posts"}],"about":[{"href":"https:\/\/www.europesays.com\/pl\/wp-json\/wp\/v2\/types\/post"}],"author":[{"embeddable":true,"href":"https:\/\/www.europesays.com\/pl\/wp-json\/wp\/v2\/users\/2"}],"replies":[{"embeddable":true,"href":"https:\/\/www.europesays.com\/pl\/wp-json\/wp\/v2\/comments?post=154940"}],"version-history":[{"count":0,"href":"https:\/\/www.europesays.com\/pl\/wp-json\/wp\/v2\/posts\/154940\/revisions"}],"wp:featuredmedia":[{"embeddable":true,"href":"https:\/\/www.europesays.com\/pl\/wp-json\/wp\/v2\/media\/154941"}],"wp:attachment":[{"href":"https:\/\/www.europesays.com\/pl\/wp-json\/wp\/v2\/media?parent=154940"}],"wp:term":[{"taxonomy":"category","embeddable":true,"href":"https:\/\/www.europesays.com\/pl\/wp-json\/wp\/v2\/categories?post=154940"},{"taxonomy":"post_tag","embeddable":true,"href":"https:\/\/www.europesays.com\/pl\/wp-json\/wp\/v2\/tags?post=154940"}],"curies":[{"name":"wp","href":"https:\/\/api.w.org\/{rel}","templated":true}]}}