{"id":154946,"date":"2025-12-16T22:37:11","date_gmt":"2025-12-16T22:37:11","guid":{"rendered":"https:\/\/www.europesays.com\/pl\/154946\/"},"modified":"2025-12-16T22:37:11","modified_gmt":"2025-12-16T22:37:11","slug":"tvp-podala-ekipe-na-igrzyska-przemyslaw-babiarz-w-studiu-skoki-skomentuje-rudzinski","status":"publish","type":"post","link":"https:\/\/www.europesays.com\/pl\/154946\/","title":{"rendered":"TVP poda\u0142a ekip\u0119 na igrzyska. Przemys\u0142aw Babiarz w studiu, skoki skomentuje Rudzi\u0144ski"},"content":{"rendered":"\n<p>Zawody 25. edycji igrzysk b\u0119d\u0105 rozgrywane w\u00a0czterech strefach oddalonych od siebie nawet o\u00a0ok. 400 km. W\u00a0Mediolanie odb\u0119dzie si\u0119 ceremonia otwarcia i\u00a0rywalizacja \u0142y\u017cwiarzy szybkich oraz short track. Na tej arenie komentowa\u0107 b\u0119d\u0105 Piotr D\u0119bowski i\u00a0Zbigniew Br\u00f3dka, a\u00a0z\u00a0p\u0142yty lodowiska relacjonowa\u0107 ma Aleksander Dzi\u0119cio\u0142owski.<\/p>\n<p>Turnieje skok\u00f3w skomentuj\u0105 Rudzi\u0144ski i\u00a0Lele\u0144  <\/p>\n<p>W Predazzo, gdzie zaplanowano skoki narciarskie i\u00a0ewentualnie kombinacj\u0119 narciarsk\u0105, pojawi\u0105 si\u0119 Marek Rudzi\u0144ski i\u00a0Mateusz Lele\u0144. Z\u00a0zaplecza skoczni relacjonowa\u0107 b\u0119dzie reporter Aleksander Roj. W\u00a0Anterselvie biathlon skomentuj\u0105 Piotr Sobczy\u0144ski i\u00a0Weronika Nowakowska, a\u00a0reporterem b\u0119dzie Eryk Wi\u0119syk.<\/p>\n<p>Marek Rudzi\u0144ski wsp\u00f3\u0142prac\u0119 z\u00a0publicznym nadawc\u0105 zacz\u0105\u0142 wiosn\u0105 2025 roku, wracaj\u0105c do TVP po o\u015bmiu latach pracy w\u00a0Eurosporcie. Na pocz\u0105tku grudnia razem z\u00a0Leleniem komentowa\u0142 zawody Pucharu \u015awiata w\u00a0Wi\u015ble. Przypomnijmy, \u017ce od kilku lat zdecydowan\u0105 wi\u0119kszo\u015b\u0107 turniej\u00f3w z\u00a0tego cyklu transmituje TVN Warner. Bros Discovery, za\u015b TVP ma prawa tylko do zawod\u00f3w w\u00a0Wi\u015ble i\u00a0Zakopanem.<\/p>\n<p> <img role=\"presentation\" class=\"absolute left-1\/2 top-1\/2 max-h-[80%] max-w-[100px] -translate-x-1\/2 -translate-y-1\/2\" src=\"https:\/\/www.europesays.com\/pl\/wp-content\/uploads\/2025\/12\/wm-placeholder.png\" loading=\"lazy\" decoding=\"async\"\/> <\/p>\n<p>Cortina d&#8217;Ampezzo to centrum narciarstwa alpejskiego. TVP wy\u015ble tam reportera Jakuba Pobo\u017cniaka. Snowboard w\u00a0Livigno obs\u0142u\u017cy reportersko Micha\u0142 Chmielewski. W\u00a0Mediolanie, obok konkurencji \u0142y\u017cwiarskich, widzowie zobacz\u0105 r\u00f3wnie\u017c short track w\u00a0ramach jednej transmisyjnej logistyki. TVP wskazuje, \u017ce igrzyska obejm\u0105 16 dyscyplin i\u00a0116 komplet\u00f3w medali.<\/p>\n<p>Przemys\u0142aw Babiarz z\u00a0Warszawy o\u00a0\u0142y\u017cwiarstwie figurowym <\/p>\n<p>Z Warszawy komentatorsko b\u0119d\u0105 obs\u0142ugiwane: curling, narciarstwo alpejskie, biegi narciarskie saneczkarstwo, snowboard, \u0142y\u017cwiarstwo figurowe, narciarstwo dowolne, kombinacja norweska, skeleton, hokej na lodzie, bobsleje i\u00a0skialpinizm. Nadawca publiczny zauwa\u017cy\u0142, \u017ce z\u00a0Woronicza b\u0119d\u0105 obs\u0142ugiwane dyscypliny, w\u00a0kt\u00f3rych szanse medalowe Polak\u00f3w s\u0105 ma\u0142e.<\/p>\n<p> <img decoding=\"async\" src=\"https:\/\/www.europesays.com\/pl\/wp-content\/uploads\/2025\/12\/newsletter-widget-bg-desktop.png\" alt=\"\" class=\"wm-newsletter-article-bg\"\/><\/p>\n<p>  Codziennie rano<\/p>\n<p>  Oferty pracy<\/p>\n<p>  50 tysi\u0119cy subskrybent\u00f3w<\/p>\n<p> Dzi\u0119kujemy za zapisanie si\u0119 do newsletteraWirtualne Media<\/p>\n<p class=\"wm-newsletter-success-banner-text\">Sprawd\u017a swoj\u0105 skrzynk\u0119 odbiorcz\u0105. <\/p>\n<p>\u2013 Tak b\u0119dzie cho\u0107by w\u00a0przypadku \u0142y\u017cwiarstwa figurowego, kt\u00f3re skomentuje Przemys\u0142aw Babiarz. B\u0119dzie on tak\u017ce jednym z\u00a0prowadz\u0105cych igrzyskowe studia oraz ekspertem przy okazji konkurs\u00f3w skok\u00f3w narciarskich \u2013 poinformowa\u0142 <a href=\"https:\/\/www.wirtualnemedia.pl\/tvp-sport,temat,7166187041691265\" rel=\"noopener noreferrer nofollow\" target=\"_blank\">TVP Sport<\/a>.<\/p>\n<p> <img role=\"presentation\" class=\"absolute left-1\/2 top-1\/2 max-h-[80%] max-w-[100px] -translate-x-1\/2 -translate-y-1\/2\" src=\"https:\/\/www.europesays.com\/pl\/wp-content\/uploads\/2025\/12\/wm-placeholder.png\" loading=\"lazy\" decoding=\"async\"\/> <\/p>\n<p>Opr\u00f3cz anten g\u0142\u00f3wnych publiczny nadawca planuje wzmocnion\u0105 obs\u0142ug\u0119 w\u00a0internecie i\u00a0mediach spo\u0142eczno\u015bciowych. Za tre\u015bci digital odpowiada\u0107 maj\u0105 Justyna Pietraszko, Katarzyna Andrzejewska i\u00a0Robert B\u0142o\u0144ski. W\u00a0ram\u00f3wce online znajdzie si\u0119 te\u017c cykl &#8222;Halo, tu Mediolan&#8221;, kt\u00f3ry poprowadzi Justyna Kotomska.<\/p>\n<p>Na pocz\u0105tku 2023 roku koncern Warner Bros. Discovery wsp\u00f3lnie z\u00a0Europejsk\u0105 Uni\u0105 Nadawc\u00f3w (EBU) <a href=\"https:\/\/www.wirtualnemedia.pl\/igrzyska-olimpijskie-transmisje-umowa-discovery-eurosport,7169718669567617a\" rel=\"noopener noreferrer nofollow\" target=\"_blank\">pozyska\u0142y prawa<\/a> do transmisji na 49 rynkach w\u00a0Europie, m.in. w\u00a0Polsce, czterech igrzysk olimpijskich zaplanowanych w\u00a0latach 2026-2032. Cz\u0142onkowie EBU, a\u00a0wi\u0119c m.in. TVP, mog\u0105 pokaza\u0107 do 200 godzin transmisji z\u00a0letnich igrzysk i\u00a0co najmniej 100 godzin z\u00a0zimowych. <a href=\"https:\/\/www.wirtualnemedia.pl\/igrzyska-zimowe-eurosport-transmisja-milano-cortina-2026,7216130416667296a\" rel=\"noopener noreferrer nofollow\" target=\"_blank\">Wszystkie transmisje<\/a> b\u0119d\u0105 dost\u0119pne w\u00a0kana\u0142ach Eurosport i\u00a0na platformie HBO Max.<\/p>\n<p>Babiarz przy skokach i\u00a0na\u00a0igrzyskach <\/p>\n<p>Przemys\u0142aw Babiarz przez lata komentowa\u0142 najwa\u017cniejsze zawody w\u00a0skokach narciarskich pokazywane przez Telewizj\u0119 Polsk\u0105. Do wiosny 2019 roku tworzy\u0142 duet zwykle z\u00a0W\u0142odzimierzem Szaranowiczem, a\u00a0potem z\u00a0innymi dziennikarzami, m.in. Stanis\u0142awem Snopkiem.<\/p>\n<p> <img role=\"presentation\" class=\"absolute left-1\/2 top-1\/2 max-h-[80%] max-w-[100px] -translate-x-1\/2 -translate-y-1\/2\" src=\"https:\/\/www.europesays.com\/pl\/wp-content\/uploads\/2025\/12\/wm-placeholder.png\" loading=\"lazy\" decoding=\"async\"\/> <\/p>\n<p>W lutym 2022 roku, komentuj\u0105c zdobycie medalu przez Dawida Kubackiego na igrzyskach w\u00a0Pekinie, Babiarz nawi\u0105za\u0142 do tego, \u017ce polscy skoczkowie we wcze\u015bniejszych miesi\u0105cach nie odnosili sukces\u00f3w w\u00a0zawodach transmitowanych w\u00a0TVN. Latem ub.r. Wirtualna Polska <a href=\"https:\/\/www.wirtualnemedia.pl\/przemyslaw-babiarz-igrzyska-zawieszony-jacek-kurski-tvp,7169325909943937a\" rel=\"noopener noreferrer nofollow\" target=\"_blank\">ujawni\u0142a, \u017ce by\u0142 to tekst przekazany dziennikarzowi od \u00f3wczesnego prezesa Telewizji Polskiej Jacka Kurskiego<\/a>.<\/p>\n<p>Natomiast podczas letnich igrzysk latem ub.r. w\u00a0Pekinie Babiarz <a href=\"https:\/\/www.wirtualnemedia.pl\/przemyslaw-babiarz-igrzyska-zawieszony-tvp-krytyka-sdp,7169372730091649a\" rel=\"noopener noreferrer nofollow\" target=\"_blank\">zosta\u0142 na kr\u00f3tko odsuni\u0119ty od pracy przez w\u0142adze TVP<\/a>, po tym jak w\u00a0trakcie ceremonii otwarcia powiedzia\u0142, \u017ce w\u00a0piosence &#8222;Imagine&#8221; Johna Lennona przedstawiona jest &#8222;wizja komunizmu, niestety&#8221;.<\/p>\n<p>Przemys\u0142aw Babiarz z\u00a0TVP jest zwi\u0105zany od 1992 roku. Komentuje przede wszystkim zawody w\u00a0lekkie atletyce, p\u0142ywaniu, \u0142y\u017cwiarstwie figurowym, skokach i\u00a0biegach narciarskich. W\u00a01992 roku pierwszy raz by\u0142 gospodarzem studia podczas igrzysk, a\u00a0jako komentator zadebiutowa\u0142 sze\u015b\u0107 lat p\u00f3\u017aniej na zimowych igrzyskach w\u00a0Nagano.<\/p>\n","protected":false},"excerpt":{"rendered":"Zawody 25. edycji igrzysk b\u0119d\u0105 rozgrywane w\u00a0czterech strefach oddalonych od siebie nawet o\u00a0ok. 400 km. W\u00a0Mediolanie odb\u0119dzie si\u0119&hellip;\n","protected":false},"author":2,"featured_media":154947,"comment_status":"","ping_status":"","sticky":false,"template":"","format":"standard","meta":{"footnotes":""},"categories":[24],"tags":[42,38,40,39,41,127,126],"class_list":{"0":"post-154946","1":"post","2":"type-post","3":"status-publish","4":"format-standard","5":"has-post-thumbnail","7":"category-sport","8":"tag-pl","9":"tag-poland","10":"tag-polish","11":"tag-polska","12":"tag-polski","13":"tag-sport","14":"tag-sports"},"share_on_mastodon":{"url":"https:\/\/pubeurope.com\/@pl\/115731644456807188","error":""},"_links":{"self":[{"href":"https:\/\/www.europesays.com\/pl\/wp-json\/wp\/v2\/posts\/154946","targetHints":{"allow":["GET"]}}],"collection":[{"href":"https:\/\/www.europesays.com\/pl\/wp-json\/wp\/v2\/posts"}],"about":[{"href":"https:\/\/www.europesays.com\/pl\/wp-json\/wp\/v2\/types\/post"}],"author":[{"embeddable":true,"href":"https:\/\/www.europesays.com\/pl\/wp-json\/wp\/v2\/users\/2"}],"replies":[{"embeddable":true,"href":"https:\/\/www.europesays.com\/pl\/wp-json\/wp\/v2\/comments?post=154946"}],"version-history":[{"count":0,"href":"https:\/\/www.europesays.com\/pl\/wp-json\/wp\/v2\/posts\/154946\/revisions"}],"wp:featuredmedia":[{"embeddable":true,"href":"https:\/\/www.europesays.com\/pl\/wp-json\/wp\/v2\/media\/154947"}],"wp:attachment":[{"href":"https:\/\/www.europesays.com\/pl\/wp-json\/wp\/v2\/media?parent=154946"}],"wp:term":[{"taxonomy":"category","embeddable":true,"href":"https:\/\/www.europesays.com\/pl\/wp-json\/wp\/v2\/categories?post=154946"},{"taxonomy":"post_tag","embeddable":true,"href":"https:\/\/www.europesays.com\/pl\/wp-json\/wp\/v2\/tags?post=154946"}],"curies":[{"name":"wp","href":"https:\/\/api.w.org\/{rel}","templated":true}]}}