{"id":154967,"date":"2025-12-16T22:58:08","date_gmt":"2025-12-16T22:58:08","guid":{"rendered":"https:\/\/www.europesays.com\/pl\/154967\/"},"modified":"2025-12-16T22:58:08","modified_gmt":"2025-12-16T22:58:08","slug":"rozpoczela-sie-walka-w-grupie-aluron-cmc-warty-zawiercie","status":"publish","type":"post","link":"https:\/\/www.europesays.com\/pl\/154967\/","title":{"rendered":"Rozpocz\u0119\u0142a si\u0119 walka w grupie Aluron CMC Warty Zawiercie"},"content":{"rendered":"\n<p class=\"contentpart contentpart--default contentpart--text\" data-position=\"0\"><a href=\"https:\/\/sportowefakty.wp.pl\/siatkowka\/aluron-warta-zawiercie\" rel=\"nofollow noopener\" target=\"_blank\">Aluron CMC Warta Zawiercie<\/a>\u00a0rozegra mecz numer jeden w <a href=\"https:\/\/sportowefakty.wp.pl\/siatkowka\/klubowe-mistrzostwa-swiata-siatkarzy\" rel=\"nofollow noopener\" target=\"_blank\">Klubowych Mistrzostwach \u015awiata<\/a>\u00a0w nocy z wtorku na \u015brod\u0119. Przedsmakiem tej konfrontacji by\u0142o spotkanie katarskiego <a href=\"https:\/\/sportowefakty.wp.pl\/siatkowka\/al-rayyan\" rel=\"nofollow noopener\" target=\"_blank\">Al-Rayyan<\/a>\u00a0z <a href=\"https:\/\/sportowefakty.wp.pl\/siatkowka\/dentil-praia-clube\" rel=\"nofollow noopener\" target=\"_blank\">Praia Clube<\/a>. Formalni go\u015bcie, a rzeczywi\u015bci gospodarze to jedna z trzech <a href=\"https:\/\/sportowefakty.wp.pl\/brazylia\" rel=\"nofollow noopener\" target=\"_blank\">brazylijskich<\/a>\u00a0dru\u017cyn w turnieju. W grupie Warty jest jeszcze <a href=\"https:\/\/sportowefakty.wp.pl\/siatkowka\/volei-futuro\" rel=\"nofollow noopener\" target=\"_blank\">Volei Renata<\/a>, a w grupie B &#8211; <a href=\"https:\/\/sportowefakty.wp.pl\/siatkowka\/sada-cruizero\" rel=\"nofollow noopener\" target=\"_blank\">Sada Cruzeiro<\/a>.<\/p>\n<p class=\"contentpart contentpart--default contentpart--text\" data-position=\"1\">Sada zaliczy\u0142a powa\u017cny falstart, przegrywaj\u0105c we wtorek 0:3 z <a href=\"https:\/\/sportowefakty.wp.pl\/siatkowka\/panasonic-panthers\" rel=\"nofollow noopener\" target=\"_blank\">Osaka Bluteon<\/a>. Trudno by\u0142o m\u00f3wi\u0107 o odwecie, ale w meczu z udzia\u0142em Praia Clube zesp\u00f3\u0142 z Ameryki Po\u0142udniowej demolowa\u0142 przeciwnika z Azji.<\/p>\n<p> <img role=\"presentation\" src=\"https:\/\/std.wpcdn.pl\/images\/adv\/placeholder_wp.svg\" loading=\"lazy\" alt=\"\" decoding=\"async\"\/>  <\/p>\n<p class=\"contentpart contentpart--default contentpart--text\" data-position=\"2\">Siatkarze Praia Clube zdobyli komplet punkt\u00f3w do tabeli za zwyci\u0119stwo 3:0, a w setach byli mocniejsi od katarskiego zespo\u0142u 25:17, 25:21 i raz jeszcze 25:21.<\/p>\n<p class=\"contentpart contentpart--default contentpart--text\" data-position=\"3\">ZOBACZ WIDEO: #dziejesiewsporcie: Gol z po\u0142owy boiska. Mo\u017cna ogl\u0105da\u0107 i ogl\u0105da\u0107<\/p>\n<p class=\"contentpart contentpart--default contentpart--text\" data-position=\"5\">Najwi\u0119ksza przewaga zwyci\u0119zc\u00f3w by\u0142a pod wzgl\u0119dem skuteczno\u015bci w ataku. Wypadli oni r\u00f3wnie\u017c lepiej w polu serwisowym i cz\u0119\u015bciej punktowali po b\u0142\u0119dach  przeciwnik\u00f3w. Tylko w bloku lepiej zagrali siatkarze z <a href=\"https:\/\/sportowefakty.wp.pl\/katar\" rel=\"nofollow noopener\" target=\"_blank\">Kataru<\/a>, ale to by\u0142o zdecydowanie za ma\u0142o do rozstrzygni\u0119cia chocia\u017c jednego seta.<\/p>\n<p class=\"contentpart contentpart--default contentpart--text\" data-position=\"6\">Najlepszym punktuj\u0105cym meczu by\u0142 Franco, kt\u00f3ry zdoby\u0142 18 punkt\u00f3w, z kt\u00f3rych 17 atakiem, a jeden blokiem. Po trzy asy zaserwowali Paulo, Pietro oraz kapitan zespo\u0142u Isac. Go\u015bcie, kt\u00f3rzy stawili si\u0119 z 10 siatkarzami w kadrze, nie mieli podobnych indywidualno\u015bci.<\/p>\n<p> <img role=\"presentation\" src=\"https:\/\/std.wpcdn.pl\/images\/adv\/placeholder_wp.svg\" loading=\"lazy\" alt=\"\" decoding=\"async\"\/>  <\/p>\n<p class=\"contentpart contentpart--default contentpart--text\" data-position=\"7\"><a href=\"https:\/\/sportowefakty.wp.pl\/siatkowka\/al-rayyan\" rel=\"nofollow noopener\" target=\"_blank\">Al-Rayyan<\/a>\u00a0&#8211; <a href=\"https:\/\/sportowefakty.wp.pl\/siatkowka\/dentil-praia-clube\" rel=\"nofollow noopener\" target=\"_blank\">Dentil Praia Clube<\/a>\u00a00:3 (17:25, 21:25, 21:25)<\/p>\n<p class=\"contentpart contentpart--default contentpart--text\" data-position=\"8\">Al-Rayyad: Milos, Gergye, Bojan, Mubarak, Pape, Belal, Naji (libero) oraz Faifeddine, Birama, Waleed<\/p>\n<p class=\"contentpart contentpart--default contentpart--text\" data-position=\"9\">Praia: Forster, Paulo, Lucas Loh, Pietro, Isac, Franco, Filipe (libero) oraz Resley<\/p>\n<p class=\"contentpart contentpart--default contentpart--text\" data-position=\"10\">Tabela grupy A:<\/p>\n","protected":false},"excerpt":{"rendered":"Aluron CMC Warta Zawiercie\u00a0rozegra mecz numer jeden w Klubowych Mistrzostwach \u015awiata\u00a0w nocy z wtorku na \u015brod\u0119. Przedsmakiem tej&hellip;\n","protected":false},"author":2,"featured_media":154968,"comment_status":"","ping_status":"","sticky":false,"template":"","format":"standard","meta":{"footnotes":""},"categories":[24],"tags":[30765,19502,1301,30968,27145,42,38,40,39,41,3831,30764,4608,30762,131,960,127,126,30763],"class_list":{"0":"post-154967","1":"post","2":"type-post","3":"status-publish","4":"format-standard","5":"has-post-thumbnail","7":"category-sport","8":"tag-al-rayyan","9":"tag-aluron-cmc-warta-zawiercie","10":"tag-brazylia","11":"tag-dentil-praia-clube","12":"tag-klubowe-mistrzostwa-swiata-siatkarzy","13":"tag-pl","14":"tag-poland","15":"tag-polish","16":"tag-polska","17":"tag-polski","18":"tag-pozostale-rozgrywki","19":"tag-praia-clube","20":"tag-rozgrywki-miedzynarodowe","21":"tag-sada-cruzeiro","22":"tag-siatkowka","23":"tag-siatkowka-na-swiecie","24":"tag-sport","25":"tag-sports","26":"tag-volei-renata"},"share_on_mastodon":{"url":"https:\/\/pubeurope.com\/@pl\/115731727002640991","error":""},"_links":{"self":[{"href":"https:\/\/www.europesays.com\/pl\/wp-json\/wp\/v2\/posts\/154967","targetHints":{"allow":["GET"]}}],"collection":[{"href":"https:\/\/www.europesays.com\/pl\/wp-json\/wp\/v2\/posts"}],"about":[{"href":"https:\/\/www.europesays.com\/pl\/wp-json\/wp\/v2\/types\/post"}],"author":[{"embeddable":true,"href":"https:\/\/www.europesays.com\/pl\/wp-json\/wp\/v2\/users\/2"}],"replies":[{"embeddable":true,"href":"https:\/\/www.europesays.com\/pl\/wp-json\/wp\/v2\/comments?post=154967"}],"version-history":[{"count":0,"href":"https:\/\/www.europesays.com\/pl\/wp-json\/wp\/v2\/posts\/154967\/revisions"}],"wp:featuredmedia":[{"embeddable":true,"href":"https:\/\/www.europesays.com\/pl\/wp-json\/wp\/v2\/media\/154968"}],"wp:attachment":[{"href":"https:\/\/www.europesays.com\/pl\/wp-json\/wp\/v2\/media?parent=154967"}],"wp:term":[{"taxonomy":"category","embeddable":true,"href":"https:\/\/www.europesays.com\/pl\/wp-json\/wp\/v2\/categories?post=154967"},{"taxonomy":"post_tag","embeddable":true,"href":"https:\/\/www.europesays.com\/pl\/wp-json\/wp\/v2\/tags?post=154967"}],"curies":[{"name":"wp","href":"https:\/\/api.w.org\/{rel}","templated":true}]}}