{"id":15497,"date":"2025-09-25T14:38:16","date_gmt":"2025-09-25T14:38:16","guid":{"rendered":"https:\/\/www.europesays.com\/pl\/15497\/"},"modified":"2025-09-25T14:38:16","modified_gmt":"2025-09-25T14:38:16","slug":"rzad-szykuje-alternatywe-dla-tradycyjnych-lokat-i-oszczednosci-w-bankach","status":"publish","type":"post","link":"https:\/\/www.europesays.com\/pl\/15497\/","title":{"rendered":"Rz\u0105d szykuje alternatyw\u0119 dla tradycyjnych lokat i oszcz\u0119dno\u015bci w bankach"},"content":{"rendered":"<p>&#8222;Realizacja OKI to wa\u017cny krok w kierunku zwi\u0119kszenia d\u0142ugoterminowego budowania oszcz\u0119dno\u015bci i inwestycji. To tak\u017ce jeden z g\u0142\u00f3wnych priorytet\u00f3w rz\u0105du w obszarze konkurencyjnej i innowacyjnej gospodarki zaprezentowanych ostatnio przez ministra Macieja Berka&#8221; &#8211; napisa\u0142 Doma\u0144ski w \u015brod\u0119 na Facebooku.<\/p>\n<p>Za\u0142o\u017cenia tego projektu zosta\u0142y opublikowane na pocz\u0105tku lipca w wykazie prac legislacyjnych rz\u0105du.<\/p>\n<p>        <a href=\"https:\/\/www.pulshr.pl\/rynek-zdrowia\/nie-bedzie-darmowego-leczenia-z-nfz-po-30-dniach-zaplacisz-z-wlasnej-kieszeni,114421.html\" class=\"read-more-box-img-cnt\" rel=\"nofollow noopener\" target=\"_blank\"><br \/>\n        \t            <img decoding=\"async\" src=\"https:\/\/www.europesays.com\/pl\/wp-content\/uploads\/2025\/09\/129973_r0_300.jpg\" class=\"read-more-box-img\" loading=\"lazy\" alt=\"Kiedy tracimy prawo do darmowego leczenia z NFZ?\" width=\"300\" height=\"200\"\/><br \/>\n                    <\/a><\/p>\n<p>Projekt ustawy przewiduje stworzenie nowej formy oszcz\u0119dzania i inwestowania w postaci osobistego konta inwestycyjnego (OKI), przeznaczonego dla os\u00f3b fizycznych. Konto b\u0119dzie mia\u0142o charakter osobisty i dobrowolny, z mo\u017cliwo\u015bci\u0105 wp\u0142aty i wyp\u0142aty \u015brodk\u00f3w pieni\u0119\u017cnych w ka\u017cdej chwili. Rozwi\u0105zanie ma na celu motywowanie do dobrowolnego podj\u0119cia inwestowania.<\/p>\n<p>        <a href=\"https:\/\/www.pulshr.pl\/prawo-pracy\/3-miesiace-urlopu-dla-wszystkich-polskich-pracownikow-niewazny-staz-pracy-ani-doswiadczenie,114361.html\" class=\"read-more-box-img-cnt\" rel=\"nofollow noopener\" target=\"_blank\"><br \/>\n        \t            <img decoding=\"async\" src=\"https:\/\/www.europesays.com\/pl\/wp-content\/uploads\/2025\/09\/129963_r0_300.jpg\" class=\"read-more-box-img\" loading=\"lazy\" alt=\"W jakich okoliczno\u015bciach mo\u017cna skorzysta\u0107 z bezp\u0142atnego urlopu?\" width=\"300\" height=\"200\"\/><br \/>\n                    <\/a><\/p>\n<p>Aktywa w ramach konta b\u0119d\u0105 zwolnione z opodatkowania do warto\u015bci 100 tys. z\u0142 w tym: aktywa o charakterze inwestycyjnym (akcje, obligacje i inne instrumenty finansowe dopuszczone do obrotu na rynku regulowanym lub wprowadzone do alternatywnego systemu obrotu, fundusze inwestycyjne) b\u0119d\u0105 mog\u0142y korzysta\u0107 z takiego zwolnienia w pe\u0142nej wysoko\u015bci (tj. do kwoty 100 tys. z\u0142), aktywa o charakterze oszcz\u0119dno\u015bciowym (\u015brodki pieni\u0119\u017cne, lokaty, obligacje oszcz\u0119dno\u015bciowe) b\u0119d\u0105 mog\u0142y korzysta\u0107 z takiego zwolnienia do warto\u015bci 25 tys. z\u0142.<\/p>\n<p>        <a href=\"https:\/\/www.pulshr.pl\/prawo-pracy\/dodatkowe-dwa-dni-wolnego-nie-musisz-brac-l4-trzeba-uprzedzic-pracodawce,114407.html\" class=\"read-more-box-img-cnt\" rel=\"nofollow noopener\" target=\"_blank\"><br \/>\n        \t            <img decoding=\"async\" src=\"https:\/\/www.europesays.com\/pl\/wp-content\/uploads\/2025\/09\/129954_r0_300.jpg\" class=\"read-more-box-img\" loading=\"lazy\" alt=\"Dodatkowe dwa dni wolnego, nie musisz bra\u0107 L4. Trzeba uprzedzi\u0107 pracodawc\u0119\" width=\"300\" height=\"200\"\/><br \/>\n                    <\/a><\/p>\n<p>Nadwy\u017cka warto\u015bci aktyw\u00f3w zgromadzonych na OKI ponad limity zwolnione z opodatkowania (tj. 25 tys. z\u0142 dla cz\u0119\u015bci oszcz\u0119dno\u015bciowej oraz 100 tys. z\u0142 dla ca\u0142o\u015bci aktyw\u00f3w) b\u0119dzie podlega\u0107 opodatkowaniu o szacunkowej stopie wynosz\u0105cej od 0,8 proc. do 0,9 proc.<\/p>\n<p>Doma\u0144ski niedawno wskaza\u0142, \u017ce OKI cieszy\u0142by si\u0119 du\u017cym zainteresowaniem, je\u015bli w ci\u0105gu pierwszych trzech lat ich funkcjonowania trafi\u0142o na nie od 60 do 100 mld z\u0142.<\/p>\n<p>Planowane wprowadzenie OKI to po\u0142owa 2026 r.<\/p>\n<p><img decoding=\"async\" loading=\"lazy\" src=\"https:\/\/www.europesays.com\/pl\/wp-content\/uploads\/2025\/09\/1758531790_154_081834.png\"\/><\/p>\n","protected":false},"excerpt":{"rendered":"&#8222;Realizacja OKI to wa\u017cny krok w kierunku zwi\u0119kszenia d\u0142ugoterminowego budowania oszcz\u0119dno\u015bci i inwestycji. To tak\u017ce jeden z g\u0142\u00f3wnych&hellip;\n","protected":false},"author":2,"featured_media":15498,"comment_status":"","ping_status":"","sticky":false,"template":"","format":"standard","meta":{"footnotes":""},"categories":[16],"tags":[664,5588,5585,5582,3581,113,112,5586,3579,5580,5583,42,38,40,39,41,5587,3580,5581,5584],"class_list":{"0":"post-15497","1":"post","2":"type-post","3":"status-publish","4":"format-standard","5":"has-post-thumbnail","7":"category-biznes","8":"tag-typedefinedterm","9":"tag-30668-html","10":"tag-59178-html","11":"tag-59182-html","12":"tag-9783-html","13":"tag-biznes","14":"tag-business","15":"tag-nameandrzej-domau0144ski","16":"tag-nameministerstwo-finansu00f3w","17":"tag-nameoki","18":"tag-nameosobiste-konto-inwestycyjne","19":"tag-pl","20":"tag-poland","21":"tag-polish","22":"tag-polska","23":"tag-polski","24":"tag-urlhttps-www-pulshr-pl-lista-andrzej-domanski","25":"tag-urlhttps-www-pulshr-pl-lista-ministerstwo-finansow","26":"tag-urlhttps-www-pulshr-pl-lista-oki","27":"tag-urlhttps-www-pulshr-pl-lista-osobiste-konto-inwestycyjne"},"share_on_mastodon":{"url":"","error":""},"_links":{"self":[{"href":"https:\/\/www.europesays.com\/pl\/wp-json\/wp\/v2\/posts\/15497","targetHints":{"allow":["GET"]}}],"collection":[{"href":"https:\/\/www.europesays.com\/pl\/wp-json\/wp\/v2\/posts"}],"about":[{"href":"https:\/\/www.europesays.com\/pl\/wp-json\/wp\/v2\/types\/post"}],"author":[{"embeddable":true,"href":"https:\/\/www.europesays.com\/pl\/wp-json\/wp\/v2\/users\/2"}],"replies":[{"embeddable":true,"href":"https:\/\/www.europesays.com\/pl\/wp-json\/wp\/v2\/comments?post=15497"}],"version-history":[{"count":0,"href":"https:\/\/www.europesays.com\/pl\/wp-json\/wp\/v2\/posts\/15497\/revisions"}],"wp:featuredmedia":[{"embeddable":true,"href":"https:\/\/www.europesays.com\/pl\/wp-json\/wp\/v2\/media\/15498"}],"wp:attachment":[{"href":"https:\/\/www.europesays.com\/pl\/wp-json\/wp\/v2\/media?parent=15497"}],"wp:term":[{"taxonomy":"category","embeddable":true,"href":"https:\/\/www.europesays.com\/pl\/wp-json\/wp\/v2\/categories?post=15497"},{"taxonomy":"post_tag","embeddable":true,"href":"https:\/\/www.europesays.com\/pl\/wp-json\/wp\/v2\/tags?post=15497"}],"curies":[{"name":"wp","href":"https:\/\/api.w.org\/{rel}","templated":true}]}}