{"id":154977,"date":"2025-12-16T23:11:08","date_gmt":"2025-12-16T23:11:08","guid":{"rendered":"https:\/\/www.europesays.com\/pl\/154977\/"},"modified":"2025-12-16T23:11:08","modified_gmt":"2025-12-16T23:11:08","slug":"za-chwile-skasuje-moj-wpis-kurski-prosto-z-wigilii-u-kaczynskiego","status":"publish","type":"post","link":"https:\/\/www.europesays.com\/pl\/154977\/","title":{"rendered":"&#8222;Za chwil\u0119 skasuj\u0119 m\u00f3j wpis&#8221;. Kurski prosto z &#8222;wigilii&#8221; u Kaczy\u0144skiego"},"content":{"rendered":"<p>&#8222;Za chwil\u0119 skasuj\u0119 m\u00f3j wpis na temat sytuacji na prawicy. Ciesz\u0119 si\u0119, \u017ce przyni\u00f3s\u0142 za\u0142o\u017cony skutek: wzmocnienie przekonania, \u017ce podporz\u0105dkowujemy swoje ambicje dobru obozu patriotycznego, nie chodzimy na rozmowy do fabryk k\u0142amstw o\u00a0PiS, nie wyrywamy si\u0119 na premiera bez mandatu \u015brodowiska politycznego, nie proponujemy wsp\u00f3lnych rz\u0105d\u00f3w w\u00a0wielkiej koalicji z\u00a0Tuskiem, nie zapowiadamy abolicji dla rz\u0105d\u00f3w bezprawia, nie odcinamy si\u0119 od koleg\u00f3w z\u00a0PiS zaszczuwanych i\u00a0\u015bciganych przez re\u017cim, lecz ich wspieramy&#8221; &#8211;\u00a0napisa\u0142 we wtorek w\u00a0serwisie X by\u0142y szef TVP Jacek Kurski. <\/p>\n<p>Wpis Kurskiego ws. sytuacji na\u00a0prawicy  <\/p>\n<p>&#8222;Ale przede wszystkim uznajemy hierarchi\u0119 i\u00a0autorytet w\u00a0obozie zjednoczonej prawicy, stawiamy si\u0119 na zaproszenie PJK, nie d\u0105samy si\u0119 i\u00a0nie urz\u0105dzamy konkurencyjnych imprez. Tylko wtedy b\u0119dziemy gotowi do wsp\u00f3lnych zwyci\u0119stw dla Polski. Dzi\u0119kuj\u0119 prawie 700 tysi\u0105com os\u00f3b, kt\u00f3re zapozna\u0142y si\u0119 z\u00a0tekstem na moim profilu&#8221; &#8211;\u00a0czytamy w\u00a0jego po\u015bcie. <\/p>\n<p>Mia\u0142 czerwone \u015bwiat\u0142o. 15-latek je\u00a0zignorowa\u0142. Dramatyczne nagranie <\/p>\n<p>&#8211; <a href=\"https:\/\/wiadomosci.wp.pl\/grabi-liscie-na-prawicy-morawiecki-dosadnie-odpowiada-kurskiemu-7233021760441248a\" rel=\"noopener noreferrer nofollow\" target=\"_blank\">Nie wiem, czy na pewno musimy si\u0119 zajmowa\u0107 zawodnikiem<\/a>, kt\u00f3ry z\u00a0drugiego miejsca osi\u0105gn\u0105\u0142 sz\u00f3sty wynik i\u00a0pr\u00f3buje poucza\u0107 nas, w\u00a0jaki spos\u00f3b pozyskiwa\u0107 wyborc\u00f3w. By\u0142bym przeciw temu &#8211;\u00a0powiedzia\u0142 jednocze\u015bnie w\u00a0TV Republika Mateusz Morawiecki, zapytany o\u00a0komentarz do s\u0142\u00f3w Jacka Kurskiego.<\/p>\n","protected":false},"excerpt":{"rendered":"&#8222;Za chwil\u0119 skasuj\u0119 m\u00f3j wpis na temat sytuacji na prawicy. Ciesz\u0119 si\u0119, \u017ce przyni\u00f3s\u0142 za\u0142o\u017cony skutek: wzmocnienie przekonania,&hellip;\n","protected":false},"author":2,"featured_media":154978,"comment_status":"","ping_status":"","sticky":false,"template":"","format":"standard","meta":{"footnotes":""},"categories":[5],"tags":[32,33,36,37,27,34,35,28,31,25,42,38,40,39,41,29,30,26],"class_list":{"0":"post-154977","1":"post","2":"type-post","3":"status-publish","4":"format-standard","5":"has-post-thumbnail","7":"category-naglowki","8":"tag-breaking-news","9":"tag-breakingnews","10":"tag-featured-news","11":"tag-featurednews","12":"tag-headlines","13":"tag-latest-news","14":"tag-latestnews","15":"tag-naglowki","16":"tag-najwazniejsze-artykuly","17":"tag-news","18":"tag-pl","19":"tag-poland","20":"tag-polish","21":"tag-polska","22":"tag-polski","23":"tag-top-stories","24":"tag-topstories","25":"tag-wiadomosci"},"share_on_mastodon":{"url":"https:\/\/pubeurope.com\/@pl\/115731777769121417","error":""},"_links":{"self":[{"href":"https:\/\/www.europesays.com\/pl\/wp-json\/wp\/v2\/posts\/154977","targetHints":{"allow":["GET"]}}],"collection":[{"href":"https:\/\/www.europesays.com\/pl\/wp-json\/wp\/v2\/posts"}],"about":[{"href":"https:\/\/www.europesays.com\/pl\/wp-json\/wp\/v2\/types\/post"}],"author":[{"embeddable":true,"href":"https:\/\/www.europesays.com\/pl\/wp-json\/wp\/v2\/users\/2"}],"replies":[{"embeddable":true,"href":"https:\/\/www.europesays.com\/pl\/wp-json\/wp\/v2\/comments?post=154977"}],"version-history":[{"count":0,"href":"https:\/\/www.europesays.com\/pl\/wp-json\/wp\/v2\/posts\/154977\/revisions"}],"wp:featuredmedia":[{"embeddable":true,"href":"https:\/\/www.europesays.com\/pl\/wp-json\/wp\/v2\/media\/154978"}],"wp:attachment":[{"href":"https:\/\/www.europesays.com\/pl\/wp-json\/wp\/v2\/media?parent=154977"}],"wp:term":[{"taxonomy":"category","embeddable":true,"href":"https:\/\/www.europesays.com\/pl\/wp-json\/wp\/v2\/categories?post=154977"},{"taxonomy":"post_tag","embeddable":true,"href":"https:\/\/www.europesays.com\/pl\/wp-json\/wp\/v2\/tags?post=154977"}],"curies":[{"name":"wp","href":"https:\/\/api.w.org\/{rel}","templated":true}]}}