{"id":154979,"date":"2025-12-16T23:12:07","date_gmt":"2025-12-16T23:12:07","guid":{"rendered":"https:\/\/www.europesays.com\/pl\/154979\/"},"modified":"2025-12-16T23:12:07","modified_gmt":"2025-12-16T23:12:07","slug":"to-na-niego-widzew-wyda-20-mln-zl-padnie-absolutny-rekord-ekstraklasy-przeglad-sportowy-onet","status":"publish","type":"post","link":"https:\/\/www.europesays.com\/pl\/154979\/","title":{"rendered":"To na niego Widzew wyda 20 mln z\u0142! Padnie absolutny rekord Ekstraklasy &#8211; Przegl\u0105d Sportowy Onet"},"content":{"rendered":"<ol>\n<li><a href=\"https:\/\/news.google.com\/rss\/articles\/CBMizwFBVV95cUxNbjluZXIzMW1Ba1RyU1YxWEFLUUViRkVmN0xlWEFGNTloRVRYWEtsZnRhZEdydS1IZ0xoZEtRRWI1Um1wb2FYbHgxZHh1dVBCZWp5N2E5R1Y5N3AtTGhqRVhtQko5MmQ1Y1hObUo5bTk4eFBtNHJfa0tNeFJhUnNONVdNQWR1UWRpSkFZZU8zQ05OY1N3SFIwYTJNRDhyQmFER1VqdUJONmYwNFZYd2VLRy16eHhqTm5QTzdCNDY3NmlzbENCUUxZeW1xYjJ2dW8?oc=5\" target=\"_blank\" rel=\"nofollow noopener\">To na niego Widzew wyda 20 mln z\u0142! Padnie absolutny rekord Ekstraklasy<\/a>&nbsp;&nbsp;Przegl\u0105d Sportowy Onet<\/li>\n<li><a href=\"https:\/\/news.google.com\/rss\/articles\/CBMirAFBVV95cUxOSkRMeDVaczVSc3FVdWR3MTg1ZTJkTmgxNUhQTERGT0wwVmpvX0hwNVh0Zm16NjNKN3lXLTBDWDI3LTNRQ1hJOXpTa3AxSkluSFpDUTVlVk5UaEF6RS1KTmRCQnlNWmhnakxZWUpZSXdUZ01jckNVdVFCdy1VTnYyZ0cyN2FwUW9leGp5bzRlMW02Zm5Wb01CSUh0RGQ3Q3VsQmFrcFRsSzZuUWZL?oc=5\" target=\"_blank\" rel=\"nofollow noopener\">Robert Dobrzycki idzie na ca\u0142o\u015b\u0107! Takiego transferu w Polsce jeszcze nie by\u0142o<\/a>&nbsp;&nbsp;Sport.pl<\/li>\n<li><a href=\"https:\/\/news.google.com\/rss\/articles\/CBMi8wFBVV95cUxNWHFKbkhfU1YtZEt3dEUxSjJuc1o5ZWJ5ZG5TeTdBSkFnWi1JYzBZSVJnaHY5c3FiZkdWTUFoRjhkc01uX1cyUVlfZktoc0JDWGhaNHcycldHaVpPanltX0FqdTFOYnJ4ZnhhV3NEQ2pVNDl0V2l4NHdnREo5Tng2dlI3YVhBWjZrd19fU3dtejA3aEYxM2pqY0VJR2JXTWRyb1ExUjFHN2J5UjE5VmJ1RXFJVWlVQXJUa2xxNVdVakNoVTZQeVpvZmdUMFlzM2dlcjRSS1BIazFiaE1GN3ZvNU1YQ2NoWUFUQnh0ci14UVd0M2M?oc=5\" target=\"_blank\" rel=\"nofollow noopener\">Oto najdro\u017cszy pi\u0142karz w historii Ekstraklasy: Osman Bukari podpisa\u0142 umow\u0119 z Widzewem<\/a>&nbsp;&nbsp;Flashscore.pl<\/li>\n<li><a href=\"https:\/\/news.google.com\/rss\/articles\/CBMi0AFBVV95cUxPUVRzd3BXa29Oak1HNVBObzBxRzhPZzc2Rk5aQ1A4WnJEY3dScjhBcnZvNVh5c2hwTmZZZm96a0VoamZVRU40RUZGY2taTGFPSW5LOHAxeHRmZXpBYXJhNnEyWHA4X010UnJsWEpRREw3ZUo4Y0hBQUl5enp3dXBzbkdJS0NTbThDN3JPa1JWZjV3U3VRMWg4N3psamhneDJWdGNDZ1NfendoaTZwdGdVX0d4c0NPdDdQdmdBQmJyMF9HbXNESnhHaWtEMjB4MGxE?oc=5\" target=\"_blank\" rel=\"nofollow noopener\">Widzew bije transferowy rekord Ekstraklasy! Wielka tajemnica i nowa gwiazda ligi w \u0141odzi<\/a>&nbsp;&nbsp;Meczyki.pl<\/li>\n<li><a href=\"https:\/\/news.google.com\/rss\/articles\/CBMipgFBVV95cUxPQTdHRWh1dTFvN3BLQ2NnakMzTFpWV1UxMm9rMHgwQk5GRElaS096NUZ6X25uN1dGaHVNcFc4Z0lVWmlqMmZPQ295OFdydERVd2ZwQnJBYjRIeEhtLW93TmxRaVZ5c2ZvVGJ6OFhOaDNzWDBaLUh5a2NtY3pWSGFsZ3ZaTjd6RnMydnhUaXh5Nk9uSnFIZG5VZWtubC1EQVJuc01oNER3?oc=5\" target=\"_blank\" rel=\"nofollow noopener\">Widzew idzie na ca\u0142o\u015b\u0107. Absolutny rekord PKO Ekstraklasy<\/a>&nbsp;&nbsp;SportoweFakty<\/li>\n<\/ol>\n","protected":false},"excerpt":{"rendered":"To na niego Widzew wyda 20 mln z\u0142! Padnie absolutny rekord Ekstraklasy&nbsp;&nbsp;Przegl\u0105d Sportowy Onet Robert Dobrzycki idzie na&hellip;\n","protected":false},"author":2,"featured_media":154980,"comment_status":"","ping_status":"","sticky":false,"template":"","format":"standard","meta":{"footnotes":""},"categories":[24],"tags":[274,67,11744,30969,42,38,40,39,41,136,128,47,127,135,126,130,3469],"class_list":{"0":"post-154979","1":"post","2":"type-post","3":"status-publish","4":"format-standard","5":"has-post-thumbnail","7":"category-sport","8":"tag-ekstraklasa","9":"tag-intextvideo_splayer","10":"tag-ogor","11":"tag-osman_bukari","12":"tag-pl","13":"tag-poland","14":"tag-polish","15":"tag-polska","16":"tag-polski","17":"tag-ps_detal_new","18":"tag-psv2","19":"tag-screening_general","20":"tag-sport","21":"tag-sport_sport","22":"tag-sports","23":"tag-wiadomosci_sportowe","24":"tag-widzew_lodz"},"share_on_mastodon":{"url":"https:\/\/pubeurope.com\/@pl\/115731781665230687","error":""},"_links":{"self":[{"href":"https:\/\/www.europesays.com\/pl\/wp-json\/wp\/v2\/posts\/154979","targetHints":{"allow":["GET"]}}],"collection":[{"href":"https:\/\/www.europesays.com\/pl\/wp-json\/wp\/v2\/posts"}],"about":[{"href":"https:\/\/www.europesays.com\/pl\/wp-json\/wp\/v2\/types\/post"}],"author":[{"embeddable":true,"href":"https:\/\/www.europesays.com\/pl\/wp-json\/wp\/v2\/users\/2"}],"replies":[{"embeddable":true,"href":"https:\/\/www.europesays.com\/pl\/wp-json\/wp\/v2\/comments?post=154979"}],"version-history":[{"count":0,"href":"https:\/\/www.europesays.com\/pl\/wp-json\/wp\/v2\/posts\/154979\/revisions"}],"wp:featuredmedia":[{"embeddable":true,"href":"https:\/\/www.europesays.com\/pl\/wp-json\/wp\/v2\/media\/154980"}],"wp:attachment":[{"href":"https:\/\/www.europesays.com\/pl\/wp-json\/wp\/v2\/media?parent=154979"}],"wp:term":[{"taxonomy":"category","embeddable":true,"href":"https:\/\/www.europesays.com\/pl\/wp-json\/wp\/v2\/categories?post=154979"},{"taxonomy":"post_tag","embeddable":true,"href":"https:\/\/www.europesays.com\/pl\/wp-json\/wp\/v2\/tags?post=154979"}],"curies":[{"name":"wp","href":"https:\/\/api.w.org\/{rel}","templated":true}]}}