{"id":154985,"date":"2025-12-16T23:19:10","date_gmt":"2025-12-16T23:19:10","guid":{"rendered":"https:\/\/www.europesays.com\/pl\/154985\/"},"modified":"2025-12-16T23:19:10","modified_gmt":"2025-12-16T23:19:10","slug":"ter-stegen-w-bramce-szczesny-na-lawce-tak-wytlumaczyl-to-flick","status":"publish","type":"post","link":"https:\/\/www.europesays.com\/pl\/154985\/","title":{"rendered":"Ter Stegen w bramce, Szcz\u0119sny na \u0142awce. Tak wyt\u0142umaczy\u0142 to Flick"},"content":{"rendered":"\n<p class=\"contentpart contentpart--default contentpart--text\" data-position=\"0\">Dziennikarze hiszpa\u0144scy przewidywali, \u017ce to <a href=\"https:\/\/sportowefakty.wp.pl\/pilka-nozna\/wojciech-szczesny\" rel=\"nofollow noopener\" target=\"_blank\">Wojciech Szcz\u0119sny<\/a>\u00a0stanie w bramce <a href=\"https:\/\/sportowefakty.wp.pl\/pilka-nozna\/fc-barcelona\" rel=\"nofollow noopener\" target=\"_blank\">FC Barcelony\u00a0<\/a>(wi\u0119cej <a href=\"https:\/\/sportowefakty.wp.pl\/pilka-nozna\/1225190\/lewandowski-na-lawce-a-szczesny-hiszpanie-nie-maja-watpliwosci\" rel=\"nofollow noopener\" target=\"blank\">TUTAJ<\/a>). Tak si\u0119 jednak nie sta\u0142o i w wyj\u015bciowym sk\u0142adzie mistrz\u00f3w Hiszpanii znalaz\u0142 si\u0119 <a href=\"https:\/\/sportowefakty.wp.pl\/pilka-nozna\/marc-andre-ter-stegen\" rel=\"nofollow noopener\" target=\"_blank\">Marc-Andre ter Stegen<\/a>.<\/p>\n<p class=\"contentpart contentpart--default contentpart--text\" data-position=\"1\">Miejsce na \u0142awce rezerwowych zaj\u0105\u0142 by\u0142y reprezentant Polski. <a href=\"https:\/\/sportowefakty.wp.pl\/pilka-nozna\/hansi-flick\" rel=\"nofollow noopener\" target=\"_blank\">Hansi Flick<\/a>\u00a0przed meczem z <a href=\"https:\/\/sportowefakty.wp.pl\/pilka-nozna\/cd-guadalajara\" rel=\"nofollow noopener\" target=\"_blank\">CD Guadalajar\u0105<\/a>\u00a0w Pucharze Kr\u00f3la zosta\u0142 zapytany o to, czy niemiecki bramkarz jest teraz numerem &#8222;2&#8221; w hierarchii golkiper\u00f3w, czy to decyzja dotycz\u0105ca tylko tego spotkania.<\/p>\n<p> <img role=\"presentation\" src=\"https:\/\/std.wpcdn.pl\/images\/adv\/placeholder_wp.svg\" loading=\"lazy\" alt=\"\" decoding=\"async\"\/>  <\/p>\n<p class=\"contentpart contentpart--default contentpart--text\" data-position=\"2\">ZOBACZ WIDEO: Jan Urban jest lepszym selekcjonerem od Jerzego Brz\u0119czka? &#8222;Nie ma odpowiedzi&#8221;<\/p>\n<p class=\"contentpart contentpart--default contentpart--text\" data-position=\"4\">&#8211; Tylko tego spotkania. Zdecydowali\u015bmy si\u0119 na to, poniewa\u017c wr\u00f3ci\u0142 jest zdolny do gry. Dzi\u015b mo\u017ce pokaza\u0107, \u017ce jest zdrowy, a my chcemy to zobaczy\u0107 &#8211; powiedzia\u0142 szkoleniowiec &#8222;Dumy Katalonii&#8221;.<\/p>\n<p class=\"contentpart contentpart--default contentpart--text\" data-position=\"5\">Nie jest tajemnic\u0105, \u017ce Barcelona chce, by ter Stegen odszed\u0142 z klubu, poniewa\u017c pierwszym wyborem Flicka jest Joan Garcia, a jego zmiennikiem Szcz\u0119sny.<\/p>\n<p class=\"contentpart contentpart--default contentpart--text\" data-position=\"6\">Reprezentantowi Niemiec zale\u017cy na regularnej grze, poniewa\u017c planuje by\u0107 w dobrej formie na przysz\u0142orocznym mundialu. Ostatnio &#8222;Sport&#8221; przekaza\u0142, \u017ce zainteresowany jego sprowadzeniem jest Tottenham Hotspur (wi\u0119cej <a href=\"https:\/\/sportowefakty.wp.pl\/pilka-nozna\/1225213\/kolejna-oferta-dla-bramkarza-anglicy-zainteresowani-ter-stegenem\" rel=\"nofollow noopener\" target=\"blank\">TUTAJ<\/a>).<\/p>\n","protected":false},"excerpt":{"rendered":"Dziennikarze hiszpa\u0144scy przewidywali, \u017ce to Wojciech Szcz\u0119sny\u00a0stanie w bramce FC Barcelony\u00a0(wi\u0119cej TUTAJ). Tak si\u0119 jednak nie sta\u0142o i&hellip;\n","protected":false},"author":2,"featured_media":154986,"comment_status":"","ping_status":"","sticky":false,"template":"","format":"standard","meta":{"footnotes":""},"categories":[24],"tags":[272,2600,538,5761,269,540,42,38,40,39,41,30625,127,126,1876],"class_list":{"0":"post-154985","1":"post","2":"type-post","3":"status-publish","4":"format-standard","5":"has-post-thumbnail","7":"category-sport","8":"tag-fc-barcelona","9":"tag-hansi-flick","10":"tag-la-liga","11":"tag-marc-andre-ter-stegen","12":"tag-pilka-nozna","13":"tag-pilka-nozna-w-hiszpanii","14":"tag-pl","15":"tag-poland","16":"tag-polish","17":"tag-polska","18":"tag-polski","19":"tag-puchar-krola","20":"tag-sport","21":"tag-sports","22":"tag-wojciech-szczesny"},"share_on_mastodon":{"url":"https:\/\/pubeurope.com\/@pl\/115731809442283019","error":""},"_links":{"self":[{"href":"https:\/\/www.europesays.com\/pl\/wp-json\/wp\/v2\/posts\/154985","targetHints":{"allow":["GET"]}}],"collection":[{"href":"https:\/\/www.europesays.com\/pl\/wp-json\/wp\/v2\/posts"}],"about":[{"href":"https:\/\/www.europesays.com\/pl\/wp-json\/wp\/v2\/types\/post"}],"author":[{"embeddable":true,"href":"https:\/\/www.europesays.com\/pl\/wp-json\/wp\/v2\/users\/2"}],"replies":[{"embeddable":true,"href":"https:\/\/www.europesays.com\/pl\/wp-json\/wp\/v2\/comments?post=154985"}],"version-history":[{"count":0,"href":"https:\/\/www.europesays.com\/pl\/wp-json\/wp\/v2\/posts\/154985\/revisions"}],"wp:featuredmedia":[{"embeddable":true,"href":"https:\/\/www.europesays.com\/pl\/wp-json\/wp\/v2\/media\/154986"}],"wp:attachment":[{"href":"https:\/\/www.europesays.com\/pl\/wp-json\/wp\/v2\/media?parent=154985"}],"wp:term":[{"taxonomy":"category","embeddable":true,"href":"https:\/\/www.europesays.com\/pl\/wp-json\/wp\/v2\/categories?post=154985"},{"taxonomy":"post_tag","embeddable":true,"href":"https:\/\/www.europesays.com\/pl\/wp-json\/wp\/v2\/tags?post=154985"}],"curies":[{"name":"wp","href":"https:\/\/api.w.org\/{rel}","templated":true}]}}