{"id":154989,"date":"2025-12-16T23:24:13","date_gmt":"2025-12-16T23:24:13","guid":{"rendered":"https:\/\/www.europesays.com\/pl\/154989\/"},"modified":"2025-12-16T23:24:13","modified_gmt":"2025-12-16T23:24:13","slug":"druga-wigilia-w-pis-kto-przyjechal-do-mateusza-morawieckiego","status":"publish","type":"post","link":"https:\/\/www.europesays.com\/pl\/154989\/","title":{"rendered":"&#8222;Druga wigilia&#8221; w PiS. Kto przyjecha\u0142 do Mateusza Morawieckiego?"},"content":{"rendered":"<p class=\"article-p\" data-section=\"detail-body\">Spotkanie przed \u015bwi\u0119tami Bo\u017cego Narodzenia nie by\u0142o nowo\u015bci\u0105 dla polityk\u00f3w PiS, ale ju\u017c to drugie, organizowane przez Morawieckiego, to rzecz, kt\u00f3ra podsyci\u0142a kolejne spekulacje o roz\u0142amie w partii. Te dywagacje przeci\u0105\u0142 tego samego wieczoru by\u0142y premier, kt\u00f3ry mi\u0119dzy dwoma spotkaniami op\u0142atkowymi, odwiedzi\u0142 studio Polsat News.<\/p>\n<p>        &#8222;Druga wigilia&#8221; w PiS. Kto przyjecha\u0142 na zaproszenie Mateusza Morawieckiego?<\/p>\n<p class=\"article-p\" data-section=\"detail-body\">Samoch\u00f3d Mateusza Morawieckiego wyjecha\u0142 spod siedziby PiS na ul. Nowogrodzkiej w Warszawie ju\u017c oko\u0142o godz. 19, poniewa\u017c by\u0142y szef rz\u0105du zmierza\u0142 w po\u015bpiechu na wywiad do Polsat News. Tam w studiu przekonywa\u0142, \u017ce w partii nie b\u0119dzie roz\u0142amu. \u2014 Nie ma takiej mowy, \u017ce si\u0119 podzielimy, jeste\u015bmy jedno\u015bci\u0105 \u2014 stwierdzi\u0142. Dodawa\u0142, \u017ce nie ma plan\u00f3w na zak\u0142adanie w\u0142asnej formacji. \u2014 Prawo i Sprawiedliwo\u015b\u0107 to jest moja partia \u2014 o\u015bwiadczy\u0142.<\/p>\n<p class=\"article-p\" data-section=\"detail-body\"><a href=\"https:\/\/www.fakt.pl\/polityka\/kwiatkowski-o-walkach-w-pis-ostentacyjne-pstrykniecie-w-nos-kaczynskiego\/6zyh4x9\" id=\"c9c067aa-e6a6-4445-88e7-0a0f425e92e2\" rel=\"nofollow noopener\" target=\"_blank\">Polityk KO skomentowa\u0142 walki frakcji w PiS. &#8222;Ostentacyjne pstrykni\u0119cie w nos Kaczy\u0144skiego&#8221;<\/a><\/p>\n<p class=\"article-p\" data-section=\"detail-body\">Jednak drugie spotkanie op\u0142atkowe, zaplanowane na p\u00f3\u017aniejszy wiecz\u00f3r i tak rodzi\u0142o wiele pyta\u0144 o sytuacj\u0119 w PiS. W Polsat News Morawiecki przekonywa\u0142, \u017ce to spotkanie, nie \u015bwiadczy o roz\u0142amie. \u2014 Dopiero jak ostatni go\u015bcie si\u0119 rozejd\u0105 (z pierwszego spotkania u Jaros\u0142awa Kaczy\u0144skiego \u2014 red.), to mamy tam wsp\u00f3\u0142pracownik\u00f3w, paru samorz\u0105dowc\u00f3w i koleg\u00f3w, kole\u017canki z PiS \u2014 wylicza\u0142, nawi\u0105zuj\u0105c do swojego spotkania, kt\u00f3re zaplanowa\u0142 w okolicach godziny 21.<\/p>\n<p class=\"article-p\" data-section=\"detail-body\"><a href=\"https:\/\/www.fakt.pl\/polityka\/media-mateusz-morawiecki-ma-planowac-gaszenie-pozaru-w-pis\/q75gq9p\" id=\"4814623a-fe42-4c91-b974-0339167139f0\" rel=\"nofollow noopener\" target=\"_blank\">Media: Morawiecki ma planowa\u0107 ugaszenie po\u017caru w PiS. Podano szczeg\u00f3\u0142y<\/a><\/p>\n<p class=\"article-p\" data-section=\"detail-body\">Na miejscu &#8222;wigilii Morawieckiego&#8221;, jego bliski wsp\u00f3\u0142pracownik, by\u0142y rzecznik rz\u0105du, a obecnie europose\u0142 PiS Piotr M\u00fcller pocz\u0119stowa\u0142 dziennikarzy kaw\u0105 i herbat\u0105. Inny, bliski sojusznik Morawieckiego \u2014 Micha\u0142 Dworczyk, tak\u017ce zagadywa\u0142 dziennikarzy. Fotoreporterzy &#8222;Faktu&#8221; spotkali tam tak\u017ce m.in. Ryszarda Terleckiego, Kamila Bortniczuka, Janusza Cieszy\u0144skiego, Kazimierza Smoli\u0144skiego, Marcina Ociep\u0119 czy Krzysztofa Szczuckiego. Zjawi\u0142 si\u0119 r\u00f3wnie\u017c szef kancelarii prezydenta Zbigniew Bogucki. Jak wida\u0107 na zdj\u0119ciach na spotkaniu op\u0142atkowym Mateusza Morawieckiego zadbano o ciep\u0142e posi\u0142ki dla uczestnik\u00f3w.<\/p>\n<p class=\"article-p\" data-section=\"detail-body\"><a href=\"https:\/\/www.fakt.pl\/polityka\/partyjne-doly-o-starciu-frakcji-w-pis-ich-interesuje-cos-innego\/7svb1df\" id=\"563783c8-3499-4faa-a750-8a217139ed79\" rel=\"nofollow noopener\" target=\"_blank\">Lokalni dzia\u0142acze PiS ocenili walk\u0119 frakcji. Zwr\u00f3cili uwag\u0119 na inny problem<\/a><\/p>\n<p>        \/19<\/p>\n<p>                    <img decoding=\"async\" class=\"article-image-img\" loading=\"lazy\" alt=\"\" src=\"https:\/\/www.europesays.com\/pl\/wp-content\/uploads\/2025\/12\/qU-k9kuTURBXy9jMDIwY2U2ZS01NDg3LTQ2MGItYTBmYS05YmM4Y2ZkOTE5YmEuanBlZ5GTAs0DSM0CL94AAqEwAaExAQ.jpeg\" width=\"840\" height=\"559\"\/><\/p>\n<p>                  Materia\u0142y redakcyjne<\/p>\n<p class=\"article-gallery-p\">\n        Micha\u0142 Dworczyk.\n    <\/p>\n<p>        \/19<\/p>\n<p>                    <img decoding=\"async\" class=\"article-image-img\" loading=\"lazy\" alt=\"\" src=\"https:\/\/www.europesays.com\/pl\/wp-content\/uploads\/2025\/12\/9c5k9kuTURBXy83NzQ0ZmZjMS0wMjU2LTQxODMtODQzYy1kYWRjMjM2NGY5MjMuanBlZ5KVAwAAzQfVzQWFkwLNA0jNAi_eAAKhM.jpeg\" width=\"840\" height=\"559\"\/><\/p>\n<p>                  Materia\u0142y redakcyjne<\/p>\n<p class=\"article-gallery-p\">\n        Zjawi\u0142 si\u0119 tak\u017ce Marcin Ociepa.\n    <\/p>\n","protected":false},"excerpt":{"rendered":"Spotkanie przed \u015bwi\u0119tami Bo\u017cego Narodzenia nie by\u0142o nowo\u015bci\u0105 dla polityk\u00f3w PiS, ale ju\u017c to drugie, organizowane przez Morawieckiego,&hellip;\n","protected":false},"author":2,"featured_media":154990,"comment_status":"","ping_status":"","sticky":false,"template":"","format":"standard","meta":{"footnotes":""},"categories":[12],"tags":[32,33,36,37,27,34,35,28,31,25,42,38,40,39,41,29,30,26],"class_list":{"0":"post-154989","1":"post","2":"type-post","3":"status-publish","4":"format-standard","5":"has-post-thumbnail","7":"category-polska","8":"tag-breaking-news","9":"tag-breakingnews","10":"tag-featured-news","11":"tag-featurednews","12":"tag-headlines","13":"tag-latest-news","14":"tag-latestnews","15":"tag-naglowki","16":"tag-najwazniejsze-artykuly","17":"tag-news","18":"tag-pl","19":"tag-poland","20":"tag-polish","21":"tag-polska","22":"tag-polski","23":"tag-top-stories","24":"tag-topstories","25":"tag-wiadomosci"},"share_on_mastodon":{"url":"https:\/\/pubeurope.com\/@pl\/115731829083843730","error":""},"_links":{"self":[{"href":"https:\/\/www.europesays.com\/pl\/wp-json\/wp\/v2\/posts\/154989","targetHints":{"allow":["GET"]}}],"collection":[{"href":"https:\/\/www.europesays.com\/pl\/wp-json\/wp\/v2\/posts"}],"about":[{"href":"https:\/\/www.europesays.com\/pl\/wp-json\/wp\/v2\/types\/post"}],"author":[{"embeddable":true,"href":"https:\/\/www.europesays.com\/pl\/wp-json\/wp\/v2\/users\/2"}],"replies":[{"embeddable":true,"href":"https:\/\/www.europesays.com\/pl\/wp-json\/wp\/v2\/comments?post=154989"}],"version-history":[{"count":0,"href":"https:\/\/www.europesays.com\/pl\/wp-json\/wp\/v2\/posts\/154989\/revisions"}],"wp:featuredmedia":[{"embeddable":true,"href":"https:\/\/www.europesays.com\/pl\/wp-json\/wp\/v2\/media\/154990"}],"wp:attachment":[{"href":"https:\/\/www.europesays.com\/pl\/wp-json\/wp\/v2\/media?parent=154989"}],"wp:term":[{"taxonomy":"category","embeddable":true,"href":"https:\/\/www.europesays.com\/pl\/wp-json\/wp\/v2\/categories?post=154989"},{"taxonomy":"post_tag","embeddable":true,"href":"https:\/\/www.europesays.com\/pl\/wp-json\/wp\/v2\/tags?post=154989"}],"curies":[{"name":"wp","href":"https:\/\/api.w.org\/{rel}","templated":true}]}}