{"id":155021,"date":"2025-12-16T23:57:06","date_gmt":"2025-12-16T23:57:06","guid":{"rendered":"https:\/\/www.europesays.com\/pl\/155021\/"},"modified":"2025-12-16T23:57:06","modified_gmt":"2025-12-16T23:57:06","slug":"dworzec-sprzed-150-lat-znow-dla-pasazerow-stacja-dostosowana-do-wspolczesnych-standardow","status":"publish","type":"post","link":"https:\/\/www.europesays.com\/pl\/155021\/","title":{"rendered":"Dworzec sprzed 150 lat zn\u00f3w dla pasa\u017cer\u00f3w. Stacja dostosowana do wsp\u00f3\u0142czesnych standard\u00f3w"},"content":{"rendered":"<p>\n\t\t\tPi\u0119kny budynek z XIX wieku zosta\u0142 dostosowany do wsp\u00f3\u0142czesnych standard\u00f3w.\u00a0Zako\u0144czy\u0142a si\u0119 przebudowa popularnego dworca kolejowego w Skierniewicach. Bry\u0142a gmachu stacji pozosta\u0142a bez zmian.\n\t\t<\/p>\n<ul>&#13;<\/p>\n<li>PKP zako\u0144czy\u0142y przebudow\u0119 dworca kolejowego w Skierniewicach. Budynek zosta\u0142 odrestaurowany i dostosowany do najnowszych standard\u00f3w<\/li>\n<p>&#13;<\/p>\n<li>Budynek zosta\u0142 wyposa\u017cony w nowoczesne systemy bezpiecze\u0144stwa oraz inteligentne systemy zarz\u0105dzania. To po\u0142\u0105czenie przesz\u0142o\u015bci z nowoczesno\u015bci\u0105.<\/li>\n<p>&#13;<\/p>\n<li>Przebudowa dworca trwa\u0142a dwa lata i kosztowa\u0142a 45 mln z\u0142 brutto, a dokumentacja i prace zosta\u0142y dofinansowane z funduszy unijnych.<\/li>\n<p>&#13;\n<\/ul>\n<p>&#13;<br \/>\nZako\u0144czy\u0142a si\u0119 modernizacja dworca PKP w Skierniewicach&#13;<\/p>\n<p>Polskie Koleje Pa\u0144stwowe zako\u0144czy\u0142y przebudow\u0119 dworca kolejowego w Skierniewicach. Budynek zosta\u0142 odrestaurowany, a przy tym zmodernizowany do najnowszych standard\u00f3w pod nadzorem konserwatora zabytk\u00f3w.\u00a0<\/p>\n<p>&#13;<\/p>\n<p>&#13;<\/p>\n<p>O zako\u0144czeniu przebudowy dworca kolejowego w Skierniewicach poinformowa\u0142o biuro prasowe PKP. Modernizacja budynku stacji rozpocz\u0119\u0142a si\u0119 w drugiej po\u0142owie 2023 r., a prace budowlane zosta\u0142y wykonane zgodnie z zaleceniami konserwatora zabytk\u00f3w.<\/p>\n<p>&#13;<br \/>\nBry\u0142a budynku stacji pozosta\u0142a bez zmian. Przywr\u00f3cono historyczne wej\u015bcia&#13;<\/p>\n<p>PKP poinformowa\u0142y, \u017ce bry\u0142a budynku stacji pozosta\u0142a bez zmian. W ramach inwestycji wymieniono pokrycie dachowe, stolark\u0119 okienn\u0105 i drzwiow\u0105, a elewacja budynku zosta\u0142a oczyszczona i scalona kolorystycznie. Parter dworca zosta\u0142 otwarty dla podr\u00f3\u017cnych od strony wschodniej.<\/p>\n<p>&#13;<\/p>\n<p>\t\t\t\t\t<a href=\"https:\/\/www.portalsamorzadowy.pl\/gospodarka-komunalna\/slynne-uzdrowisko-odzyskuje-polaczenie-ze-swiatem-po-14-latach-pojada-pociagi,641763.html\" class=\"read-more-box-img-cnt\" rel=\"nofollow noopener\" target=\"_blank\"><br \/>\n\t\t\t\t<img decoding=\"async\" loading=\"lazy\" width=\"300\" height=\"200\" src=\"https:\/\/www.europesays.com\/pl\/wp-content\/uploads\/2025\/12\/282076_r0_300.jpg\" alt=\"S\u0142ynne uzdrowisko odzyskuje po\u0142\u0105czenie ze \u015bwiatem. Po 14 latach pojad\u0105 poci\u0105gi\" class=\"read-more-box-img\"\/><br \/>\n\t\t\t<\/a><\/p>\n<p>&#13;<\/p>\n<p>Przywr\u00f3cone zosta\u0142y dwa historyczne wej\u015bcia do budynku. Powsta\u0142o te\u017c nowe od strony po\u0142udniowej. We wn\u0119trzu odnowione zosta\u0142o przedstawiaj\u0105ce m.in. motywy pracy na kolei socrealistyczne sgraffito z 1954 r. znajduj\u0105ce si\u0119 na \u015bcianach \u015bwietlicy dworcowej.<\/p>\n<p>&#13;<\/p>\n<blockquote><p>&#13;<\/p>\n<p>W przestrzeniach zwi\u0105zanych z obs\u0142ug\u0105 podr\u00f3\u017cnych pojawi\u0142y si\u0119 \u015bcie\u017cki prowadz\u0105ce, oznaczenia w alfabecie Braille&#8217;a oraz plany dotykowe dworca. Ca\u0142o\u015b\u0107 jest dostosowana do potrzeb os\u00f3b z niepe\u0142nosprawno\u015bciami. Budynek zosta\u0142 te\u017c wyposa\u017cony w nowoczesne systemy bezpiecze\u0144stwa oraz inteligentne systemy zarz\u0105dzania. Obok stacji zamontowano stojaki rowerowe i latarnie z oprawami do iluminacji dworca<\/p>\n<p>&#13;\n<\/p><\/blockquote>\n<p>&#13;<\/p>\n<p>&#8211; poinformowa\u0142y PKP.<\/p>\n<p>&#13;<br \/>\nOdnowiony dworzec to przyk\u0142ad po\u0142\u0105czenia przesz\u0142o\u015bci z nowoczesno\u015bci\u0105&#13;<\/p>\n<p>Nowy uk\u0142ad dworca to parter przeznaczony do obs\u0142ugi podr\u00f3\u017cnych z poczekalni\u0105, holem kasowym i toaletami. Wyposa\u017cenie dworca uzupe\u0142niaj\u0105 elektroniczne tablice przyjazd\u00f3w i odjazd\u00f3w, gabloty z rozk\u0142adami jazdy poci\u0105g\u00f3w oraz zegar. Wygospodarowano te\u017c przestrzenie na wynajem na pi\u0119trze i poddaszu. Znajd\u0105 si\u0119 tu m.in. cukiernia, zak\u0142ad fotograficzny, szko\u0142a ta\u0144ca i kwiaciarnia.<\/p>\n<p>&#13;<\/p>\n<p>\t\t\t\t\t<a href=\"https:\/\/www.portalsamorzadowy.pl\/gospodarka-komunalna\/nieczynny-od-lat-dworzec-wraca-do-uzytku-pasazerowie-znow-beda-korzystac,640929.html\" class=\"read-more-box-img-cnt\" rel=\"nofollow noopener\" target=\"_blank\"><br \/>\n\t\t\t\t<img decoding=\"async\" loading=\"lazy\" width=\"300\" height=\"200\" src=\"https:\/\/www.europesays.com\/pl\/wp-content\/uploads\/2025\/12\/281659_r0_300.jpg\" alt=\"Nieczynny od lat dworzec wraca do u\u017cytku. Pasa\u017cerowie zn\u00f3w b\u0119d\u0105 korzysta\u0107\" class=\"read-more-box-img\"\/><br \/>\n\t\t\t<\/a><\/p>\n<p>&#13;<\/p>\n<p>Dworzec zosta\u0142 w pe\u0142ni przystosowany do potrzeb os\u00f3b z niepe\u0142nosprawno\u015bciami poprzez likwidacj\u0119 barier architektonicznych oraz wprowadzenie szereg usprawnie\u0144.<\/p>\n<p>&#13;<\/p>\n<blockquote><p>&#13;<\/p>\n<p>Zako\u0144czona inwestycja to doskona\u0142y przyk\u0142ad po\u0142\u0105czenia przesz\u0142o\u015bci z nowoczesno\u015bci\u0105. Dzi\u0119ki przebudowie przy zachowaniu dotychczasowej architektury uda\u0142o si\u0119 wydoby\u0107 dawny blask dworca w Skierniewicach, a jednocze\u015bnie obiekt sta\u0142 si\u0119 komfortow\u0105 przestrzeni\u0105 obs\u0142ugi podr\u00f3\u017cnych, dostosowan\u0105 do wsp\u00f3\u0142cze\u015bnie obowi\u0105zuj\u0105cych standard\u00f3w. Z pe\u0142nym przekonaniem mo\u017cemy powiedzie\u0107, \u017ce skierniewicki dworzec to prawdziwa wizyt\u00f3wka miasta i przyk\u0142ad tego, jak dzi\u015b postrzegamy w Polsce kolej<\/p>\n<p>&#13;\n<\/p><\/blockquote>\n<p>&#13;<\/p>\n<p>&#8211; powiedzia\u0142 Alan Beroud, prezes zarz\u0105du sp\u00f3\u0142ki PKP S.A.<\/p>\n<p>&#13;<br \/>\nPrzebudowa dworca w Skierniewicach trwa\u0142a dwa lata i kosztowa\u0142a 45 mln z\u0142&#13;<\/p>\n<p>Przebudowa dworca kolejowego w Skierniewicach trwa\u0142a dwa lata i kosztowa\u0142a 45 mln z\u0142 brutto, a dokumentacja projektowa i prace budowlane zosta\u0142y dofinansowane z funduszy unijnych.<\/p>\n<p>&#13;<\/p>\n<p>Obecny budynek dworca kolejowego nie by\u0142 jedynym w mie\u015bcie. Pierwszy powsta\u0142 w 1845 r. razem z uruchomieniem Kolei Warszawsko-Wiede\u0144skiej. Zosta\u0142 on zniszczony w 1945 r. Ruiny rozebrano. Budowa obecnego dworca zako\u0144czy\u0142a si\u0119 w 1875 r., a w latach 1919-1921 budynek zosta\u0142 przebudowany. W\u00f3wczas m.in. podwy\u017cszono boczne pawilony i zmieniono uk\u0142ad wn\u0119trza oraz lokalizacj\u0119 wej\u015b\u0107 do budynku, a neoklasycystyczny lub neogotycki wystr\u00f3j zast\u0105piono stylistyk\u0105 renesansowo-neobarokow\u0105.<\/p>\n<p>&#13;<br \/>\nNa stacji\u00a0w Skierniewicach\u00a0zatrzymuje si\u0119 182 poci\u0105g\u00f3w dziennie&#13;<\/p>\n<p>Stacja kolejowa w Skierniewicach znajduje si\u0119 przy linii kolejowej nr 1 Warszawa &#8211; Katowice. Zatrzymuj\u0105 si\u0119 tu zar\u00f3wno poci\u0105gi aglomeracyjne i regionalne, jak i dalekobie\u017cne. Obs\u0142uguje pasa\u017cer\u00f3w poci\u0105g\u00f3w PKP Intercity podr\u00f3\u017cuj\u0105cych do Gdyni, Wroc\u0142awia, Olsztyna, Bia\u0142egostoku, Szklarskiej Por\u0119by i Zgorzelca, a tak\u017ce poci\u0105g\u00f3w regionalnych POLREGIO, Kolei Mazowieckich i \u0141\u00f3dzkiej Kolei Aglomeracyjnej do Warszawy, Kutna czy \u0141odzi.<\/p>\n<p>&#13;<\/p>\n<p>\t\t\t\t\t<a href=\"https:\/\/www.portalsamorzadowy.pl\/inwestycje\/ponad-130-letni-dworzec-doczeka-sie-remontu-prace-potrwaja-dwa-lata,639526.html\" class=\"read-more-box-img-cnt\" rel=\"nofollow noopener\" target=\"_blank\"><br \/>\n\t\t\t\t<img decoding=\"async\" loading=\"lazy\" width=\"300\" height=\"200\" src=\"https:\/\/www.europesays.com\/pl\/wp-content\/uploads\/2025\/12\/280955_r0_300.jpg\" alt=\"Ponad 130-letni dworzec doczeka si\u0119 remontu. Prace potrwaj\u0105 dwa lata\" class=\"read-more-box-img\"\/><br \/>\n\t\t\t<\/a><\/p>\n<p>&#13;<\/p>\n<p>Zgodnie z danymi Urz\u0119du Transportu Kolejowego w 2024 roku stacja obs\u0142ugiwa\u0142a \u015brednio do 12,8 tys. pasa\u017cer\u00f3w na dob\u0119 i zatrzymywa\u0142o si\u0119 na niej 182 poci\u0105g\u00f3w dziennie.<\/p>\n<p><img decoding=\"async\" style=\"max-width:80px;\" loading=\"lazy\" src=\"https:\/\/www.europesays.com\/pl\/wp-content\/uploads\/2025\/09\/1758531790_154_081834.png\"\/><\/p>\n","protected":false},"excerpt":{"rendered":"Pi\u0119kny budynek z XIX wieku zosta\u0142 dostosowany do wsp\u00f3\u0142czesnych standard\u00f3w.\u00a0Zako\u0144czy\u0142a si\u0119 przebudowa popularnego dworca kolejowego w Skierniewicach. Bry\u0142a&hellip;\n","protected":false},"author":2,"featured_media":155022,"comment_status":"","ping_status":"","sticky":false,"template":"","format":"standard","meta":{"footnotes":""},"categories":[16],"tags":[664,1178,9143,10478,1683,9146,10365,17086,30982,113,112,17084,10363,10476,9141,1681,30980,9144,42,38,40,39,41,1682,9142,17085,10364,10477,30981,9145],"class_list":{"0":"post-155021","1":"post","2":"type-post","3":"status-publish","4":"format-standard","5":"has-post-thumbnail","7":"category-biznes","8":"tag-typedefinedterm","9":"tag-0-html","10":"tag-9143","11":"tag-109-html","12":"tag-1683","13":"tag-353-html","14":"tag-387-html","15":"tag-4121-html","16":"tag-633-html","17":"tag-biznes","18":"tag-business","19":"tag-namedworce-kolejowe","20":"tag-namekoleje","21":"tag-namepkp","22":"tag-nameserwis-nieruchomou015bci","23":"tag-nameserwis-usu0142ugi-komunalne","24":"tag-nameskierniewice","25":"tag-namewojewu00f3dztwo-u0141u00f3dzkie","26":"tag-pl","27":"tag-poland","28":"tag-polish","29":"tag-polska","30":"tag-polski","31":"tag-urlhttps-www-portalsamorzadowy-pl-gospodarka-komunalna-podserwis-serwis-uslugi-komunalne","32":"tag-urlhttps-www-portalsamorzadowy-pl-inwestycje-podserwis-serwis-nieruchomosci","33":"tag-urlhttps-www-portalsamorzadowy-pl-klucze-dworce-kolejowe","34":"tag-urlhttps-www-portalsamorzadowy-pl-klucze-koleje","35":"tag-urlhttps-www-portalsamorzadowy-pl-klucze-pkp","36":"tag-urlhttps-www-portalsamorzadowy-pl-klucze-skierniewice","37":"tag-urlhttps-www-portalsamorzadowy-pl-klucze-wojewodztwo-lodzkie"},"share_on_mastodon":{"url":"","error":""},"_links":{"self":[{"href":"https:\/\/www.europesays.com\/pl\/wp-json\/wp\/v2\/posts\/155021","targetHints":{"allow":["GET"]}}],"collection":[{"href":"https:\/\/www.europesays.com\/pl\/wp-json\/wp\/v2\/posts"}],"about":[{"href":"https:\/\/www.europesays.com\/pl\/wp-json\/wp\/v2\/types\/post"}],"author":[{"embeddable":true,"href":"https:\/\/www.europesays.com\/pl\/wp-json\/wp\/v2\/users\/2"}],"replies":[{"embeddable":true,"href":"https:\/\/www.europesays.com\/pl\/wp-json\/wp\/v2\/comments?post=155021"}],"version-history":[{"count":0,"href":"https:\/\/www.europesays.com\/pl\/wp-json\/wp\/v2\/posts\/155021\/revisions"}],"wp:featuredmedia":[{"embeddable":true,"href":"https:\/\/www.europesays.com\/pl\/wp-json\/wp\/v2\/media\/155022"}],"wp:attachment":[{"href":"https:\/\/www.europesays.com\/pl\/wp-json\/wp\/v2\/media?parent=155021"}],"wp:term":[{"taxonomy":"category","embeddable":true,"href":"https:\/\/www.europesays.com\/pl\/wp-json\/wp\/v2\/categories?post=155021"},{"taxonomy":"post_tag","embeddable":true,"href":"https:\/\/www.europesays.com\/pl\/wp-json\/wp\/v2\/tags?post=155021"}],"curies":[{"name":"wp","href":"https:\/\/api.w.org\/{rel}","templated":true}]}}