{"id":155023,"date":"2025-12-16T23:59:13","date_gmt":"2025-12-16T23:59:13","guid":{"rendered":"https:\/\/www.europesays.com\/pl\/155023\/"},"modified":"2025-12-16T23:59:13","modified_gmt":"2025-12-16T23:59:13","slug":"rocznica-pacyfikacji-kopalni-wujek-prezydent-nawrocki-trzeba-czasami-rozdrapywac-rany","status":"publish","type":"post","link":"https:\/\/www.europesays.com\/pl\/155023\/","title":{"rendered":"Rocznica pacyfikacji kopalni &#8222;Wujek&#8221;. Prezydent Nawrocki: trzeba czasami rozdrapywa\u0107 rany"},"content":{"rendered":"<p> Dlaczego to jest wa\u017cne? <\/p>\n<p class=\"ods-c-paragraph \">Rocznica pacyfikacji kopalni &#8222;Wujek&#8221; to symbol walki o wolno\u015b\u0107 i solidarno\u015b\u0107 w Polsce. Wydarzenia sprzed 44 lat przypominaj\u0105 o cenie, jak\u0105 zap\u0142acili g\u00f3rnicy za sprzeciw wobec komunistycznej w\u0142adzy. To tak\u017ce moment refleksji nad odpowiedzialno\u015bci\u0105 i rozliczeniem winnych tamtych zbrodni.<\/p>\n<p>  Jakie by\u0142y s\u0142owa prezydenta Karola Nawrockiego? <\/p>\n<p class=\"ods-c-paragraph \">Prezydent podkre\u015bli\u0142 wyj\u0105tkowo\u015b\u0107 \u015al\u0105ska, m\u00f3wi\u0105c: \u2014 \u015al\u0105sk jest z\u0142o\u017cony z ci\u0119\u017ckiej pracy, to ziemia wype\u0142niona mi\u0142o\u015bci\u0105 dla Polski i ci\u0119\u017ck\u0105 prac\u0105. \u015al\u0105sk to te\u017c ludzie z\u0142o\u017ceni z krwi i cierpienia.<\/p>\n<p>  Co powiedzia\u0142 Karol Nawrocki? <\/p>\n<p class=\"ods-c-paragraph \">\u2014 Nikt i nic tak nie opisze Solidarno\u015bci, jak to, co wydarzy\u0142o si\u0119 w kopalni &#8222;Wujek&#8221;. 3 tys. ludzi podj\u0119\u0142o strajk w imieniu jednego skrzywdzonego przez komunistyczne w\u0142adze. \u015apiewali hymn Polski, wierz\u0105c, \u017ce jeszcze Polska nie zgin\u0119\u0142a, p\u00f3ki oni \u017cyj\u0105, a naprzeciw ich modlitwom komuni\u015bci wys\u0142ali \u017co\u0142nierzy i czo\u0142gi \u2014 m\u00f3wi\u0142 Nawrocki. \u2014 Morderc\u00f3w za komuny nie skazano, a \u015bcigano tych, kt\u00f3rzy mieli si\u0142\u0119 i odwag\u0119 protestowa\u0107. Jak mo\u017cna m\u00f3wi\u0107 o wolno\u015bci, gdy w XXI w. nie postawiono przed s\u0105dem tych, kt\u00f3rzy mordowali swoich braci g\u00f3rnik\u00f3w \u2014 doda\u0142.<\/p>\n<p>     Jakie s\u0105 konsekwencje tych wydarze\u0144? <\/p>\n<p class=\"ods-c-paragraph \">Prezydent zwr\u00f3ci\u0142 uwag\u0119 na brak rozliczenia winnych i potrzeb\u0119 sprawiedliwo\u015bci historycznej. \u2014 Oczekujemy sprawiedliwo\u015bci dziejowej; tego, by kat\u00f3w nazywa\u0107 katami, a ofiary ofiarami. Trzeba czasami rozdrapywa\u0107 rany, aby nie zabli\u017ani\u0142y si\u0119 pow\u0142ok\u0105 pogardy i niepami\u0119ci \u2014 podsumowa\u0142 Nawrocki.<\/p>\n<p class=\"ods-c-paragraph \">Czytaj te\u017c:<\/p>\n<p> Jakie wydarzenia upami\u0119tnia rocznica pacyfikacji kopalni 'Wujek&#8217;? <\/p>\n<p> Ilu g\u00f3rnik\u00f3w zgin\u0119\u0142o podczas pacyfikacji kopalni 'Wujek&#8217;? <\/p>\n<p> Co powiedzia\u0142 prezydent Nawrocki o \u015al\u0105sku? <\/p>\n<p> Jakie s\u0105 oczekiwania prezydenta dotycz\u0105ce sprawiedliwo\u015bci historycznej? <\/p>\n","protected":false},"excerpt":{"rendered":"Dlaczego to jest wa\u017cne? Rocznica pacyfikacji kopalni &#8222;Wujek&#8221; to symbol walki o wolno\u015b\u0107 i solidarno\u015b\u0107 w Polsce. Wydarzenia&hellip;\n","protected":false},"author":2,"featured_media":155024,"comment_status":"","ping_status":"","sticky":false,"template":"","format":"standard","meta":{"footnotes":""},"categories":[12],"tags":[32,33,36,37,27,43,4320,49,34,35,28,31,48,25,46,42,38,40,39,41,47,18599,29,30,70,26],"class_list":{"0":"post-155023","1":"post","2":"type-post","3":"status-publish","4":"format-standard","5":"has-post-thumbnail","7":"category-polska","8":"tag-breaking-news","9":"tag-breakingnews","10":"tag-featured-news","11":"tag-featurednews","12":"tag-headlines","13":"tag-karol_nawrocki","14":"tag-katowice","15":"tag-kraj","16":"tag-latest-news","17":"tag-latestnews","18":"tag-naglowki","19":"tag-najwazniejsze-artykuly","20":"tag-nat_styl","21":"tag-news","22":"tag-omp","23":"tag-pl","24":"tag-poland","25":"tag-polish","26":"tag-polska","27":"tag-polski","28":"tag-screening_general","29":"tag-stan_wojenny_w_polsce","30":"tag-top-stories","31":"tag-topstories","32":"tag-w_skrocie","33":"tag-wiadomosci"},"share_on_mastodon":{"url":"https:\/\/pubeurope.com\/@pl\/115731966434650270","error":""},"_links":{"self":[{"href":"https:\/\/www.europesays.com\/pl\/wp-json\/wp\/v2\/posts\/155023","targetHints":{"allow":["GET"]}}],"collection":[{"href":"https:\/\/www.europesays.com\/pl\/wp-json\/wp\/v2\/posts"}],"about":[{"href":"https:\/\/www.europesays.com\/pl\/wp-json\/wp\/v2\/types\/post"}],"author":[{"embeddable":true,"href":"https:\/\/www.europesays.com\/pl\/wp-json\/wp\/v2\/users\/2"}],"replies":[{"embeddable":true,"href":"https:\/\/www.europesays.com\/pl\/wp-json\/wp\/v2\/comments?post=155023"}],"version-history":[{"count":0,"href":"https:\/\/www.europesays.com\/pl\/wp-json\/wp\/v2\/posts\/155023\/revisions"}],"wp:featuredmedia":[{"embeddable":true,"href":"https:\/\/www.europesays.com\/pl\/wp-json\/wp\/v2\/media\/155024"}],"wp:attachment":[{"href":"https:\/\/www.europesays.com\/pl\/wp-json\/wp\/v2\/media?parent=155023"}],"wp:term":[{"taxonomy":"category","embeddable":true,"href":"https:\/\/www.europesays.com\/pl\/wp-json\/wp\/v2\/categories?post=155023"},{"taxonomy":"post_tag","embeddable":true,"href":"https:\/\/www.europesays.com\/pl\/wp-json\/wp\/v2\/tags?post=155023"}],"curies":[{"name":"wp","href":"https:\/\/api.w.org\/{rel}","templated":true}]}}