{"id":15505,"date":"2025-09-25T14:43:06","date_gmt":"2025-09-25T14:43:06","guid":{"rendered":"https:\/\/www.europesays.com\/pl\/15505\/"},"modified":"2025-09-25T14:43:06","modified_gmt":"2025-09-25T14:43:06","slug":"pogorszenie-stanu-zdrowia-adriana-ze-slubu-nowa-zmiana-jest-wieksza-niz-pierwotna-onet","status":"publish","type":"post","link":"https:\/\/www.europesays.com\/pl\/15505\/","title":{"rendered":"Pogorszenie stanu zdrowia Adriana ze &quot;\u015alubu&#8230;&quot;. &quot;Nowa zmiana jest wi\u0119ksza ni\u017c pierwotna&quot; &#8211; Onet"},"content":{"rendered":"<ol>\n<li><a href=\"https:\/\/news.google.com\/rss\/articles\/CBMirwFBVV95cUxPeFdBbWI3RVFvb3pvVjdQdGozMzhjNVhPZFpCdFRqWHkwTG9Ddmw4Ti1oNGNEVnFQUlFIMGZVMXkyT090YTJnWFRjMFFYd0VoTU9SUHA2S0YzWHlZM2tLREFlNUNuclZlT3Y1c1lBT2llM2FLTHNsWTh3OUxCYWtSZ1RDMDNMM0pWSkZPTWVLVFVaR05JbWhXRHhWdUhHSWtPZVIwSTQxZVFXLW9HMFZZ?oc=5\" target=\"_blank\" rel=\"nofollow noopener\">Pogorszenie stanu zdrowia Adriana ze &#8222;\u015alubu&#8230;&#8221;. &#8222;Nowa zmiana jest wi\u0119ksza ni\u017c pierwotna&#8221;<\/a>&nbsp;&nbsp;Onet<\/li>\n<li><a href=\"https:\/\/news.google.com\/rss\/articles\/CBMiygFBVV95cUxOSkIyN19UeC1UWDc1MEdvXy0tUEtBLVdhQ0tEVzRzMlo2ZTg0aXEySWVQX1VsQ25XZ0JxUTAzemFDQVMtYTJ5SWV6SnJ0aVlZSk80WlBBXzZYcll5OHZubm1kSXBuWUZ6bWZPZ2xoWjdYY0NkVUhNUlhObzdRN2lFeFFmcG1hVUtveVNDczZROTRWeHRocmxKSTRCdGZtaUpkbmUwQkxLZGl2VlNBOTJIcENlMVhTM2RxaElDSmhSZVFhUVRUeDdjUHlB?oc=5\" target=\"_blank\" rel=\"nofollow noopener\">Adrian ze &#8222;\u015aOPW&#8221; walczy z GLEJAKIEM. Przekaza\u0142 nowe wie\u015bci ws. stanu zdrowia. &#8222;Jest wznowa guza&#8221;<\/a>&nbsp;&nbsp;pudelek.pl<\/li>\n<li><a href=\"https:\/\/news.google.com\/rss\/articles\/CBMiogFBVV95cUxNYTNmNm1PYnhSLXJDNlhtT1VhbndWSXlxa1pSLWhGbWJiRk9lc0dEWlhucUNidXhiejh5dWFLUEh4ajZTX1l5RF9Bb1FJOTVjbjVBSlQtbms0b0JvdE1kWG9TSGtpVjNRWGxRVUZmWTFjUFJ3RUtfZ2VLenVHTldKVjYwM3g1dHZjaGVFOEkzZ3FrM29yUno3RHFLWTBsRTZKd2c?oc=5\" target=\"_blank\" rel=\"nofollow noopener\">Anita ze &#8222;\u015alubu od pierwszego wejrzenia&#8221; zrobi\u0142a to dla chorego m\u0119\u017ca. &#8222;Ca\u0142kowita zmiana&#8221;<\/a>&nbsp;&nbsp;Plejada<\/li>\n<li><a href=\"https:\/\/news.google.com\/rss\/articles\/CBMimAJBVV95cUxQekZmRHhybjZ6b1RzdFFTRHN1TjNaRTRXQ3p5elBqWTA5SG91MGxOSUVKQkY0S0VRQW16ZXBVR0Z5X2pnanZPZl9CT1hmSEtLamRVSGFGVFdmdkdHOENOMVduZ1VmdDhXZm9tMW5SRWpwWTNhaEpmRlVJdGFUYWJyY0dnaTI1ZXp4LWNHLWEyOXhuNXdsX0dycllQQjllelBqTGJzYWRYVGFPbnV1VnJVUXZxNzh6N2d3emdCQTRpbU5aWUdkOG1WaUgwU0FjV2tLVzZEN0t0YkF0LTE5c19td19vRi1rV1NRM05jc2dVa1cxYko5TkJMMXBMd3FBWExZblFORVB2aDZSekk5WFc5a2ZHOVBSdnNG?oc=5\" target=\"_blank\" rel=\"nofollow noopener\">Adrian Szymaniak ze &#8222;\u015alubu od pierwszego wejrzenia&#8221; walczy z glejakiem. Tak pomaga mu \u017cona. &#8222;Ca\u0142kowita zmiana&#8221;<\/a>&nbsp;&nbsp;Medonet<\/li>\n<li><a href=\"https:\/\/news.google.com\/rss\/articles\/CBMivgFBVV95cUxOd3VPX1lBMUNzZHdVdmxzUW5MM0VvcGRzZnJpR0NPalZ5NS1XcXZZc3c3VmNJaTRxWlNDXzdhYlhKQi1DSzAyUEU2blo5YVhXbWdvUW5ZMnNldk0yQW02NzJGZDhub1lQdUlfQXpnZ2tuNXVnRUN5THlSek9JVkFSeHE2UEh3U19lLXM3QmhySmlpUTNlYzVrRHNtMVpxeThHbzJNMk5DRUFRRWQzaG1jVTdjVWE5THZ5cElEaFBR?oc=5\" target=\"_blank\" rel=\"nofollow noopener\">Pogorszy\u0142 si\u0119 stan zdrowia Adriana ze &#8222;\u015aOPW&#8221;. &#8222;Nowa zmiana jest wi\u0119ksza ni\u017c pierwotna&#8221;<\/a>&nbsp;&nbsp;Plotek.pl<\/li>\n<\/ol>\n","protected":false},"excerpt":{"rendered":"Pogorszenie stanu zdrowia Adriana ze &#8222;\u015alubu&#8230;&#8221;. &#8222;Nowa zmiana jest wi\u0119ksza ni\u017c pierwotna&#8221;&nbsp;&nbsp;Onet Adrian ze &#8222;\u015aOPW&#8221; walczy z GLEJAKIEM.&hellip;\n","protected":false},"author":2,"featured_media":15506,"comment_status":"","ping_status":"","sticky":false,"template":"","format":"standard","meta":{"footnotes":""},"categories":[22],"tags":[5589,122,67,53,52,68,51,55,42,38,40,39,41,123,47,196,65,50],"class_list":{"0":"post-15505","1":"post","2":"type-post","3":"status-publish","4":"format-standard","5":"has-post-thumbnail","7":"category-rozrywka","8":"tag-adrian_szymaniak","9":"tag-entertainment","10":"tag-intextvideo_splayer","11":"tag-new_header","12":"tag-onet3","13":"tag-onet3d","14":"tag-onet3d_2i","15":"tag-phx","16":"tag-pl","17":"tag-poland","18":"tag-polish","19":"tag-polska","20":"tag-polski","21":"tag-rozrywka","22":"tag-screening_general","23":"tag-styl_zycia","24":"tag-update_me","25":"tag-v2021"},"share_on_mastodon":{"url":"","error":""},"_links":{"self":[{"href":"https:\/\/www.europesays.com\/pl\/wp-json\/wp\/v2\/posts\/15505","targetHints":{"allow":["GET"]}}],"collection":[{"href":"https:\/\/www.europesays.com\/pl\/wp-json\/wp\/v2\/posts"}],"about":[{"href":"https:\/\/www.europesays.com\/pl\/wp-json\/wp\/v2\/types\/post"}],"author":[{"embeddable":true,"href":"https:\/\/www.europesays.com\/pl\/wp-json\/wp\/v2\/users\/2"}],"replies":[{"embeddable":true,"href":"https:\/\/www.europesays.com\/pl\/wp-json\/wp\/v2\/comments?post=15505"}],"version-history":[{"count":0,"href":"https:\/\/www.europesays.com\/pl\/wp-json\/wp\/v2\/posts\/15505\/revisions"}],"wp:featuredmedia":[{"embeddable":true,"href":"https:\/\/www.europesays.com\/pl\/wp-json\/wp\/v2\/media\/15506"}],"wp:attachment":[{"href":"https:\/\/www.europesays.com\/pl\/wp-json\/wp\/v2\/media?parent=15505"}],"wp:term":[{"taxonomy":"category","embeddable":true,"href":"https:\/\/www.europesays.com\/pl\/wp-json\/wp\/v2\/categories?post=15505"},{"taxonomy":"post_tag","embeddable":true,"href":"https:\/\/www.europesays.com\/pl\/wp-json\/wp\/v2\/tags?post=15505"}],"curies":[{"name":"wp","href":"https:\/\/api.w.org\/{rel}","templated":true}]}}