{"id":155055,"date":"2025-12-17T00:28:09","date_gmt":"2025-12-17T00:28:09","guid":{"rendered":"https:\/\/www.europesays.com\/pl\/155055\/"},"modified":"2025-12-17T00:28:09","modified_gmt":"2025-12-17T00:28:09","slug":"sondaz-politico-ujawnia-podzial-europy-w-sprawie-pomocy-dla-ukrainy","status":"publish","type":"post","link":"https:\/\/www.europesays.com\/pl\/155055\/","title":{"rendered":"Sonda\u017c Politico ujawnia podzia\u0142 Europy w sprawie pomocy dla Ukrainy"},"content":{"rendered":"<p data-section=\"detail-body\">Cztery lata wojny sprawiaj\u0105, \u017ce poparcie dla wsparcia dla walcz\u0105cej z Rosj\u0105 Ukrainy powoli zaczyna si\u0119 zmienia\u0107. Wida\u0107 to doskonale w wynikach najnowszego sonda\u017cu Politico.<\/p>\n<p class=\"article_p\" data-section=\"detail-body\">Dalsza cz\u0119\u015b\u0107 artyku\u0142u pod materia\u0142em wideo:<\/p>\n<p class=\"article_p\" data-section=\"detail-body\">45 proc. Niemc\u00f3w opowiada si\u0119 za ograniczeniem pomocy, a zaledwie 20 proc. domaga si\u0119 jej zwi\u0119kszenia. We Francji 37 proc. respondent\u00f3w r\u00f3wnie\u017c chce zmniejszenia wsparcia, podczas gdy 24 proc. popiera jego wzrost. <\/p>\n<p class=\"article_p\" data-section=\"detail-body\">W krajach anglosaskich proporcje s\u0105 odmienne. W Wielkiej Brytanii 31 proc. badanych chce zwi\u0119kszenia pomocy, a 24 proc. jej ograniczenia. W USA za wi\u0119kszym wsparciem opowiada si\u0119 37 proc. ankietowanych, a przeciwnego zdania jest 24 proc. W Kanadzie natomiast 35 proc. respondent\u00f3w popiera zwi\u0119kszenie pomocy, a 22 proc. opowiada si\u0119 za jej ograniczeniem.<\/p>\n<p>            Czytaj tak\u017ce w BUSINESS INSIDER<\/p>\n<p class=\"article_p\" data-section=\"detail-body\">Czytaj tak\u017ce: <a href=\"https:\/\/businessinsider.com.pl\/wiadomosci\/ukraina-bez-polskich-zolnierzy-sondaz-pokazuje-wyrazny-sprzeciw\/8f487xn\" id=\"b3eec2ee-bc43-4e0d-9b6c-d755f4a6234c\" rel=\"nofollow noopener\" target=\"_blank\">Wi\u0119kszo\u015b\u0107 Polak\u00f3w nie chce wys\u0142ania wojsk na Ukrain\u0119. Wyniki s\u0105 jednoznaczne [SONDA\u017b]<\/a><\/p>\n<p class=\"article_p\" data-section=\"detail-body\">W Stanach Zjednoczonych wsparcie dla Ukrainy jest wyra\u017anie podzielone wed\u0142ug sympatii politycznych. Wyborcy Kamali Harris cz\u0119\u015bciej wskazuj\u0105 na potrzeb\u0119 ochrony demokracji jako kluczowy pow\u00f3d pomocy \u2013 taki pogl\u0105d podziela 29 proc. z nich. W\u015br\u00f3d zwolennik\u00f3w Donalda Trumpa jedynie 17 proc. uwa\u017ca, \u017ce ochrona demokracji jest istotnym argumentem za wspieraniem Kijowa.<\/p>\n<p>        Pomoc wojskowa i kwestia uchod\u017ac\u00f3w z Ukrainy<\/p>\n<p class=\"article_p\" data-section=\"detail-body\">Je\u015bli chodzi o pomoc wojskow\u0105, blisko 40 proc. respondent\u00f3w w USA, Wielkiej Brytanii i Kanadzie opowiada si\u0119 za jej zwi\u0119kszeniem, a oko\u0142o 20 proc. jest temu przeciwnych. W Niemczech 26 proc. badanych popiera wi\u0119ksze zaanga\u017cowanie militarne, podczas gdy 39 proc. ma odmienne zdanie. We Francji natomiast 31 proc. ankietowanych chce zwi\u0119kszenia pomocy wojskowej, a 30 proc. jest temu przeciwnych.<\/p>\n<p class=\"article_p\" data-section=\"detail-body\">Niemcy wyr\u00f3\u017cniaj\u0105 si\u0119 r\u00f3wnie\u017c w kwestii przyjmowania ukrai\u0144skich uchod\u017ac\u00f3w. Po\u0142owa respondent\u00f3w w tym kraju uwa\u017ca, \u017ce nale\u017cy ograniczy\u0107 liczb\u0119 przyjmowanych os\u00f3b z Ukrainy, a tak\u017ce zmniejszy\u0107 wsparcie dla tych, kt\u00f3rzy ju\u017c znale\u017ali schronienie w Niemczech. We Francji 30 proc. badanych popiera ograniczenie przyjmowania uchod\u017ac\u00f3w, podczas gdy 25 proc. jest przeciwnego zdania.<\/p>\n<p>        Rosja winna wojna. W jednym wszyscy s\u0105 zgodni<\/p>\n<p class=\"article_p\" data-section=\"detail-body\">Mimo r\u00f3\u017cnic w podej\u015bciu do pomocy Ukrainie, we wszystkich pi\u0119ciu krajach respondenci zgodnie uznali, \u017ce Rosja powinna zosta\u0107 ukarana za agresj\u0119. Utrzymanie sankcji na\u0142o\u017conych na Moskw\u0119 cieszy si\u0119 szerokim poparciem.<\/p>\n<p class=\"article_p\" data-section=\"detail-body\">Czytaj tak\u017ce: <a href=\"https:\/\/businessinsider.com.pl\/polityka\/sondaz-ktory-rzad-lepiej-radzi-sobie-w-kryzysie-polacy-podzieleni\/974sp95\" id=\"903c4649-36d7-46ee-b8fd-275c8e8e714d\" rel=\"nofollow noopener\" target=\"_blank\">Polacy podzieleni w ocenie rz\u0105du. Chodzi o sytuacje kryzysowe [SONDA\u017b]<\/a><\/p>\n<p class=\"article_p\" data-section=\"detail-body\">Sonda\u017c przeprowadzono przed szczytem Unii Europejskiej, kt\u00f3ry odb\u0119dzie si\u0119 w Brukseli 18 grudnia. Przewodnicz\u0105cy Rady Europejskiej Antonio Costa zapowiedzia\u0142, \u017ce spotkanie lider\u00f3w potrwa tak d\u0142ugo, a\u017c osi\u0105gni\u0119te zostanie porozumienie w sprawie finansowania Ukrainy na kolejne dwa lata. Badanie obj\u0119\u0142o 10 tys. 510 os\u00f3b, w tym co najmniej 2 tys. respondent\u00f3w w ka\u017cdym z analizowanych kraj\u00f3w.<\/p>\n","protected":false},"excerpt":{"rendered":"Cztery lata wojny sprawiaj\u0105, \u017ce poparcie dla wsparcia dla walcz\u0105cej z Rosj\u0105 Ukrainy powoli zaczyna si\u0119 zmienia\u0107. Wida\u0107&hellip;\n","protected":false},"author":2,"featured_media":155056,"comment_status":"","ping_status":"","sticky":false,"template":"","format":"standard","meta":{"footnotes":""},"categories":[5],"tags":[32,33,36,37,27,34,35,28,31,25,42,38,40,39,41,29,30,26],"class_list":{"0":"post-155055","1":"post","2":"type-post","3":"status-publish","4":"format-standard","5":"has-post-thumbnail","7":"category-naglowki","8":"tag-breaking-news","9":"tag-breakingnews","10":"tag-featured-news","11":"tag-featurednews","12":"tag-headlines","13":"tag-latest-news","14":"tag-latestnews","15":"tag-naglowki","16":"tag-najwazniejsze-artykuly","17":"tag-news","18":"tag-pl","19":"tag-poland","20":"tag-polish","21":"tag-polska","22":"tag-polski","23":"tag-top-stories","24":"tag-topstories","25":"tag-wiadomosci"},"share_on_mastodon":{"url":"https:\/\/pubeurope.com\/@pl\/115732080512882140","error":""},"_links":{"self":[{"href":"https:\/\/www.europesays.com\/pl\/wp-json\/wp\/v2\/posts\/155055","targetHints":{"allow":["GET"]}}],"collection":[{"href":"https:\/\/www.europesays.com\/pl\/wp-json\/wp\/v2\/posts"}],"about":[{"href":"https:\/\/www.europesays.com\/pl\/wp-json\/wp\/v2\/types\/post"}],"author":[{"embeddable":true,"href":"https:\/\/www.europesays.com\/pl\/wp-json\/wp\/v2\/users\/2"}],"replies":[{"embeddable":true,"href":"https:\/\/www.europesays.com\/pl\/wp-json\/wp\/v2\/comments?post=155055"}],"version-history":[{"count":0,"href":"https:\/\/www.europesays.com\/pl\/wp-json\/wp\/v2\/posts\/155055\/revisions"}],"wp:featuredmedia":[{"embeddable":true,"href":"https:\/\/www.europesays.com\/pl\/wp-json\/wp\/v2\/media\/155056"}],"wp:attachment":[{"href":"https:\/\/www.europesays.com\/pl\/wp-json\/wp\/v2\/media?parent=155055"}],"wp:term":[{"taxonomy":"category","embeddable":true,"href":"https:\/\/www.europesays.com\/pl\/wp-json\/wp\/v2\/categories?post=155055"},{"taxonomy":"post_tag","embeddable":true,"href":"https:\/\/www.europesays.com\/pl\/wp-json\/wp\/v2\/tags?post=155055"}],"curies":[{"name":"wp","href":"https:\/\/api.w.org\/{rel}","templated":true}]}}