{"id":155067,"date":"2025-12-17T00:37:21","date_gmt":"2025-12-17T00:37:21","guid":{"rendered":"https:\/\/www.europesays.com\/pl\/155067\/"},"modified":"2025-12-17T00:37:21","modified_gmt":"2025-12-17T00:37:21","slug":"ostatnie-pozegnanie-agnieszki-maciag-te-slowa-widnialy-na-urnie-2","status":"publish","type":"post","link":"https:\/\/www.europesays.com\/pl\/155067\/","title":{"rendered":"Ostatnie po\u017cegnanie Agnieszki Maci\u0105g. Te s\u0142owa widnia\u0142y na urnie"},"content":{"rendered":"<p class=\"Paragraph_desktopParagraph__U31Gm\"><a href=\"https:\/\/plejada.pl\/newsy\/tak-wygladal-pogrzeb-agnieszki-maciag-zamiast-ksiedza-pojawila-sie-mistrzyni\/k41m3mm\" id=\"57c0f9e8-46b0-4a06-9741-d859406284e6\" rel=\"nofollow noopener\" target=\"_blank\">Po\u017cegnanie Agnieszki Maci\u0105g odby\u0142o si\u0119 w sali \u017ca\u0142obnej<\/a>, kt\u00f3ra zosta\u0142a starannie udekorowana, by odda\u0107 ducha zmar\u0142ej. Jasne tkaniny, pastelowe kwiaty i mn\u00f3stwo bia\u0142ych \u015bwiec stworzy\u0142y niezwyk\u0142\u0105 atmosfer\u0119. W centralnym punkcie sali ustawiono urn\u0119 z prochami gwiazdy, a obok niej kolorowe zdj\u0119cie przedstawiaj\u0105ce roze\u015bmian\u0105 <a href=\"https:\/\/plejada.pl\/temat\/agnieszka-maciag-b-modelka\/v4fxl1m\" id=\"aee1044e-1fbb-4182-9d14-b889dbe3596a\" rel=\"nofollow noopener\" target=\"_blank\">Agnieszk\u0119 Maci\u0105g. <\/a>Fotografia, wykonana przez jej m\u0119\u017ca Roberta Wola\u0144skiego, pochodzi\u0142a z sesji dla jednego z magazyn\u00f3w.<\/p>\n<p class=\"Paragraph_desktopParagraph__U31Gm\">Mistrzyni ceremonii, prowadz\u0105c uroczysto\u015b\u0107, zach\u0119ca\u0142a uczestnik\u00f3w do po\u017cegnania Agnieszki Maci\u0105g z u\u015bmiechem. Mimo to, dla wielu \u017ca\u0142obnik\u00f3w, w tym rodziny i przyjaci\u00f3\u0142, by\u0142o to niezwykle trudne.<\/p>\n<ul class=\"OchatFollowUps_wrapper__1ry7X\">\n<li class=\"OchatFollowUps_item__Dhyly OchatFollowUps_itemDesktop__R6aBv\">Kiedy zmar\u0142a Agnieszka Maci\u0105g?<\/li>\n<li class=\"OchatFollowUps_item__Dhyly OchatFollowUps_itemDesktop__R6aBv\">Gdzie odby\u0142 si\u0119 jej pogrzeb?<\/li>\n<li class=\"OchatFollowUps_item__Dhyly OchatFollowUps_itemDesktop__R6aBv\">Jakie s\u0142owa widnia\u0142y na urnie Agnieszki Maci\u0105g?<\/li>\n<li class=\"OchatFollowUps_item__Dhyly OchatFollowUps_itemDesktop__R6aBv\">Jakie dekoracje by\u0142y na ceremonii po\u017cegnania?<\/li>\n<\/ul>\n<p>S\u0142owa na urnie Agnieszki Maci\u0105g <\/p>\n<p class=\"Paragraph_desktopParagraph__U31Gm\">Ceremonia odby\u0142a si\u0119 bez udzia\u0142u duchownego, a w jej trakcie nie pojawi\u0142y si\u0119 \u017cadne symbole religijne. Na urnie, opr\u00f3cz imienia i nazwiska zmar\u0142ej oraz dat jej narodzin i \u015bmierci, widnia\u0142y s\u0142owa:<\/p>\n<blockquote>\n<p class=\"Paragraph_desktopParagraph__U31Gm\">Od ciebie przysz\u0142am i do ciebie wracam<\/p>\n<\/blockquote>\n<p class=\"Paragraph_desktopParagraph__U31Gm\">To zdanie, przypominaj\u0105ce ostatni\u0105 wiadomo\u015b\u0107 od Agnieszki, by\u0142y wyrazem jej g\u0142\u0119bokiej duchowo\u015bci.<\/p>\n<p class=\"Paragraph_desktopParagraph__U31Gm\">Uroczysto\u015b\u0107 by\u0142a kr\u00f3tka, ale wype\u0142niona emocjami. Delikatna muzyka i przemy\u015blane dekoracje podkre\u015bla\u0142y wyj\u0105tkowy charakter po\u017cegnania. Po ceremonii urna z prochami zosta\u0142a z\u0142o\u017cona do grobu na cmentarzu Pow\u0105zki Wojskowe.<\/p>\n<p><img decoding=\"async\" class=\"Image_image__0tuHp Image_autoHeight__f2n87 \" height=\"529\" width=\"940\" src=\"https:\/\/www.europesays.com\/pl\/wp-content\/uploads\/2025\/11\/38lk9kpTURBXy8yYjhkNjYxNTU4MDM2MjIyNTEyYzA0MzQ1Y2ZjZjEyMi5wbmeTlQMAAM0GaM0DnJUCzQOsAMLDlQIAzQJLwsPeA.jpeg\" alt=\"Agnieszka Maci\u0105g \" loading=\"lazy\" \/>Pawe\u0142 Wrzecion \/ MW Media<\/p>\n<p>Agnieszka Maci\u0105g <\/p>\n<p class=\"Paragraph_desktopParagraph__U31Gm\">Dzi\u0119kujemy, \u017ce przeczyta\u0142a\u015b\/e\u015b nasz artyku\u0142 do ko\u0144ca. W serwisie Plejada.pl ka\u017cdego dnia piszemy o najwa\u017cniejszych wydarzeniach show-biznesowych. B\u0105d\u017a na bie\u017c\u0105co! <a rel=\"nofollow noopener\" href=\"https:\/\/news.google.com\/publications\/CAAiEF0PeAlb7W1llpV_mwV2rL4qFAgKIhBdD3gJW-1tZZaVf5sFdqy-?hl=pl&amp;gl=PL&amp;ceid=PL%3Apl\" id=\"09b0c12b-ce2b-4bb5-88d1-25f6e030f506\" target=\"_blank\">Obserwuj<\/a> Plejad\u0119 w Wiadomo\u015bciach Google. Odwied\u017a nas tak\u017ce na <a rel=\"nofollow noopener\" href=\"https:\/\/www.facebook.com\/plejadapl\" id=\"fabf272f-2954-4e80-a265-e697084b7898\" target=\"_blank\">Facebooku<\/a>, <a rel=\"nofollow noopener\" href=\"https:\/\/www.instagram.com\/plejadapl\/\" id=\"35c09294-88f9-49d0-aca8-6bbe05dbba6b\" target=\"_blank\">Instagramie<\/a>, <a rel=\"nofollow noopener\" href=\"https:\/\/www.youtube.com\/c\/plejada\" id=\"4bd46080-e236-46d3-b2b7-430c92008cd6\" target=\"_blank\">YouTubie<\/a> oraz <a rel=\"nofollow noopener\" href=\"https:\/\/www.tiktok.com\/@plejada_pl\" id=\"e66bab4f-a41f-433a-a7b2-7d6200603125\" target=\"_blank\">TikToku<\/a>.<\/p>\n<p class=\"Paragraph_desktopParagraph__U31Gm\">Chcesz podzieli\u0107 si\u0119 ciekawym newsem lub zaproponowa\u0107 temat? Skontaktuj si\u0119 z nami, pisz\u0105c maila na adres: plejada@redakcjaonet.pl.<\/p>\n<p><script async src=\"\/\/www.instagram.com\/embed.js\"><\/script><script async src=\"\/\/www.tiktok.com\/embed.js\"><\/script><\/p>\n","protected":false},"excerpt":{"rendered":"Po\u017cegnanie Agnieszki Maci\u0105g odby\u0142o si\u0119 w sali \u017ca\u0142obnej, kt\u00f3ra zosta\u0142a starannie udekorowana, by odda\u0107 ducha zmar\u0142ej. Jasne tkaniny,&hellip;\n","protected":false},"author":2,"featured_media":155068,"comment_status":"","ping_status":"","sticky":false,"template":"","format":"standard","meta":{"footnotes":""},"categories":[22],"tags":[26052,122,67,53,52,68,51,55,42,393,38,40,39,41,123,47,511,196,1607,65,50],"class_list":{"0":"post-155067","1":"post","2":"type-post","3":"status-publish","4":"format-standard","5":"has-post-thumbnail","7":"category-rozrywka","8":"tag-agnieszka_maciag_b_modelka","9":"tag-entertainment","10":"tag-intextvideo_splayer","11":"tag-new_header","12":"tag-onet3","13":"tag-onet3d","14":"tag-onet3d_2i","15":"tag-phx","16":"tag-pl","17":"tag-pogrzeb","18":"tag-poland","19":"tag-polish","20":"tag-polska","21":"tag-polski","22":"tag-rozrywka","23":"tag-screening_general","24":"tag-smierc","25":"tag-styl_zycia","26":"tag-time_limited","27":"tag-update_me","28":"tag-v2021"},"share_on_mastodon":{"url":"https:\/\/pubeurope.com\/@pl\/115732116159304934","error":""},"_links":{"self":[{"href":"https:\/\/www.europesays.com\/pl\/wp-json\/wp\/v2\/posts\/155067","targetHints":{"allow":["GET"]}}],"collection":[{"href":"https:\/\/www.europesays.com\/pl\/wp-json\/wp\/v2\/posts"}],"about":[{"href":"https:\/\/www.europesays.com\/pl\/wp-json\/wp\/v2\/types\/post"}],"author":[{"embeddable":true,"href":"https:\/\/www.europesays.com\/pl\/wp-json\/wp\/v2\/users\/2"}],"replies":[{"embeddable":true,"href":"https:\/\/www.europesays.com\/pl\/wp-json\/wp\/v2\/comments?post=155067"}],"version-history":[{"count":0,"href":"https:\/\/www.europesays.com\/pl\/wp-json\/wp\/v2\/posts\/155067\/revisions"}],"wp:featuredmedia":[{"embeddable":true,"href":"https:\/\/www.europesays.com\/pl\/wp-json\/wp\/v2\/media\/155068"}],"wp:attachment":[{"href":"https:\/\/www.europesays.com\/pl\/wp-json\/wp\/v2\/media?parent=155067"}],"wp:term":[{"taxonomy":"category","embeddable":true,"href":"https:\/\/www.europesays.com\/pl\/wp-json\/wp\/v2\/categories?post=155067"},{"taxonomy":"post_tag","embeddable":true,"href":"https:\/\/www.europesays.com\/pl\/wp-json\/wp\/v2\/tags?post=155067"}],"curies":[{"name":"wp","href":"https:\/\/api.w.org\/{rel}","templated":true}]}}