{"id":155098,"date":"2025-12-17T01:17:16","date_gmt":"2025-12-17T01:17:16","guid":{"rendered":"https:\/\/www.europesays.com\/pl\/155098\/"},"modified":"2025-12-17T01:17:16","modified_gmt":"2025-12-17T01:17:16","slug":"gwarancje-bezpieczenstwa-dla-ukrainy-donald-tusk-zabral-glos","status":"publish","type":"post","link":"https:\/\/www.europesays.com\/pl\/155098\/","title":{"rendered":"Gwarancje bezpiecze\u0144stwa dla Ukrainy. Donald Tusk zabra\u0142 g\u0142os"},"content":{"rendered":"\n<p class=\"article_p\" data-section=\"detail-body\">Czytaj te\u017c: <a href=\"https:\/\/businessinsider.com.pl\/firmy\/flagowa-inwestycja-pis-zgloszona-do-prokuratury-pochlonela-miliardy\/q4gm6zt\" id=\"06696965-281e-4533-9d50-7ab9750de2fe\" rel=\"nofollow noopener\" target=\"_blank\">Flagowa inwestycja PiS zg\u0142oszona do prokuratury. Poch\u0142on\u0119\u0142a miliardy<\/a><\/p>\n<p class=\"article_p\" data-section=\"detail-body\">Dalsza cz\u0119\u015b\u0107 tekstu pod materia\u0142em wideo<\/p>\n<p>        Wsp\u00f3lny front USA, Europy i Ukrainy<\/p>\n<p class=\"article_p\" data-section=\"detail-body\"><a href=\"https:\/\/businessinsider.com.pl\/polityka\/sondaz-donald-tusk-czy-radoslaw-sikorski-wiadomo-kto-bylby-lepszym-premierem\/qv1wkd8\" id=\"fd04865a-4231-477d-9dba-11b055cef8d1\" rel=\"nofollow noopener\" target=\"_blank\">Donald Tusk nie kry\u0142, \u017ce berli\u0144ski szczyt odebra\u0142 jako sygna\u0142 d\u0142ugo oczekiwanej jedno\u015bci<\/a>. \u2014 To fakt, \u017ce chyba po raz pierwszy tak wyra\u017anie by\u0142o wida\u0107, \u017ce i Amerykanie, i Europejczycy, i Ukraina s\u0105 po jednej stronie \u2014 powiedzia\u0142 Tusk podczas briefingu po zako\u0144czeniu szczytu.<\/p>\n<p>            Czytaj tak\u017ce w BUSINESS INSIDER<\/p>\n<p class=\"article_p\" data-section=\"detail-body\">Jak zaznaczy\u0142, tylko sp\u00f3jne dzia\u0142anie ca\u0142ego Zachodu mo\u017ce sk\u0142oni\u0107 Rosj\u0119 do powa\u017cnego potraktowania rozm\u00f3w o zako\u0144czeniu wojny lub cho\u0107by o zawieszeniu broni. Premier podkre\u015bli\u0142, \u017ce kluczowe jest niedopuszczenie do sytuacji, w kt\u00f3rej Kreml pr\u00f3bowa\u0142by rozgrywa\u0107 r\u00f3\u017cnice mi\u0119dzy Waszyngtonem, europejskimi stolicami i Kijowem.<\/p>\n<p class=\"article_p\" data-section=\"detail-body\">Szef rz\u0105du zwr\u00f3ci\u0142 uwag\u0119, \u017ce dotychczasowe wysi\u0142ki europejskich przyw\u00f3dc\u00f3w zaczynaj\u0105 przynosi\u0107 efekty, cho\u0107 \u2014 jak zaznaczy\u0142 \u2014 to dopiero etap wst\u0119pny. Sama gotowo\u015b\u0107 do rozm\u00f3w nie oznacza jeszcze ich powodzenia, a droga do trwa\u0142ego pokoju pozostaje d\u0142uga i skomplikowana.<\/p>\n<p class=\"article_p\" data-section=\"detail-body\">Czytaj te\u017c: <a href=\"https:\/\/businessinsider.com.pl\/gospodarka\/ulga-dla-oszukanych-w-czystym-powietrzu-rzad-zapowiada-zmiany\/4ct9sf9\" id=\"17b89c14-f993-4298-bc0f-6647be2805cd\" rel=\"nofollow noopener\" target=\"_blank\">Ulga dla oszukanych w Czystym powietrzu? Rz\u0105d zapowiada zmiany<\/a><\/p>\n<p>        Gwarancje bezpiecze\u0144stwa i rola Polski<\/p>\n<p class=\"article_p\" data-section=\"detail-body\">Jednym z najwa\u017cniejszych temat\u00f3w rozm\u00f3w by\u0142y gwarancje bezpiecze\u0144stwa dla Ukrainy. Z ustale\u0144 wynika, \u017ce rozwa\u017cana jest wojskowa misja pa\u0144stw europejskich, wspierana przez Stany Zjednoczone, kt\u00f3ra mog\u0142aby dzia\u0142a\u0107 tak\u017ce na terytorium Ukrainy. Tusk podkre\u015bli\u0142, \u017ce szczeg\u00f3lnie istotna jest jednoznaczna deklaracja strony ameryka\u0144skiej o gotowo\u015bci udzia\u0142u w takim systemie gwarancji, co ma odstrasza\u0107 Rosj\u0119 przed kolejn\u0105 agresj\u0105.<\/p>\n<p>                    <img decoding=\"async\" loading=\"lazy\" class=\"article-image_container--img\" id=\"image_033a4703-9221-461d-8e17-7b3dca890b41\" alt=\"Wo\u0142odymyr Ze\u0142enski w Londynie na spotkaniu z liderami UE\" src=\"https:\/\/www.europesays.com\/pl\/wp-content\/uploads\/2025\/12\/0Thk9kpTURBXy8xYzYwNTNlNWZlZmJmNzZhODRjYjE1MzYzODY3ZjNjNy5qcGeRkwLNA5gA3gACoTABoTEB.jpeg\"\/><\/p>\n<p>            Wo\u0142odymyr Ze\u0142enski w Londynie na spotkaniu z liderami UE<\/p>\n<p>                    |<br \/>\n                    Getty Images<\/p>\n<p class=\"article_p\" data-section=\"detail-body\">Tusk by\u0142 pytany przez dziennikarzy, czy gwarancje dla Ukrainy s\u0105 na wz\u00f3r artyku\u0142u 5 NATO, m\u00f3wi\u0105cego o wzajemnej obronie. \u2014 To by\u0142oby za du\u017co powiedziane, za mocno powiedziane. Ale po raz pierwszy us\u0142ysza\u0142em z ust ameryka\u0144skich negocjator\u00f3w, tutaj pan (Steve) Witkoff by\u0142 bardzo jednoznaczny, \u017ce Ameryka zaanga\u017cuje si\u0119 w gwarancje bezpiecze\u0144stwa dla Ukrainy w taki spos\u00f3b, \u017ceby Rosjanie nie mieli w\u0105tpliwo\u015bci, \u017ce odpowied\u017a ameryka\u0144ska b\u0119dzie militarna, gdyby Rosjanie ponownie zaatakowali Ukrain\u0119. Wi\u0119c w jakim\u015b sensie przypomina to artyku\u0142 5, ale nie nawi\u0105zywa\u0142bym wprost do artyku\u0142u 5, bo to mo\u017ce tylko utrudni\u0107 dalsze rozmowy, ale ju\u017c ta deklaracja, kt\u00f3r\u0105 dzisiaj us\u0142yszeli\u015bmy, ona by\u0142a naprawd\u0119 daleko id\u0105ca \u2014 odpowiedzia\u0142 premier.<\/p>\n<p class=\"article_p\" data-section=\"detail-body\">Premier zaznaczy\u0142 jednocze\u015bnie, \u017ce ewentualne decyzje dotycz\u0105ce ust\u0119pstw terytorialnych nale\u017c\u0105 wy\u0142\u0105cznie do Ukrainy. Polska \u2014 jak podkre\u015bli\u0142 \u2014 nie zamierza wywiera\u0107 w tej sprawie \u017cadnej presji, ograniczaj\u0105c si\u0119 do wsparcia Kijowa w negocjacjach tak, by nie dosz\u0142o do sytuacji, kt\u00f3r\u0105 mo\u017cna by uzna\u0107 za rosyjski triumf.<\/p>\n<p class=\"article_p\" data-section=\"detail-body\">W kontek\u015bcie obecno\u015bci mi\u0119dzynarodowych si\u0142 wojskowych w Ukrainie Tusk ponownie podkre\u015bli\u0142, \u017ce Polska b\u0119dzie koncentrowa\u0107 si\u0119 na zabezpieczeniu wschodniej flanki NATO. Nasz kraj ma odgrywa\u0107 kluczow\u0105 rol\u0119 logistyczn\u0105 \u2014 jako hub transportowy i zaplecze dla odbudowy Ukrainy \u2014 jednak decyzje o ewentualnym wysy\u0142aniu \u017co\u0142nierzy pozostaj\u0105 wy\u0142\u0105czn\u0105 kompetencj\u0105 Warszawy.<\/p>\n<p>        Zamro\u017cone aktywa i perspektywy rozm\u00f3w pokojowych<\/p>\n<p class=\"article_p\" data-section=\"detail-body\">W trakcie szczytu poruszono tak\u017ce temat zamro\u017conych rosyjskich aktyw\u00f3w. Jak przyzna\u0142 premier, do porozumienia w sprawie ich wykorzystania na odbudow\u0119 Ukrainy jest bardzo daleko. Obecnie mo\u017cliwe jest jedynie ich trwa\u0142e zamro\u017cenie, a ewentualne u\u017cycie \u015brodk\u00f3w \u2014 nawet po\u015brednie, na przyk\u0142ad jako zabezpieczenia kredyt\u00f3w \u2014 pozostaje kwesti\u0105 przysz\u0142o\u015bci. Tusk zaznaczy\u0142, \u017ce w tej sprawie stanowiska europejskie i ameryka\u0144skie wyra\u017anie si\u0119 r\u00f3\u017cni\u0105.<\/p>\n<p class=\"article_p\" data-section=\"detail-body\">Szef rz\u0105du nie pozostawi\u0142 te\u017c z\u0142udze\u0144 co do szybkiego zawieszenia broni. Jego zdaniem Rosja nie jest obecnie realnie zainteresowana pokojem, dlatego konieczne jest dalsze zwi\u0119kszanie presji i demonstracja jedno\u015bci Zachodu. \u2014 Dopiero wtedy rozmowy mog\u0105 nabra\u0107 konkretnego charakteru \u2014 oceni\u0142, dodaj\u0105c, \u017ce perspektywa przerwania walk przed \u015bwi\u0119tami Bo\u017cego Narodzenia wydaje si\u0119 ma\u0142o prawdopodobna.<\/p>\n","protected":false},"excerpt":{"rendered":"Czytaj te\u017c: Flagowa inwestycja PiS zg\u0142oszona do prokuratury. Poch\u0142on\u0119\u0142a miliardy Dalsza cz\u0119\u015b\u0107 tekstu pod materia\u0142em wideo Wsp\u00f3lny front&hellip;\n","protected":false},"author":2,"featured_media":155099,"comment_status":"","ping_status":"","sticky":false,"template":"","format":"standard","meta":{"footnotes":""},"categories":[5],"tags":[32,33,36,37,27,34,35,28,31,25,42,38,40,39,41,29,30,26],"class_list":{"0":"post-155098","1":"post","2":"type-post","3":"status-publish","4":"format-standard","5":"has-post-thumbnail","7":"category-naglowki","8":"tag-breaking-news","9":"tag-breakingnews","10":"tag-featured-news","11":"tag-featurednews","12":"tag-headlines","13":"tag-latest-news","14":"tag-latestnews","15":"tag-naglowki","16":"tag-najwazniejsze-artykuly","17":"tag-news","18":"tag-pl","19":"tag-poland","20":"tag-polish","21":"tag-polska","22":"tag-polski","23":"tag-top-stories","24":"tag-topstories","25":"tag-wiadomosci"},"share_on_mastodon":{"url":"https:\/\/pubeurope.com\/@pl\/115732273520855978","error":""},"_links":{"self":[{"href":"https:\/\/www.europesays.com\/pl\/wp-json\/wp\/v2\/posts\/155098","targetHints":{"allow":["GET"]}}],"collection":[{"href":"https:\/\/www.europesays.com\/pl\/wp-json\/wp\/v2\/posts"}],"about":[{"href":"https:\/\/www.europesays.com\/pl\/wp-json\/wp\/v2\/types\/post"}],"author":[{"embeddable":true,"href":"https:\/\/www.europesays.com\/pl\/wp-json\/wp\/v2\/users\/2"}],"replies":[{"embeddable":true,"href":"https:\/\/www.europesays.com\/pl\/wp-json\/wp\/v2\/comments?post=155098"}],"version-history":[{"count":0,"href":"https:\/\/www.europesays.com\/pl\/wp-json\/wp\/v2\/posts\/155098\/revisions"}],"wp:featuredmedia":[{"embeddable":true,"href":"https:\/\/www.europesays.com\/pl\/wp-json\/wp\/v2\/media\/155099"}],"wp:attachment":[{"href":"https:\/\/www.europesays.com\/pl\/wp-json\/wp\/v2\/media?parent=155098"}],"wp:term":[{"taxonomy":"category","embeddable":true,"href":"https:\/\/www.europesays.com\/pl\/wp-json\/wp\/v2\/categories?post=155098"},{"taxonomy":"post_tag","embeddable":true,"href":"https:\/\/www.europesays.com\/pl\/wp-json\/wp\/v2\/tags?post=155098"}],"curies":[{"name":"wp","href":"https:\/\/api.w.org\/{rel}","templated":true}]}}